{"id":11700,"date":"2022-06-20T01:11:53","date_gmt":"2022-06-19T23:11:53","guid":{"rendered":"http:\/\/www.infokuryr.cz\/n\/?p=11700"},"modified":"2022-06-19T19:11:13","modified_gmt":"2022-06-19T17:11:13","slug":"nemecky-stat-ma-prednostne-zamestnavat-imigranty-a-ma-to-byt-narizeno-i-soukromym-firmam","status":"publish","type":"post","link":"https:\/\/www.infokuryr.cz\/n\/2022\/06\/20\/nemecky-stat-ma-prednostne-zamestnavat-imigranty-a-ma-to-byt-narizeno-i-soukromym-firmam\/","title":{"rendered":"N\u011bmeck\u00fd st\u00e1t m\u00e1 p\u0159ednostn\u011b zam\u011bstn\u00e1vat imigranty a m\u00e1 to b\u00fdt na\u0159\u00edzeno i soukrom\u00fdm firm\u00e1m"},"content":{"rendered":"<div id=\"fb-root\"><\/div>\n<p><strong>N\u011bmeck\u00fd \u00fa\u0159ad pro antidiskriminaci povede aktivistka Ferda Atamanov\u00e1, zn\u00e1m\u00e1 t\u00edm, \u017ee p\u016fvodn\u00ed n\u011bmeck\u00e9 ob\u010dany naz\u00fdv\u00e1 &#8222;brambory&#8220;. Tato dcera tureck\u00fdch p\u0159ist\u011bhovalc\u016f usiluje ji\u017e po l\u00e9ta o zaveden\u00ed kv\u00f3t na migranty ve st\u00e1tn\u00ed\u00a0 spr\u00e1v\u011b, nebo ve veden\u00ed soukrom\u00fdch firem. Podle jej\u00edch n\u00e1vrh\u016f by na tato m\u00edsta m\u011bli b\u00fdt p\u0159ednostn\u011b p\u0159ij\u00edm\u00e1ni migranti, a to tak dlouho, dokud by se nevyrovnal v dan\u00e9 oblasti odpov\u00eddaj\u00edc\u00ed procentn\u00ed pod\u00edl migranti : domorodci.<\/strong><\/p>\n<p>Podobn\u00fd n\u00e1vrh se ji\u017e pokusila prosadit v roce 2021 berl\u00ednsk\u00e1 sen\u00e1torka pro integraci (kv\u00f3ta 35 % pro st\u00e1tn\u00ed spr\u00e1vu), zat\u00edm bez \u00fasp\u011bchu. S kv\u00f3tami je to toti\u017e pon\u011bkud zapeklit\u00e9. Jak vy\u0159e\u0161it situaci, kdy o jedno m\u00edsto budou usilovat dva stejn\u011b kvalifikovan\u00ed lid\u00e9: kv\u00f3tou podpo\u0159en\u00e1 \u017eena ze z\u00e1mo\u017en\u00e9 rasov\u011b \u010dist\u011b n\u011bmeck\u00e9 rodiny a mu\u017e, kv\u00f3tou podpo\u0159en\u00fd, neb syn libanonsk\u00e9ho \u0159idi\u010de?<\/p>\n<p>Atamanov\u00e1 po\u017eaduje 26 % kv\u00f3ty pro migranty na \u017e\u00e1dan\u00e1 m\u00edsta ve st\u00e1tn\u00ed spr\u00e1v\u011b a ve veden\u00ed firem, je to ale teprve prvn\u00ed krok, proto\u017ee hodl\u00e1 dodate\u010dn\u00fdmi kv\u00f3tami podpo\u0159it zat\u00edm opom\u00edjen\u00e9 osoby africk\u00e9ho p\u016fvodu. &#8211; A moc se tomu nesm\u011bjme. Za tot\u00e1\u010de existovaly kv\u00f3ty na Slov\u00e1ky v pra\u017esk\u00fdch st\u00e1tn\u00edch a politick\u00fdch funkc\u00edch.<\/p>\n<p>Helena Mollotov\u00e1<\/p>\n<p>Zdroj:\u00a0<a href=\"https:\/\/www.welt.de\/politik\/deutschland\/plus239391385\/Ferda-Ataman-Die-Migrantenquote-soll-nur-der-Anfang-sein.html\">Welt.de<\/a><\/p>\n<p>&nbsp;<\/p>\n","protected":false},"excerpt":{"rendered":"<p>N\u011bmeck\u00fd \u00fa\u0159ad pro antidiskriminaci povede aktivistka Ferda Atamanov\u00e1, zn\u00e1m\u00e1 t\u00edm, \u017ee p\u016fvodn\u00ed n\u011bmeck\u00e9 ob\u010dany naz\u00fdv\u00e1&#8230;<\/p>\n","protected":false},"author":2,"featured_media":5594,"comment_status":"closed","ping_status":"closed","sticky":false,"template":"","format":"standard","meta":[],"categories":[7],"tags":[119,84,601,2624],"_links":{"self":[{"href":"https:\/\/www.infokuryr.cz\/n\/wp-json\/wp\/v2\/posts\/11700"}],"collection":[{"href":"https:\/\/www.infokuryr.cz\/n\/wp-json\/wp\/v2\/posts"}],"about":[{"href":"https:\/\/www.infokuryr.cz\/n\/wp-json\/wp\/v2\/types\/post"}],"author":[{"embeddable":true,"href":"https:\/\/www.infokuryr.cz\/n\/wp-json\/wp\/v2\/users\/2"}],"replies":[{"embeddable":true,"href":"https:\/\/www.infokuryr.cz\/n\/wp-json\/wp\/v2\/comments?post=11700"}],"version-history":[{"count":0,"href":"https:\/\/www.infokuryr.cz\/n\/wp-json\/wp\/v2\/posts\/11700\/revisions"}],"wp:featuredmedia":[{"embeddable":true,"href":"https:\/\/www.infokuryr.cz\/n\/wp-json\/wp\/v2\/media\/5594"}],"wp:attachment":[{"href":"https:\/\/www.infokuryr.cz\/n\/wp-json\/wp\/v2\/media?parent=11700"}],"wp:term":[{"taxonomy":"category","embeddable":true,"href":"https:\/\/www.infokuryr.cz\/n\/wp-json\/wp\/v2\/categories?post=11700"},{"taxonomy":"post_tag","embeddable":true,"href":"https:\/\/www.infokuryr.cz\/n\/wp-json\/wp\/v2\/tags?post=11700"}],"curies":[{"name":"wp","href":"https:\/\/api.w.org\/{rel}","templated":true}]}}