{"id":11698,"date":"2022-06-20T01:10:05","date_gmt":"2022-06-19T23:10:05","guid":{"rendered":"http:\/\/www.infokuryr.cz\/n\/?p=11698"},"modified":"2022-06-19T19:04:17","modified_gmt":"2022-06-19T17:04:17","slug":"vysoce-presne-rakety-kalibr-ministerstvo-obrany-ruske-federace-oznamilo-zniceni-50-generalu-a-dustojniku-ozbrojenych-sil-ukrajiny","status":"publish","type":"post","link":"https:\/\/www.infokuryr.cz\/n\/2022\/06\/20\/vysoce-presne-rakety-kalibr-ministerstvo-obrany-ruske-federace-oznamilo-zniceni-50-generalu-a-dustojniku-ozbrojenych-sil-ukrajiny\/","title":{"rendered":"Vysoce p\u0159esn\u00e9 rakety \u201eKalibr\u201c: Ministerstvo obrany Rusk\u00e9 federace ozn\u00e1milo zni\u010den\u00ed 50 gener\u00e1l\u016f a d\u016fstojn\u00edk\u016f ozbrojen\u00fdch sil Ukrajiny"},"content":{"rendered":"<div id=\"fb-root\"><\/div>\n<div class=\"article__summary article__summary_article-page js-mediator-article\"><strong>Rusk\u00e9 ozbrojen\u00e9 s\u00edly zas\u00e1hly na velitelsk\u00e9m stanovi\u0161ti ukrajinsk\u00fdch jednotek v Dn\u011bpropetrovsk\u00e9 oblasti, kde se konala pracovn\u00ed porada velitelsk\u00e9ho \u0161t\u00e1bu opera\u010dn\u011b-strategick\u00e9 skupiny vojsk Alexandrie.\u00a0Uvedlo to ministerstvo obrany Rusk\u00e9 federace.\u00a0Ministerstvo poznamenalo, \u017ee v d\u016fsledku p\u0159esn\u00e9ho raketov\u00e9ho \u00fatoku bylo zabito v\u00edce ne\u017e 50 gener\u00e1l\u016f a d\u016fstojn\u00edk\u016f ozbrojen\u00fdch sil Ukrajiny. Rusk\u00e9 s\u00edly protivzdu\u0161n\u00e9 obrany tak\u00e9 sest\u0159elily ukrajinsk\u00fd letoun Su-25 a osm UAV.<\/strong><\/div>\n<div class=\"article__text article__text_article-page js-mediator-article\">\n<p><span>Rusk\u00e9 ozbrojen\u00e9 s\u00edly zah\u00e1jily b\u011bhem speci\u00e1ln\u00ed operace \u00fader vysoce p\u0159esn\u00fdmi n\u00e1mo\u0159n\u00edmi raketami Kalibr dlouh\u00e9ho doletu na velitelsk\u00e9 stanovi\u0161t\u011b ukrajinsk\u00fdch jednotek v Dn\u011bpropetrovsk\u00e9 oblasti &#8211; v t\u00e9 dob\u011b pracovn\u00ed porada velitelsk\u00e9ho \u0161t\u00e1bu. Byla zde dr\u017eena alexandrijsk\u00e1 opera\u010dn\u011b-strategick\u00e1 skupina vojsk. Uvedl to ofici\u00e1ln\u00ed z\u00e1stupce rusk\u00e9ho ministerstva obrany gener\u00e1lporu\u010d\u00edk Igor Kona\u0161enkov.<\/span><\/p>\n<p><span>V d\u016fsledku \u00faderu bylo zni\u010deno v\u00edce ne\u017e 50 gener\u00e1l\u016f a d\u016fstojn\u00edk\u016f ozbrojen\u00fdch sil Ukrajiny, v\u010detn\u011b gener\u00e1ln\u00edho \u0161t\u00e1bu, velen\u00ed skupiny vojsk Kachovka, leteck\u00fdch \u00fato\u010dn\u00fdch jednotek a formac\u00ed p\u016fsob\u00edc\u00edch ve sm\u011bru Nikolajev a Z\u00e1poro\u017e\u00ed.<\/span><\/p>\n<p><span>Krom\u011b toho \u00fader Kalibry na \u00fazem\u00ed z\u00e1vodu na v\u00fdrobu transform\u00e1tor\u016f ve m\u011bst\u011b Nikolaev zni\u010dil deset 155mm houfnic M777 a a\u017e 20 bojov\u00fdch obrn\u011bn\u00fdch vozidel, kter\u00e9 do Kyjeva dodal Z\u00e1pad.<\/span><\/p>\n<p><strong><em>\u201eVysoce p\u0159esn\u00e9 rakety odpalovan\u00e9 vzduchem zas\u00e1hly e\u0161alon s person\u00e1lem, zbran\u011bmi a vojensk\u00fdm vybaven\u00edm 1. praporu 14. samostatn\u00e9 mechanizovan\u00e9 brig\u00e1dy, kter\u00fd dorazil z m\u011bsta Vladimir-Volynskyj do bojov\u00e9 z\u00f3ny na Donbasu.\u00a0V d\u016fsledku st\u00e1vky na m\u00edst\u011b vykl\u00e1dky vlak\u016f pobl\u00ed\u017e \u017eelezni\u010dn\u00ed stanice Gubinikha v Dn\u011bpropetrovsk\u00e9 oblasti bylo zni\u010deno v\u00edce ne\u017e 100 voj\u00e1k\u016f ozbrojen\u00fdch sil Ukrajiny, 30 tank\u016f a bojov\u00fdch obrn\u011bn\u00fdch vozidel,\u201c uvedlo ministerstvo obrany.<\/em><\/strong><\/p>\n<p><span>Rusk\u00e9 ozbrojen\u00e9 s\u00edly nav\u00edc u\u0161t\u011bd\u0159ily por\u00e1\u017eku \u017eiv\u00e9 s\u00edle a vojensk\u00e9mu vybaven\u00ed 56. motorizovan\u00e9 p\u011b\u0161\u00ed brig\u00e1dy ozbrojen\u00fdch sil Ukrajiny u obce Selidovo v DLR.\u00a0Ru\u0161t\u00ed voj\u00e1ci zni\u010dili a\u017e 200 ozbrojenc\u016f, v\u010detn\u011b zahrani\u010dn\u00edch \u017eold\u00e1k\u016f, kte\u0159\u00ed byli sou\u010d\u00e1st\u00ed t\u00e9to brig\u00e1dy, a tak\u00e9 dv\u011b bojov\u00e1 vozidla v\u00edcen\u00e1sobn\u00e9ho odpalovac\u00edho raketov\u00e9ho syst\u00e9mu Grad, deset bojov\u00fdch vozidel p\u011bchoty a obrn\u011bn\u00e9 transport\u00e9ry.<\/span><\/p>\n<p><span>\u201eV r\u00e1mci boje s protibateri\u00ed na Don\u011bcku bylo pora\u017eeno sedm \u010det Grad MLRS a d\u011blost\u0159eleck\u00e1 \u010deta v palebn\u00fdch postaven\u00edch,\u201c uvedlo ministerstvo.<\/span><\/p>\n<p><span>Operativn\u011b-taktick\u00e9 a arm\u00e1dn\u00ed letectvo Rusk\u00e9 federace p\u0159itom zni\u010dilo v DLR \u010dty\u0159i sklady raketov\u00fdch a d\u011blost\u0159eleck\u00fdch zbran\u00ed a d\u011blost\u0159eleck\u00e9 munice a tak\u00e9 odpalovac\u00ed za\u0159\u00edzen\u00ed protiletadlov\u00e9ho raketov\u00e9ho syst\u00e9mu Buk-M1 v LPR.\u00a0Raketov\u00e9 jednotky a d\u011blost\u0159electvo zas\u00e1hly 22 velitelsk\u00fdch stanovi\u0161\u0165, 48 d\u011blost\u0159eleck\u00fdch jednotek v palebn\u00fdch postaven\u00edch, \u017eivou s\u00edlu a vojenskou techniku \u200b\u200bOzbrojen\u00fdch sil Ukrajiny ve 123 okresech.<\/span><\/p>\n<p><span>\u201e\u00datokem opera\u010dn\u011b-taktick\u00e9ho raketov\u00e9ho syst\u00e9mu Iskander na \u00fazem\u00ed Charkovsk\u00e9ho tankov\u00e9ho oprav\u00e1rensk\u00e9ho z\u00e1vodu byly zni\u010deny dva odpalovac\u00ed za\u0159\u00edzen\u00ed v\u00edcen\u00e1sobn\u00e9ho raketov\u00e9ho syst\u00e9mu Uragan.\u00a0Ukrajinsk\u00e9 ozbrojen\u00e9 s\u00edly utrp\u011bly zna\u010dn\u00e9 ztr\u00e1ty z boje s protibateri\u00ed, \u201cuvedlo rusk\u00e9 ministerstvo obrany.<\/span><\/p>\n<p><span>Rusk\u00e9 s\u00edly protivzdu\u0161n\u00e9 obrany sest\u0159elily ukrajinsk\u00fd letoun Su-25 a osm UAV za den.\u00a0Krom\u011b toho byly v Lugansk\u00e9 lidov\u00e9 republice zachyceny t\u0159i taktick\u00e9 rakety To\u010dka-U a v Charkovsk\u00e9 a Mykolajivsk\u00e9 oblasti dva gran\u00e1ty v\u00edcen\u00e1sobn\u00e9ho raketov\u00e9ho syst\u00e9mu Uragan.<\/span><\/p>\n<p><span>Rezort dodal, \u017ee jednotky Lidov\u00fdch milic\u00ed LPR za podpory Ozbrojen\u00fdch sil Rusk\u00e9 federace osvobodily osadu Metelkino.<\/span><\/p>\n<p><strong><em>&#8222;N\u011bkter\u00e9 jednotky ozbrojen\u00fdch sil Ukrajiny opou\u0161t\u011bj\u00ed bojov\u00fd prostor kv\u016fli n\u00edzk\u00e9 mor\u00e1lce, nedostatku munice a nedostate\u010dn\u00e9 podpory,&#8220; uvedlo ministerstvo.<\/em><\/strong><\/p>\n<div class=\"article__read-more read-more\">\n<div class=\"read-more__summary\"><span>Rusk\u00e1 arm\u00e1da b\u011bhem dne zas\u00e1hla vysoce p\u0159esn\u00fdmi st\u0159elami 12 palebn\u00fdch postaven\u00ed d\u011blost\u0159eleck\u00fdch a minometn\u00fdch jednotek Ozbrojen\u00fdch sil Ukrajiny.\u00a0<\/span><\/div>\n<\/div>\n<p><span>Ministerstvo obrany tak\u00e9 informovalo, \u017ee ru\u0161t\u00ed vojen\u0161t\u00ed l\u00e9ka\u0159i poskytuj\u00ed pomoc obyvatel\u016fm LPR.<\/span><\/p>\n<p><span>\u201ePoln\u00ed nemocnice 35. zdravotnick\u00e9ho od\u0159adu pln\u00ed \u00fakoly od prvn\u00edho dne speci\u00e1ln\u00ed operace Ozbrojen\u00fdch sil Rusk\u00e9 federace a je proto vybavena v\u0161\u00edm pot\u0159ebn\u00fdm k poskytov\u00e1n\u00ed chirurgick\u00e9 p\u00e9\u010de, a to jak kvalifikovan\u011b, tak s prvky specializovan\u00e9ho,\u201c \u0159ekl p\u0159ednosta chirurgick\u00e9ho odd\u011blen\u00ed Alexander Shadyr.<\/span><\/p>\n<p><span>Person\u00e1l m\u00e1 podle n\u011bj operuj\u00edc\u00ed chirurgy, traumatology, neurochirurgy a o\u010dn\u00edho l\u00e9ka\u0159e, l\u00e9ka\u0159i maj\u00ed ve\u0161ker\u00e9 pot\u0159ebn\u00e9 vybaven\u00ed.<\/span><\/p>\n<p><span>V p\u0159edve\u010der \u0161\u00e9fa N\u00e1rodn\u00edho centra pro kontrolu obrany Ruska gener\u00e1lplukovn\u00edk Michail Mizintsev \u0159ekl, \u017ee ukrajinsk\u00e1 arm\u00e1da nad\u00e1le umis\u0165uje zbran\u011b na \u00fazem\u00ed vzd\u011bl\u00e1vac\u00edch instituc\u00ed.\u00a0Tak\u017ee podle n\u011bj v Od\u011bse ukrajin\u0161t\u00ed ozbrojenci vybavili pevnost ve \u0161kole \u010d. 113 a na dvo\u0159e um\u00edstili t\u011b\u017ek\u00e9 zbran\u011b a vybaven\u00ed.<\/span><\/p>\n<p><span>V Nikopoli jsou nav\u00edc v jedn\u00e9 ze \u0161kol rozm\u00edst\u011bny jednotky Ozbrojen\u00fdch sil Ukrajiny a v Toretsku nacionalist\u00e9 vybavili kas\u00e1rna a palebn\u00e1 postaven\u00ed na \u00fazem\u00edch elektr\u00e1rny, intern\u00e1tu, stanice pro mlad\u00e9 techniky, pop\u0159. dv\u011b \u0161koly.\u00a0Na \u00fazem\u00ed mate\u0159sk\u00e9 \u0161koly v Kramatorsku byla tak\u00e9 vybavena palebn\u00e1 postaven\u00ed a odst\u0159elovac\u00ed stanovi\u0161t\u011b.<\/span><\/p>\n<p><span>Mizincev nav\u00edc uvedl, \u017ee v Parkhomovce v Charkovsk\u00e9 oblasti byli v budov\u011b Domu kultury ubytov\u00e1ni ukrajin\u0161t\u00ed nacionalist\u00e9 a zahrani\u010dn\u00ed \u017eold\u00e1ci.<\/span><\/p>\n<p><strong><em>&#8222;Na p\u0159ilehl\u00e9m \u00fazem\u00ed jsou obrn\u011bn\u00e1 vozidla, d\u011blost\u0159electvo a MLRS,&#8220; \u0159ekl.<\/em><\/strong><\/p>\n<p><span>Ministerstvo obrany tak\u00e9 dodalo, \u017ee ukrajinsk\u00e9 speci\u00e1ln\u00ed slu\u017eby p\u0159ipravuj\u00ed v Nikolajevu zinscenovan\u00e9 video o soukrom\u00fdch domech \u00fadajn\u011b zni\u010den\u00fdch v d\u016fsledku \u201eost\u0159elov\u00e1n\u00ed rusk\u00fdmi ozbrojen\u00fdmi silami\u201c a o \u201em\u00edstn\u00edch obyvatel\u00edch, kte\u0159\u00ed z\u016fstali bez domova\u201c.\u00a0Podle agentury se inscenovan\u00e9ho nat\u00e1\u010den\u00ed videa \u00fa\u010dastn\u00ed v\u00edce ne\u017e 40 herc\u016f, byla jim vyplacena pen\u011b\u017en\u00ed odm\u011bna.<\/span><\/p>\n<p><span>&#8222;V budoucnu se pl\u00e1nuje distribuce nato\u010den\u00fdch inscenovan\u00fdch materi\u00e1l\u016f v ukrajinsk\u00fdch a z\u00e1padn\u00edch m\u00e9di\u00edch obvi\u0148uj\u00edc\u00edch rusk\u00e9 ozbrojen\u00e9 s\u00edly z nevyb\u00edrav\u00fdch \u00fatok\u016f na civiln\u00ed c\u00edle,&#8220; uvedlo ministerstvo obrany.<\/span><\/p>\n<p><span>P\u0159ipomn\u011bli, \u017ee takov\u00e9 pad\u011blky, \u201evyp\u011bstovan\u00e9 ukrajinskou tov\u00e1rnou na l\u017ei na p\u0159\u00edkaz z\u00e1padn\u00edch kur\u00e1tor\u016f\u201c, neobsahuj\u00ed spolehliv\u00e9 informace.<\/span><\/p>\n<p><span>Mezit\u00edm zpravodaj RT Khaled al-Jabburi uk\u00e1zal z\u00e1b\u011bry z m\u011bsta Stachanov v LPR, na kter\u00e9 pravideln\u011b \u00fato\u010d\u00ed ukrajinsk\u00e9 ozbrojen\u00e9 s\u00edly.\u00a0V d\u016fsledku posledn\u00edho ost\u0159elov\u00e1n\u00ed bylo zabito p\u011bt civilist\u016f.\u00a0<\/span><\/p>\n<div class=\"rtcode\">\n<div class=\"viqeo-slot\" data-video_id=\"57ad27725d1d8b8bfe87\">\n<div><img decoding=\"async\" loading=\"lazy\" class=\"alignnone size-full wp-image-1185\" src=\"http:\/\/www.infokuryr.cz\/n\/wp-content\/uploads\/2021\/04\/kuryr-podpis.png\" alt=\"\" width=\"84\" height=\"24\" \/><\/div>\n<div><\/div>\n<\/div>\n<\/div>\n<\/div>\n","protected":false},"excerpt":{"rendered":"<p>Rusk\u00e9 ozbrojen\u00e9 s\u00edly zas\u00e1hly na velitelsk\u00e9m stanovi\u0161ti ukrajinsk\u00fdch jednotek v Dn\u011bpropetrovsk\u00e9 oblasti, kde se konala&#8230;<\/p>\n","protected":false},"author":2,"featured_media":11699,"comment_status":"closed","ping_status":"closed","sticky":false,"template":"","format":"standard","meta":[],"categories":[7],"tags":[220,2623,2122,22,26],"_links":{"self":[{"href":"https:\/\/www.infokuryr.cz\/n\/wp-json\/wp\/v2\/posts\/11698"}],"collection":[{"href":"https:\/\/www.infokuryr.cz\/n\/wp-json\/wp\/v2\/posts"}],"about":[{"href":"https:\/\/www.infokuryr.cz\/n\/wp-json\/wp\/v2\/types\/post"}],"author":[{"embeddable":true,"href":"https:\/\/www.infokuryr.cz\/n\/wp-json\/wp\/v2\/users\/2"}],"replies":[{"embeddable":true,"href":"https:\/\/www.infokuryr.cz\/n\/wp-json\/wp\/v2\/comments?post=11698"}],"version-history":[{"count":0,"href":"https:\/\/www.infokuryr.cz\/n\/wp-json\/wp\/v2\/posts\/11698\/revisions"}],"wp:featuredmedia":[{"embeddable":true,"href":"https:\/\/www.infokuryr.cz\/n\/wp-json\/wp\/v2\/media\/11699"}],"wp:attachment":[{"href":"https:\/\/www.infokuryr.cz\/n\/wp-json\/wp\/v2\/media?parent=11698"}],"wp:term":[{"taxonomy":"category","embeddable":true,"href":"https:\/\/www.infokuryr.cz\/n\/wp-json\/wp\/v2\/categories?post=11698"},{"taxonomy":"post_tag","embeddable":true,"href":"https:\/\/www.infokuryr.cz\/n\/wp-json\/wp\/v2\/tags?post=11698"}],"curies":[{"name":"wp","href":"https:\/\/api.w.org\/{rel}","templated":true}]}}