{"id":11682,"date":"2022-06-20T01:03:25","date_gmt":"2022-06-19T23:03:25","guid":{"rendered":"http:\/\/www.infokuryr.cz\/n\/?p=11682"},"modified":"2022-06-19T17:49:18","modified_gmt":"2022-06-19T15:49:18","slug":"eva-hrindova-kdo-mava-spravnou-vlajkou-muze-klidne-krast","status":"publish","type":"post","link":"https:\/\/www.infokuryr.cz\/n\/2022\/06\/20\/eva-hrindova-kdo-mava-spravnou-vlajkou-muze-klidne-krast\/","title":{"rendered":"Eva Hrindov\u00e1: Kdo m\u00e1v\u00e1 spr\u00e1vnou vlajkou, m\u016f\u017ee klidn\u011b kr\u00e1st"},"content":{"rendered":"<div id=\"fb-root\"><\/div>\n<div class=\"anotace\">\n<div class=\"field field-name-field-anotace field-type-text-long field-label-hidden\">\n<div class=\"field-items\">\n<div class=\"field-item even\">Tak se na\u0161im libtard\u016fm hrout\u00ed sen o jedin\u00e9 a skv\u011bl\u00e9 politick\u00e9 s\u00edle. Mor\u00e1lka, transparentnost, f\u00e9rovost &#8211; t\u00edm v\u0161\u00edm byl on\u00e1lepkov\u00e1n ka\u017ed\u00fd politik STANu. Sta\u010dilo se oh\u00e1n\u011bt Havlem, tv\u00e1\u0159it se odhodlan\u011b a m\u00edt pochopen\u00ed pro anga\u017eovan\u00e9 celebrity. Spolehliv\u00fd marketing se n\u011bjak zadrhl&#8230; Nutno ale podotknout, \u017ee by tento stroj na preference a pohodln\u00fd \u017eivot u koryt nebyl mo\u017en\u00fd bez v\u00fdrazn\u00e9 podpory m\u00e9di\u00ed.<\/div>\n<\/div>\n<\/div>\n<\/div>\n<div class=\"datum\"><\/div>\n<div id=\"obrazky\">\n<div class=\"field field-name-field-obrazek field-type-image field-label-hidden\">\n<div class=\"field-items\">\n<div class=\"field-item even\"><img decoding=\"async\" loading=\"lazy\" class=\"aligncenter\" src=\"https:\/\/www.evahrindova.cz\/sites\/default\/files\/288744191_810747246997534_2327840770895834278_n.jpg\" alt=\"\" width=\"739\" height=\"558\" \/><\/div>\n<\/div>\n<\/div>\n<\/div>\n<div class=\"cleardiv\"><\/div>\n<div class=\"text\">\n<div class=\"field field-name-body field-type-text-with-summary field-label-hidden\">\n<div class=\"field-items\">\n<div class=\"field-item even\">\n<p>Jo, kdy\u017e je politik ze spr\u00e1vn\u00e9 strany barik\u00e1dy a je\u0161t\u011b k tomu gay, m\u016f\u017ee si dovolit prakticky cokoliv. Co mysl\u00edte, za\u010dne po t\u00e9to af\u00e9\u0159e \u010cesk\u00e1 televize politiky v\u00edc hl\u00eddat? P\u0159estanou mainstreamov\u00e1 m\u00e9dia propagovat politiky podle ksichtu? Vr\u00e1t\u00ed se do pra\u017esk\u00fdch redakc\u00ed rozum?<\/p>\n<p>Abych pravdu \u0159ekla nic takov\u00e9ho neo\u010dek\u00e1v\u00e1m. V\u0161em to vyhovuje, je to pohodln\u00e9 a tak se na tom nic nezm\u011bn\u00ed. \u0160koda jen, \u017ee si vlastn\u00ed pen\u00edze v\u00edc nehl\u00eddaj\u00ed ob\u010dan\u00e9. Jedni to h\u00e1\u017eou do uren t\u011bm, kdo je jim nastrkov\u00e1n a druz\u00ed pro jistotu rad\u011bji k volb\u00e1m nejdou, aby si nezadali se syst\u00e9mem. A v\u00fdsledek? Ten vid\u00edme na pra\u017esk\u00e9m magistr\u00e1tu. Nekontrolovan\u00ed politici se prost\u011b ob\u010das urvou z \u0159et\u011bzu.<\/p>\n<\/div>\n<\/div>\n<\/div>\n<\/div>\n<p><a href=\"https:\/\/www.evahrindova.cz\/kdo-mava-spravnou-vlajkou-muze-klidne-krast\">Eva Hrindov\u00e1<\/a><\/p>\n<p>&nbsp;<\/p>\n","protected":false},"excerpt":{"rendered":"<p>Tak se na\u0161im libtard\u016fm hrout\u00ed sen o jedin\u00e9 a skv\u011bl\u00e9 politick\u00e9 s\u00edle. Mor\u00e1lka, transparentnost, f\u00e9rovost&#8230;<\/p>\n","protected":false},"author":2,"featured_media":5853,"comment_status":"closed","ping_status":"closed","sticky":false,"template":"","format":"standard","meta":[],"categories":[6],"tags":[1042,207,137,122,424],"_links":{"self":[{"href":"https:\/\/www.infokuryr.cz\/n\/wp-json\/wp\/v2\/posts\/11682"}],"collection":[{"href":"https:\/\/www.infokuryr.cz\/n\/wp-json\/wp\/v2\/posts"}],"about":[{"href":"https:\/\/www.infokuryr.cz\/n\/wp-json\/wp\/v2\/types\/post"}],"author":[{"embeddable":true,"href":"https:\/\/www.infokuryr.cz\/n\/wp-json\/wp\/v2\/users\/2"}],"replies":[{"embeddable":true,"href":"https:\/\/www.infokuryr.cz\/n\/wp-json\/wp\/v2\/comments?post=11682"}],"version-history":[{"count":0,"href":"https:\/\/www.infokuryr.cz\/n\/wp-json\/wp\/v2\/posts\/11682\/revisions"}],"wp:featuredmedia":[{"embeddable":true,"href":"https:\/\/www.infokuryr.cz\/n\/wp-json\/wp\/v2\/media\/5853"}],"wp:attachment":[{"href":"https:\/\/www.infokuryr.cz\/n\/wp-json\/wp\/v2\/media?parent=11682"}],"wp:term":[{"taxonomy":"category","embeddable":true,"href":"https:\/\/www.infokuryr.cz\/n\/wp-json\/wp\/v2\/categories?post=11682"},{"taxonomy":"post_tag","embeddable":true,"href":"https:\/\/www.infokuryr.cz\/n\/wp-json\/wp\/v2\/tags?post=11682"}],"curies":[{"name":"wp","href":"https:\/\/api.w.org\/{rel}","templated":true}]}}