{"id":11653,"date":"2022-06-18T05:30:09","date_gmt":"2022-06-18T03:30:09","guid":{"rendered":"http:\/\/www.infokuryr.cz\/n\/?p=11653"},"modified":"2022-06-18T05:30:09","modified_gmt":"2022-06-18T03:30:09","slug":"ozbrojenec-z-gangu-kraken-ktery-mucil-ruske-vojaky-byl-zajat","status":"publish","type":"post","link":"https:\/\/www.infokuryr.cz\/n\/2022\/06\/18\/ozbrojenec-z-gangu-kraken-ktery-mucil-ruske-vojaky-byl-zajat\/","title":{"rendered":"Ozbrojenec z gangu Kraken, kter\u00fd mu\u010dil rusk\u00e9 voj\u00e1ky, byl zajat"},"content":{"rendered":"<div id=\"fb-root\"><\/div>\n<p><strong>Voj\u00e1ci LLR v Charkovsk\u00e9 oblasti zajali bojovn\u00edka ukrajinsk\u00e9ho nacistick\u00e9ho gangu \u201eKraken\u201c, kter\u00fd mu\u010dil rusk\u00e9 voj\u00e1ky.<\/strong><\/p>\n<p>Skupina Kraken je sou\u010d\u00e1st\u00ed Azova a tvo\u0159\u00ed ji p\u0159edev\u0161\u00edm zaryt\u00ed nacist\u00e9 a n\u00e1siln\u00edci a vrazi propu\u0161t\u011bn\u00ed z ukrajinsk\u00fdch v\u011bznic.<\/p>\n<p>Tito zlo\u010dinci, jak \u0159ekl zajat\u00fd militant zam\u011bstnanc\u016fm Ministerstva vnitra LLR,\u00a0<strong><em>\u201ese pod\u00edleli na rabov\u00e1n\u00ed, \u00fanosech m\u00edrumilovn\u00fdch prorusk\u00fdch ob\u010dan\u016f a tak\u00e9 na mu\u010den\u00ed nejen rusk\u00fdch, ale tak\u00e9 ukrajinsk\u00fdch voj\u00e1k\u016f ve sv\u00fdch sklep\u00edch.\u201c<\/em><\/strong><\/p>\n<p><iframe loading=\"lazy\" id=\"telegram-post-rusvesnasu-19942\" src=\"https:\/\/t.me\/rusvesnasu\/19942?embed=1\" width=\"100%\" height=\"\" frameborder=\"0\" scrolling=\"no\" data-mce-fragment=\"1\"><\/iframe><\/p>\n<p><em>Pro Pokec p\u0159elo\u017eila Janinna.<\/em><\/p>\n<p><a href=\"https:\/\/bit.ly\/3bcn6BW\">ZDROJ<\/a><\/p>\n<p>&nbsp;<\/p>\n","protected":false},"excerpt":{"rendered":"<p>Voj\u00e1ci LLR v Charkovsk\u00e9 oblasti zajali bojovn\u00edka ukrajinsk\u00e9ho nacistick\u00e9ho gangu \u201eKraken\u201c, kter\u00fd mu\u010dil rusk\u00e9 voj\u00e1ky&#8230;.<\/p>\n","protected":false},"author":2,"featured_media":10915,"comment_status":"closed","ping_status":"closed","sticky":false,"template":"","format":"standard","meta":[],"categories":[7],"tags":[625,455,321,2229],"_links":{"self":[{"href":"https:\/\/www.infokuryr.cz\/n\/wp-json\/wp\/v2\/posts\/11653"}],"collection":[{"href":"https:\/\/www.infokuryr.cz\/n\/wp-json\/wp\/v2\/posts"}],"about":[{"href":"https:\/\/www.infokuryr.cz\/n\/wp-json\/wp\/v2\/types\/post"}],"author":[{"embeddable":true,"href":"https:\/\/www.infokuryr.cz\/n\/wp-json\/wp\/v2\/users\/2"}],"replies":[{"embeddable":true,"href":"https:\/\/www.infokuryr.cz\/n\/wp-json\/wp\/v2\/comments?post=11653"}],"version-history":[{"count":0,"href":"https:\/\/www.infokuryr.cz\/n\/wp-json\/wp\/v2\/posts\/11653\/revisions"}],"wp:featuredmedia":[{"embeddable":true,"href":"https:\/\/www.infokuryr.cz\/n\/wp-json\/wp\/v2\/media\/10915"}],"wp:attachment":[{"href":"https:\/\/www.infokuryr.cz\/n\/wp-json\/wp\/v2\/media?parent=11653"}],"wp:term":[{"taxonomy":"category","embeddable":true,"href":"https:\/\/www.infokuryr.cz\/n\/wp-json\/wp\/v2\/categories?post=11653"},{"taxonomy":"post_tag","embeddable":true,"href":"https:\/\/www.infokuryr.cz\/n\/wp-json\/wp\/v2\/tags?post=11653"}],"curies":[{"name":"wp","href":"https:\/\/api.w.org\/{rel}","templated":true}]}}