{"id":11652,"date":"2022-06-18T05:27:08","date_gmt":"2022-06-18T03:27:08","guid":{"rendered":"http:\/\/www.infokuryr.cz\/n\/?p=11652"},"modified":"2022-06-18T05:27:08","modified_gmt":"2022-06-18T03:27:08","slug":"ministerstvo-obrany-ruske-federace-eviduje-na-ukrajine-pobyt-kazdeho-zahranicniho-zoldaka-14-cechu-bylo-zabito","status":"publish","type":"post","link":"https:\/\/www.infokuryr.cz\/n\/2022\/06\/18\/ministerstvo-obrany-ruske-federace-eviduje-na-ukrajine-pobyt-kazdeho-zahranicniho-zoldaka-14-cechu-bylo-zabito\/","title":{"rendered":"Ministerstvo obrany Rusk\u00e9 federace eviduje na Ukrajin\u011b pobyt ka\u017ed\u00e9ho zahrani\u010dn\u00edho \u017eold\u00e1ka. 14 \u010cech\u016f bylo zabito"},"content":{"rendered":"<div id=\"fb-root\"><\/div>\n<p><strong>Ministerstvo obrany Rusk\u00e9 federace na Ukrajin\u011b sleduje a zaznamen\u00e1v\u00e1 pobyt ka\u017ed\u00e9ho z\u00e1stupce mezin\u00e1rodn\u00edho srazu \u201ebezhlav\u00fdch jezdc\u016f\u201c.\u00a0<\/strong><\/p>\n<p>Takovou metaforou nazval ofici\u00e1ln\u00ed p\u0159edstavitel ministerstva obrany RF gener\u00e1lporu\u010d\u00edk Igor Kona\u0161enkov zahrani\u010dn\u00edmi \u017eold\u00e1ky, kte\u0159\u00ed p\u0159ich\u00e1zej\u00ed bojovat za stranu kyjevsk\u00e9ho re\u017eimu.<\/p>\n<p>Podle jeho slov jsou nyn\u00ed v datab\u00e1z\u00edch vojensk\u00e9ho resortu zahrnuti nejen \u017eold\u00e1ci p\u0159\u00edmo zapojen\u00ed do bojov\u00fdch akc\u00ed v r\u00e1mci ukrajinsk\u00fdch jednotek, ale tak\u00e9 instrukto\u0159i, kte\u0159\u00ed p\u0159ijeli na v\u00fdcvik, stejn\u011b jako na pomoc p\u0159i provozu a oprav\u00e1ch z\u00e1padn\u00edch zbran\u00ed dod\u00e1van\u00fdch na Ukrajinu.<\/p>\n<p>Celkem se k 17. \u010dervnu 2022 na seznamech ministerstva obrany RF objevuj\u00ed \u017eoldn\u00e9\u0159i a zbrojn\u00ed specialist\u00e9 z 64 zem\u00ed.<\/p>\n<p><em>\u201eOd za\u010d\u00e1tku speci\u00e1ln\u00ed operace dorazilo na Ukrajinu 6 956 lid\u00ed. Z toho 1 956 ji\u017e bylo zabito. 1 779 se vr\u00e1tilo do sv\u00fdch zem\u00ed. 3 221 \u017eold\u00e1k\u016f z\u016fst\u00e1v\u00e1 \u2013 dokud jsou na\u017eivu, je\u0161t\u011b nepadli do zajet\u00ed, nebo nedob\u011bhli na ukrajinskou hranici,\u201c\u00a0<\/em>\u0159ekl gener\u00e1lporu\u010d\u00edk Igor Kona\u0161enkov.<\/p>\n<p>Mezi evropsk\u00fdmi zem\u011bmi je podle rusk\u00fdch arm\u00e1dn\u00edch p\u0159edstavitel\u016f nesporn\u00fdm l\u00eddrem \u2013 co do po\u010dtu p\u0159\u00edchoz\u00edch i mrtv\u00fdch \u017eold\u00e1k\u016f \u2013 Polsko.\u00a0Od za\u010d\u00e1tku vojensk\u00e9 speci\u00e1ln\u00ed operace na Ukrajinu z t\u00e9to zem\u011b dorazilo 1831 lid\u00ed, z toho 378 ji\u017e bylo zlikvidov\u00e1no, dal\u0161\u00edch 272 ode\u0161lo zp\u011bt do vlasti.<\/p>\n<p>Na druh\u00e9m m\u00edst\u011b je Rumunsko.\u00a0Odtud p\u0159ijelo 504 \u017eold\u00e1k\u016f,\u00a0102 z nich zem\u0159elo, 98 se vr\u00e1tilo.<\/p>\n<p>Na t\u0159et\u00edm m\u00edst\u011b je podle Kona\u0161enkova Velk\u00e1 Brit\u00e1nie, odkud byl zaznamen\u00e1n p\u0159\u00edchod 422 \u017eold\u00e1k\u016f.\u00a0101 z nich ji\u017e zem\u0159elo a 95 se rozhodlo vr\u00e1tit.<\/p>\n<p>Co se t\u00fd\u010de americk\u00e9ho kontinentu, tam je l\u00eddrem Kanada.\u00a0P\u0159ijelo odtud 601 \u017eold\u00e1k\u016f, 162 z nich bylo zni\u010deno, 169 uprchlo zp\u011bt.<\/p>\n<p>Na druh\u00e9m m\u00edst\u011b jsou Spojen\u00e9 st\u00e1ty, odkud dorazilo 530 \u017eold\u00e1k\u016f.\u00a0Z toho 214 zem\u0159elo, 227 opustilo \u00fazem\u00ed Ukrajiny.<\/p>\n<p><em>\u201eZ Bl\u00edzk\u00e9ho v\u00fdchodu, Zakavkazska a Asie p\u0159ijelo nejv\u00edce \u017eold\u00e1k\u016f, konkr\u00e9tn\u011b 355, z Gruzie. Z toho 120 ji\u017e bylo zni\u010deno a 90 opustilo Ukrajinu,\u201c<\/em>\u00a0citoval \u00fadaje z\u00e1stupce ministerstva obrany RF.<\/p>\n<p>Nechyb\u00ed ani bojovn\u00edci teroristick\u00fdch skupin z oblast\u00ed syrsk\u00e9ho Trans-Eufratu kontrolovan\u00fdch USA \u2013 bylo jich 200.\u00a0<em>\u201eK dne\u0161n\u00edmu dni jich bylo zni\u010deno 80, 66 opustilo Ukrajinu,\u201c\u00a0<\/em>\u0159ekl Kona\u0161enkov.<\/p>\n<h6><span style=\"font-size: 18pt;\">Zahrani\u010dn\u00ed \u017eold\u00e1ci na Ukrajin\u011b.<\/span><\/h6>\n<p>Zna\u010dn\u00e1 \u010d\u00e1st mrtv\u00fdch, a\u017e 250-300 lid\u00ed z uveden\u00fdch, zem\u0159elo b\u011bhem b\u0159eznov\u00fdch \u00fader\u016f na cvi\u010di\u0161t\u011b Javorovskij. A tak\u00e9 p\u0159i dal\u0161\u00edch \u00fatoc\u00edch na v\u00fdcvikov\u00e9 t\u00e1bory na \u00fazem\u00ed Ukrajiny.<\/p>\n<p>(\u010cesk\u00e1 republika je na 21. m\u00edst\u011b \u2013 p\u0159i\u0161lo 33 \u017eold\u00e1k\u016f, 14 z nich zem\u0159elo a 15 opustilo Ukrajinu)<\/p>\n<div class=\"wp-block-image\">\n<figure class=\"aligncenter size-large\"><img decoding=\"async\" src=\"https:\/\/ic.pics.livejournal.com\/colonelcassad\/19281164\/3234128\/3234128_900.jpg\" alt=\"\" \/><\/figure>\n<\/div>\n<div class=\"wp-block-image\">\n<figure class=\"aligncenter size-large\"><img decoding=\"async\" src=\"https:\/\/ic.pics.livejournal.com\/colonelcassad\/19281164\/3233958\/3233958_900.jpg\" alt=\"\" \/><\/figure>\n<\/div>\n<p><em>Pro Pokec p\u0159elo\u017eila Janinna.<\/em><\/p>\n<p><a href=\"https:\/\/bit.ly\/3y2BRAi\">ZDROJ<\/a><br \/>\n<a href=\"https:\/\/bit.ly\/3n3bzHu\">ZDROJ<\/a><\/p>\n","protected":false},"excerpt":{"rendered":"<p>Ministerstvo obrany Rusk\u00e9 federace na Ukrajin\u011b sleduje a zaznamen\u00e1v\u00e1 pobyt ka\u017ed\u00e9ho z\u00e1stupce mezin\u00e1rodn\u00edho srazu \u201ebezhlav\u00fdch&#8230;<\/p>\n","protected":false},"author":2,"featured_media":9320,"comment_status":"closed","ping_status":"closed","sticky":false,"template":"","format":"standard","meta":[],"categories":[7],"tags":[670,26,2609,1870],"_links":{"self":[{"href":"https:\/\/www.infokuryr.cz\/n\/wp-json\/wp\/v2\/posts\/11652"}],"collection":[{"href":"https:\/\/www.infokuryr.cz\/n\/wp-json\/wp\/v2\/posts"}],"about":[{"href":"https:\/\/www.infokuryr.cz\/n\/wp-json\/wp\/v2\/types\/post"}],"author":[{"embeddable":true,"href":"https:\/\/www.infokuryr.cz\/n\/wp-json\/wp\/v2\/users\/2"}],"replies":[{"embeddable":true,"href":"https:\/\/www.infokuryr.cz\/n\/wp-json\/wp\/v2\/comments?post=11652"}],"version-history":[{"count":0,"href":"https:\/\/www.infokuryr.cz\/n\/wp-json\/wp\/v2\/posts\/11652\/revisions"}],"wp:featuredmedia":[{"embeddable":true,"href":"https:\/\/www.infokuryr.cz\/n\/wp-json\/wp\/v2\/media\/9320"}],"wp:attachment":[{"href":"https:\/\/www.infokuryr.cz\/n\/wp-json\/wp\/v2\/media?parent=11652"}],"wp:term":[{"taxonomy":"category","embeddable":true,"href":"https:\/\/www.infokuryr.cz\/n\/wp-json\/wp\/v2\/categories?post=11652"},{"taxonomy":"post_tag","embeddable":true,"href":"https:\/\/www.infokuryr.cz\/n\/wp-json\/wp\/v2\/tags?post=11652"}],"curies":[{"name":"wp","href":"https:\/\/api.w.org\/{rel}","templated":true}]}}