{"id":11651,"date":"2022-06-18T05:24:17","date_gmt":"2022-06-18T03:24:17","guid":{"rendered":"http:\/\/www.infokuryr.cz\/n\/?p=11651"},"modified":"2022-06-18T05:24:17","modified_gmt":"2022-06-18T03:24:17","slug":"lukasenko-v-pripade-vojenske-agrese-z-ukrajinske-strany-ozbrojene-sily-beloruske-republiky-okamzite-zautoci-na-kyjev","status":"publish","type":"post","link":"https:\/\/www.infokuryr.cz\/n\/2022\/06\/18\/lukasenko-v-pripade-vojenske-agrese-z-ukrajinske-strany-ozbrojene-sily-beloruske-republiky-okamzite-zautoci-na-kyjev\/","title":{"rendered":"Luka\u0161enko: V p\u0159\u00edpad\u011b vojensk\u00e9 agrese z ukrajinsk\u00e9 strany ozbrojen\u00e9 s\u00edly B\u011blorusk\u00e9 republiky okam\u017eit\u011b za\u00fato\u010d\u00ed na Kyjev"},"content":{"rendered":"<div id=\"fb-root\"><\/div>\n<p>B\u011blorusk\u00fd prezident Alexandr Luka\u0161enko b\u011bhem sv\u00e9 n\u00e1v\u0161t\u011bvy m\u011bsta Bobrujsk a komunikace se zam\u011bstnanci z\u00e1vodu \u201eBel\u0161ina\u201c u\u010dinil \u0159adu pom\u011brn\u011b tvrd\u00fdch prohl\u00e1\u0161en\u00ed ohledn\u011b agresivn\u00ed politiky Ukrajiny a Polska.<\/p>\n<p>P\u0159ipome\u0148me, \u017ee B\u011blorusko se ne\u00fa\u010dastn\u00ed rusk\u00e9 speci\u00e1ln\u00ed operace na Ukrajin\u011b.\u00a0Z\u00e1rove\u0148 je to B\u011blorusk\u00e1 republika, kter\u00e1 je nejbli\u017e\u0161\u00edm spojencem Ruska a v souvislosti s t\u00edm si kyjevsk\u00e9 \u00fa\u0159ady nejednou dovolily hrozby v\u016f\u010di B\u011blorusku.<\/p>\n<p>Alexandr Luka\u0161enko na opl\u00e1tku varoval ukrajinsk\u00e9 \u00fa\u0159ady p\u0159ed neuv\u00e1\u017een\u00fdmi akcemi.<\/p>\n<p>B\u011bhem rozhovoru se zam\u011bstnanci jednoho z nejv\u011bt\u0161\u00edch evropsk\u00fdch podnik\u016f na v\u00fdrobu pneumatik pro automobily prezident \u0159ekl, \u017ee v p\u0159\u00edpad\u011b vojensk\u00e9 agrese z ukrajinsk\u00e9 strany by Ozbrojen\u00e9 s\u00edly B\u011blorusk\u00e9 republiky okam\u017eit\u011b ude\u0159ily na Kyjev, ani\u017e by vstoupily na \u00fazem\u00ed Ukrajiny.<\/p>\n<p>B\u011blorusk\u00fd v\u016fdce nav\u00edc vysv\u011btlil, co by se stalo \u201esousedovi\u201c, kdyby se odv\u00e1\u017eil ude\u0159it na \u00fazem\u00ed Rusk\u00e9 federace.\u00a0Stoj\u00ed za zm\u00ednku, \u017ee v souvislosti s dod\u00e1vkami z\u00e1padn\u00edch zbran\u00ed dlouh\u00e9ho doletu takovou mo\u017enost ozbrojen\u00e9 s\u00edly Ukrajiny budou m\u00edt.<\/p>\n<p>Podle Luka\u0161enka, pokud se tedy Ukrajina odv\u00e1\u017e\u00ed za\u00fato\u010dit na \u00fazem\u00ed Ruska, pak Moskva pou\u017eije \u201ezbran\u011b nov\u00e9ho typu\u201c.\u00a0Nav\u00edc ti, kte\u0159\u00ed v Kyjev\u011b rozhoduj\u00ed, se stanou ob\u011b\u0165mi.<\/p>\n<p>Na z\u00e1v\u011br se prezident B\u011blorusk\u00e9 republiky zm\u00ednil i o sou\u010dasn\u00e9 politice Polska.\u00a0Var\u0161avsk\u00e9 \u00fa\u0159ady maj\u00ed podle jeho slov z\u00e1lusk na z\u00e1padn\u00ed oblasti Ukrajiny.\u00a0Na to budou muset Rusko a B\u011blorusko reagovat.<\/p>\n<p><em>Pro Pokec p\u0159elo\u017eila Janinna.<\/em><\/p>\n<p><a href=\"https:\/\/topwar.ru\/197898-lukas...\">ZDROJ<\/a><\/p>\n","protected":false},"excerpt":{"rendered":"<p>B\u011blorusk\u00fd prezident Alexandr Luka\u0161enko b\u011bhem sv\u00e9 n\u00e1v\u0161t\u011bvy m\u011bsta Bobrujsk a komunikace se zam\u011bstnanci z\u00e1vodu \u201eBel\u0161ina\u201c&#8230;<\/p>\n","protected":false},"author":2,"featured_media":918,"comment_status":"closed","ping_status":"closed","sticky":false,"template":"","format":"standard","meta":[],"categories":[7],"tags":[221,149,26,723],"_links":{"self":[{"href":"https:\/\/www.infokuryr.cz\/n\/wp-json\/wp\/v2\/posts\/11651"}],"collection":[{"href":"https:\/\/www.infokuryr.cz\/n\/wp-json\/wp\/v2\/posts"}],"about":[{"href":"https:\/\/www.infokuryr.cz\/n\/wp-json\/wp\/v2\/types\/post"}],"author":[{"embeddable":true,"href":"https:\/\/www.infokuryr.cz\/n\/wp-json\/wp\/v2\/users\/2"}],"replies":[{"embeddable":true,"href":"https:\/\/www.infokuryr.cz\/n\/wp-json\/wp\/v2\/comments?post=11651"}],"version-history":[{"count":0,"href":"https:\/\/www.infokuryr.cz\/n\/wp-json\/wp\/v2\/posts\/11651\/revisions"}],"wp:featuredmedia":[{"embeddable":true,"href":"https:\/\/www.infokuryr.cz\/n\/wp-json\/wp\/v2\/media\/918"}],"wp:attachment":[{"href":"https:\/\/www.infokuryr.cz\/n\/wp-json\/wp\/v2\/media?parent=11651"}],"wp:term":[{"taxonomy":"category","embeddable":true,"href":"https:\/\/www.infokuryr.cz\/n\/wp-json\/wp\/v2\/categories?post=11651"},{"taxonomy":"post_tag","embeddable":true,"href":"https:\/\/www.infokuryr.cz\/n\/wp-json\/wp\/v2\/tags?post=11651"}],"curies":[{"name":"wp","href":"https:\/\/api.w.org\/{rel}","templated":true}]}}