{"id":11649,"date":"2022-06-18T05:18:18","date_gmt":"2022-06-18T03:18:18","guid":{"rendered":"http:\/\/www.infokuryr.cz\/n\/?p=11649"},"modified":"2022-06-18T05:18:18","modified_gmt":"2022-06-18T03:18:18","slug":"o-demokracii-trhu-a-cene-elektriny","status":"publish","type":"post","link":"https:\/\/www.infokuryr.cz\/n\/2022\/06\/18\/o-demokracii-trhu-a-cene-elektriny\/","title":{"rendered":"O demokracii, trhu a cen\u011b elekt\u0159iny"},"content":{"rendered":"<div id=\"fb-root\"><\/div>\n<p><strong>Fiala tvrd\u00ed, \u017ee p\u0159edra\u017een\u00e9 elekt\u0159ina o 4000 % oproti v\u00fdrobn\u00ed cen\u011b nevad\u00ed, proto\u017ee \u010cEZ ze 70 % vlastn\u00ed st\u00e1t. D\u00edky tomu se zisk ze super p\u0159edra\u017een\u00e9 elekt\u0159iny vr\u00e1t\u00ed ob\u010dan\u016fm.\u00a0<\/strong>Samoz\u0159ejm\u011b, \u017ee Fiala jako spr\u00e1vn\u00fd liber\u00e1ln\u00ed demokrat l\u017ee, a\u017e se mu pr\u00e1\u0161\u00ed od huby. 30 % zisku odch\u00e1z\u00ed bank\u00e1m a jejich kapit\u00e1lov\u00fdm spole\u010dnostem. 70 % se z v\u011bt\u0161\u00ed \u010d\u00e1sti demokraticky rozkrade. Existuje tis\u00edc zp\u016fsob\u016f, jak m\u016f\u017ee \u010cEZ zisk vyl\u00edt do kapsy liber\u00e1ln\u00edho demokrata (soukrom\u00e1 firma prod\u00e1 \u010cEZu p\u0159edra\u017een\u00fd materi\u00e1l a pod). Rozpo\u010det zase rozkr\u00e1daj\u00ed politici. Nem\u00e1m konkr\u00e9tn\u00ed \u010d\u00edsla, ale str\u010dil bych ruku do ohn\u011b za to, \u017ee fyzick\u00fdm osob\u00e1m plat\u00edc\u00edch elekt\u0159inu se p\u0159es Fial\u016fv \u010cEZ koloto\u010d vr\u00e1t\u00ed maxim\u00e1ln\u011b 1 % z ukraden\u00e9ho. T\u011b\u017eko to bude lep\u0161\u00ed.<\/p>\n<p>Jde o principi\u00e1ln\u00ed ot\u00e1zky.\u00a0<strong>To, \u010demu slu\u0161n\u00ed lid\u00e9 \u0159\u00edkaj\u00ed kr\u00e1de\u017e, liber\u00e1ln\u00ed demokrat vid\u00ed jako legitimn\u00ed generov\u00e1n\u00ed zisku.\u00a0<\/strong>Ve h\u0159e je tak\u00e9 doprovodn\u00fd liber\u00e1ln\u011b tr\u017en\u00ed syst\u00e9m. Bu\u010f bude \u0159\u00eddit hospoda\u0159en\u00ed st\u00e1t, anebo jej bude \u0159\u00eddit pouze trh se sv\u00fdmi z\u00e1kony. Liber\u00e1ln\u00ed demokrat \u0159\u00edd\u00ed pouze ob\u010dany. Tam zav\u00e1d\u00ed omezov\u00e1n\u00ed a represi. Jinak liber\u00e1ln\u00ed demokrat st\u00e1t likviduje a omezuje jeho z\u00e1sahy do ekonomiky.<\/p>\n<p>Sv\u011btlo na konci tunelu nen\u00ed vid\u011bt. Fiala nen\u00ed \u00fapln\u00fd hlup\u00e1k. Uv\u011bdomuje si, \u017ee \u017e\u00e1dn\u00e1 v\u011bc nestoj\u00ed izolovan\u011b. Kd<strong>y\u017e se pohnou ledy na jednom m\u00edst\u011b, setrva\u010dn\u011b se pohnou kry i v dal\u0161\u00edch oblastech. P\u0159i zastaven\u00ed okr\u00e1d\u00e1n\u00ed ze strany \u010cEZu by hrozilo, \u017ee by ob\u010dan\u00e9 po\u017eadovali zastaven\u00ed okr\u00e1d\u00e1n\u00ed i od dal\u0161\u00edch korporac\u00ed. Hlavn\u011b bank.<\/strong>\u00a0T\u00edm by se za\u010dal hroutit syst\u00e9m a Fialovi by hrozilo uv\u011bzn\u011bn\u00ed. Podle mne je u zdi. Neuhne, ani kdy\u017e se ekonomick\u00e1 situace hodn\u011b zhor\u0161\u00ed a lid\u00e9 budou \u017e\u00edt v b\u00edd\u011b.<\/p>\n<p><a href=\"https:\/\/www.facebook.com\/vit.skalsky\">V\u00edt Skalsk\u00fd<\/a><\/p>\n","protected":false},"excerpt":{"rendered":"<p>Fiala tvrd\u00ed, \u017ee p\u0159edra\u017een\u00e9 elekt\u0159ina o 4000 % oproti v\u00fdrobn\u00ed cen\u011b nevad\u00ed, proto\u017ee \u010cEZ ze&#8230;<\/p>\n","protected":false},"author":2,"featured_media":5275,"comment_status":"closed","ping_status":"closed","sticky":false,"template":"","format":"standard","meta":[],"categories":[6],"tags":[1298,1299,285,1497,371],"_links":{"self":[{"href":"https:\/\/www.infokuryr.cz\/n\/wp-json\/wp\/v2\/posts\/11649"}],"collection":[{"href":"https:\/\/www.infokuryr.cz\/n\/wp-json\/wp\/v2\/posts"}],"about":[{"href":"https:\/\/www.infokuryr.cz\/n\/wp-json\/wp\/v2\/types\/post"}],"author":[{"embeddable":true,"href":"https:\/\/www.infokuryr.cz\/n\/wp-json\/wp\/v2\/users\/2"}],"replies":[{"embeddable":true,"href":"https:\/\/www.infokuryr.cz\/n\/wp-json\/wp\/v2\/comments?post=11649"}],"version-history":[{"count":0,"href":"https:\/\/www.infokuryr.cz\/n\/wp-json\/wp\/v2\/posts\/11649\/revisions"}],"wp:featuredmedia":[{"embeddable":true,"href":"https:\/\/www.infokuryr.cz\/n\/wp-json\/wp\/v2\/media\/5275"}],"wp:attachment":[{"href":"https:\/\/www.infokuryr.cz\/n\/wp-json\/wp\/v2\/media?parent=11649"}],"wp:term":[{"taxonomy":"category","embeddable":true,"href":"https:\/\/www.infokuryr.cz\/n\/wp-json\/wp\/v2\/categories?post=11649"},{"taxonomy":"post_tag","embeddable":true,"href":"https:\/\/www.infokuryr.cz\/n\/wp-json\/wp\/v2\/tags?post=11649"}],"curies":[{"name":"wp","href":"https:\/\/api.w.org\/{rel}","templated":true}]}}