{"id":11640,"date":"2022-06-18T01:05:34","date_gmt":"2022-06-17T23:05:34","guid":{"rendered":"http:\/\/www.infokuryr.cz\/n\/?p=11640"},"modified":"2022-06-17T19:38:06","modified_gmt":"2022-06-17T17:38:06","slug":"jindrich-kulhavy-nestacime-se-divit","status":"publish","type":"post","link":"https:\/\/www.infokuryr.cz\/n\/2022\/06\/18\/jindrich-kulhavy-nestacime-se-divit\/","title":{"rendered":"Jind\u0159ich Kulhav\u00fd:  Nesta\u010d\u00edme se divit"},"content":{"rendered":"<div id=\"fb-root\"><\/div>\n<p><span class=\"anotation\">Tento t\u00fdden nepat\u0159\u00ed mezi nudn\u00e9. Policejn\u00ed \u0161\u0165\u00e1ra v\u00a0pra\u017esk\u00e9m Dopravn\u00edm podniku a v\u00a0kancel\u00e1\u0159\u00edch n\u011bkter\u00fdch politik\u016f a mana\u017eer\u016f uk\u00e1zala na skute\u010dnost, kterou je na\u0161e tvrzen\u00ed o n\u00e1m\u011bstkovi prim\u00e1tora Hlubu\u010dkovi star\u00e9 dva roky, kdy jsme tvrdili, \u017ee je to gr\u00e1zl. STAN m\u00e1 n\u011bkolik z\u00e1sadn\u00edch probl\u00e9m\u016f vr\u0161\u00edc\u00edch se po \u00fasp\u011b\u0161n\u00fdch parlamentn\u00edch ,,volb\u00e1ch\u201c a p\u0159ed bl\u00ed\u017e\u00edc\u00edmi se komun\u00e1ln\u00edmi. Jen hra na k\u0159i\u0161\u0165\u00e1l a smradlav\u00e1 sebechv\u00e1la nesta\u010d\u00ed, \u0159ada stranick\u00fdch pr\u016f\u0161vih\u016f v\u00a0posledn\u00edch m\u011bs\u00edc\u00edch zve\u0159ejn\u011bn\u00fdch je jen vrcholem ledovce a Hlubu\u010dek bude moci pravd\u011bpodobn\u011b v\u00a0nejbli\u017e\u0161\u00edch letech poskytovat sv\u00e9 slu\u017eby v\u00a0n\u011bkter\u00e9 z\u00a0na\u0161ich v\u011bznic. Bohu\u017eel se tam asi nesetk\u00e1 s\u00a0dal\u0161\u00ed ned\u00e1vnou hv\u011bzdou na\u0161eho politick\u00e9ho nebe exposlancem Ferim z\u00a0Top09, proto\u017ee ten bude rad\u0161i demonstrativn\u011b p\u0159edv\u00e1d\u011bt pomaten\u00ed a touhu ukon\u010dit sv\u016fj \u017eivot, hlavn\u011b kdy\u017e se vyhne odsouzen\u00ed.<\/span><\/p>\n<div id=\"pagetext\">\n<p>\u00a0 Vy\u0161et\u0159ov\u00e1n\u00ed Hlubu\u010dka je na za\u010d\u00e1tku a uvid\u00edme, kam a\u017e m\u016f\u017ee zas\u00e1hnout politick\u00fd z\u00e1m\u011br umravnit STAN. U n\u00e1m\u011bstka prim\u00e1tora a dal\u0161\u00edch obvin\u011bn\u00fdch se pouze ukazuje, \u017ee pen\u00edze a moc kaz\u00ed lidi a touha po oboj\u00edm je prost\u011b motorem pro mnoh\u00e9 z\u00a0nich. Vstupem do politiky si velk\u00e1 \u010d\u00e1st lid\u00ed \u0159\u00edk\u00e1 o pr\u016f\u0161vih. Spojen\u00ed funkce a mo\u017enosti lecos ovliv\u0148ovat, p\u0159i\u010dem\u017e snadno ,,vyd\u011blan\u00e9\u201c pen\u00edze jsou toho d\u016fsledkem, je \u010dasto d\u016fvode k\u00a0takov\u00e9mu kroku. Prost\u0159ed\u00ed politiky dok\u00e1\u017ee zkazit i dosud poctiv\u00e9ho \u010dlov\u011bka. Nato\u017e n\u011bkoho, kdo do n\u00ed jde s\u00a0\u00famyslem na tom rozhodn\u011b neprod\u011blat. Ego mnoh\u00fdch je nav\u00edc dal\u0161\u00edm \u010dl\u00e1nkem do \u0159et\u011bzce ud\u00e1lost\u00ed, kter\u00e9 d\u00edky mo\u017enostem p\u0159ich\u00e1zej\u00ed. O korupci kolem na\u0161ich politik\u016f nen\u00ed pochyb, nev\u00edme o \u017e\u00e1dn\u00e9m, kter\u00fd by po odchodu z\u016fstal chud\u00fdm. Pokud to nav\u00edc ned\u011blal tak \u0161patn\u011b, jako Standa Gross, pak jsou tito jedinci zaji\u0161t\u011bni do konce \u017eivota a je\u0161t\u011b v\u011bt\u0161inou z\u00edskali jakousi trafiku, a to a\u0165 u\u017e od st\u00e1tu nebo od vd\u011b\u010dn\u00fdch ,,klient\u016f\u201c z\u00a0dob politick\u00e9 aktivity. Jestli\u017ee Gross najednou vlastnil pozemky kolem Prahy a z\u00e1zra\u010dn\u011b zbohatnul, takov\u00fd Topol\u00e1nek si dovolil ned\u00e1vno klidn\u011b \u0159\u00edct, \u017ee jeho d\u016fchod by nesta\u010dil ani na \u0161koln\u00e9 pro d\u00edt\u011b. Drzost t\u011bch, kte\u0159\u00ed se dostanou k\u00a0moci, je nekone\u010dn\u00e1. Hlubu\u010dek STAN, pra\u017esk\u00e9 koalici a gay sc\u00e9n\u011b tak moc asi nepomohl. Jen uk\u00e1zal, \u017ee to funguje st\u00e1le stejn\u011b.<\/p>\n<p>V\u011bdma Pekarov\u00e1 Adamov\u00e1 vypustila dal\u0161\u00ed pov\u011bstn\u00fd bal\u00f3nek, kdy\u017e prohl\u00e1sila, \u017ee 300 milionov\u00e9 schodky rozpo\u010dtu napl\u00e1novan\u00e9 P\u011btikoalic\u00ed na dal\u0161\u00ed roky zachr\u00e1n\u00ed rozprodej st\u00e1tn\u00edho majetku. Kter\u00fd t\u00edm myslela, to nev\u00edme, ale dle v\u0161eho se jedn\u00e1 o Budvar, mo\u017en\u00e1 zbytek \u010cEZu a nemovitost\u00ed. O chytrosti p\u0159edsedkyn\u011b Parlamentu lze s\u00a0\u00fasp\u011bchem pochybovat, ale v\u00a0pozad\u00ed vn\u00edm\u00e1me Mirdu Kalouska. V\u016fbec by nebylo p\u0159ekvapen\u00edm, kdyby vz\u00e1p\u011bt\u00ed projevil o n\u00e1kup n\u011b\u010deho z\u00a0toho z\u00e1jem, nebo by m\u011bl ,,vhodn\u00e9ho\u201c klienta. St\u00e1t u\u017e tak toho moc nevlastn\u00ed a m\u00edsto pln\u011bn\u00ed funkce dobr\u00e9ho hospod\u00e1\u0159e s\u00a0mo\u017enost\u00ed vyu\u017e\u00edt zisky ku prosp\u011bchu ob\u010dan\u016f by rad\u0161i dle Pekarov\u00e9 m\u011bl prodejem l\u00e1tat d\u00edry ve st\u00e1tn\u00ed pokladn\u011b vznikl\u00e9 \u0161\u00edlen\u00fdmi chybami a amat\u00e9rismem politik\u016f. P\u0159esta\u0148me p\u0159edev\u0161\u00edm pos\u00edlat pen\u00edze a zbran\u011b na Ukrajinu, starejme se o vlastn\u00ed ob\u010dany, hl\u00eddejme politiky, aby nekradli, zastavme vyhazov\u00e1n\u00ed pen\u011bz za pseudovakc\u00edny a naopak za u\u0161et\u0159en\u00e9 pen\u00edze kupme nazp\u00e1tek plynov\u00e9 z\u00e1sobn\u00edky a za\u010dn\u011bme jednat po omluv\u011b za smy\u0161lenou kauzu Vrb\u011btice a chov\u00e1n\u00ed sou\u010dasn\u00e9 vl\u00e1dy s\u00a0Ruskem o normalizaci politick\u00fdch a obchodn\u00edch vztah\u016f.<\/p>\n<p>V\u00a0Parlamentu z\u00a0obrazovek promluvil k\u00a0na\u0161im poslanc\u016fm Volodymyr Zelenskij. Tento komik, kter\u00fd tak v\u00a0posledn\u00ed dob\u011b pobl\u00e1znil sv\u011btov\u00e9 liber\u00e1ly, donutil kolaboruj\u00edc\u00ed \u010d\u00e1st poslanc\u016f povstat a tleskat. Neb\u00fdt SPD, p\u0159ipom\u00ednalo by to sjezd severokorejsk\u00fdch komunist\u016f a reakci na projev Kim \u010cong-una. P\u00e1nov\u00e9 tak v\u00e1\u0161niv\u011b tleskali, a\u017e m\u00e1lem kolabovali, soudru\u017eky poslankyn\u011b m\u011bly slzy na kraj\u00ed\u010dku a z\u00e1stupci SPD nev\u011b\u0159\u00edcn\u011b kroutili hlavou. Zklam\u00e1n\u00edm je \u0159i\u0165olezeck\u00e9 chov\u00e1n\u00ed poslanc\u016f za ANO. To proto, \u017ee p\u0159edvolebn\u00ed preference z\u00a0n\u011bj d\u011blaj\u00ed v\u00edt\u011bze voleb, co\u017e by znamenalo jen minim\u00e1ln\u00ed zm\u011bnu v\u00a0zahrani\u010dn\u00ed politice, a t\u00edm i ve vztahu k\u00a0EU, NATO, USA, Ukrajin\u011b a k vlastn\u00ed ekonomick\u00e9 z\u00e1vislosti. V\u00a0souvislosti s\u00a0t\u00edm je t\u0159eba si uv\u011bdomit, \u017ee Rusov\u00e9 u\u017e se nad\u00e1le nenechaj\u00ed Evropskou uni\u00ed ur\u00e1\u017eet, p\u0159istoupili k\u00a0omezov\u00e1n\u00ed dod\u00e1vek plynu i jinam ne\u017e k\u00a0n\u00e1m. Bl\u00ed\u017e\u00edc\u00ed se podzim tak bude drsn\u00fdm skokem do reality, kterou n\u00e1m postupn\u011b p\u0159ipravili Babi\u0161 s\u00a0Fialou, to v\u0161e pod dozorem prezidenta Zemana. P\u0159idejme je\u0161t\u011b sou\u010dasnou krizi cel\u00e9 euroz\u00f3ny, kdy ji op\u011bt p\u0159edev\u0161\u00edm It\u00e1lie p\u0159ibl\u00ed\u017eila k\u00a0rozpadu. Za t\u00e9to situace je p\u0159echod Chorvat\u016f z\u00a0kuny na euro naprosto nepochopiteln\u00e9. Stejn\u011b tak vlhk\u00fd sen Pekarov\u00e9-Adamov\u00e9 a mnoha dal\u0161\u00edch p\u011btikolk\u00e1\u0159\u016f o jeho p\u0159ijet\u00ed u n\u00e1s.<\/p>\n<p>D\u011bn\u00ed ve sv\u011bt\u011b je d\u00edky na\u0161emu medi\u00e1ln\u00edmu lhan\u00ed v\u00a0oparu. Jist\u00e9 je, \u017ee se ledy h\u00fdbaj\u00ed a velk\u00fd pod\u00edl na tom m\u00e1 Vladim\u00edr Putin. Postavil se z\u00e1m\u011br\u016fm Deep State a vstupem na Ukrajinu uk\u00e1zal, \u017ee se ni\u010deho neboj\u00ed a naprosto bezprecedentn\u011b drt\u00ed ukrajinskou arm\u00e1du plnou nacist\u016f vyzbrojovanou Z\u00e1padem. Nav\u00edc se Rusku i p\u0159es zpr\u00e1vy ze sorovsk\u00e9ho Seznamu ekonomicky da\u0159\u00ed, zat\u00edmco velk\u00e1 \u010d\u00e1st zbytku sv\u011bta je v\u00a0probl\u00e9mech. T\u00fdk\u00e1 s\u00a0to v\u0161ech sv\u011btad\u00edl\u016f a je evidentn\u00ed \u017ee Green Deal postupn\u011b likviduje d\u00edky um\u011ble vyvolan\u00e9mu kolapsu energetiku, ekonomiku a standardy dosud vysp\u011bl\u00fdch zem\u00ed. V\u00a0t\u00e9to slo\u017eit\u00e9 dob\u011b vyvolal z\u00e1jem n\u00e1lezu velk\u00e9ho mno\u017estv\u00ed zlata ve Rwand\u011b, tak\u017ee tam brzy m\u016f\u017eeme o\u010dek\u00e1vat vojenskou akci USA proti m\u00edstn\u00ed vl\u00e1d\u011b. Z\u00e1stupn\u00fd d\u016fvod se v\u017edy najde, viz Libye. Zaj\u00edmav\u00e1 je tak\u00e9 da\u0148 za ,,prdy\u201c novoz\u00e9landsk\u00fdch ovc\u00ed a krav. Hodn\u011b v\u011bc\u00ed se d\u011bje kolem vakc\u00edn a dal\u0161\u00edch z\u00e1m\u011br\u016f Gatese o\u010dkovat proti \u010demukoliv. N\u011bkde se pokra\u010duje v\u00a0represi obyvatelstva (\u010c\u00edna), jinde se p\u0159ipravuje n\u00e1vrat k\u00a0drsn\u00e9mu p\u0159esv\u011bd\u010dov\u00e1n\u00ed k\u00a0o\u010dkov\u00e1n\u00ed (Rakousko, Francie. Mo\u017en\u00e1 cel\u00e1 EU), u n\u00e1s to vypad\u00e1 na pokra\u010dov\u00e1n\u00ed boje mezi p\u0159em\u00fd\u0161liv\u00fdmi a st\u00e1dem veden\u00fdm politiky a m\u00e9dii. Jsou i zem\u011b, kde v\u0161e stopnuli, a dokonce vy\u0161et\u0159uj\u00ed z\u00e1stupce Big Pharmy (Braz\u00edlie, Indie). \u00a0Jak vid\u00edte, \u017e\u00e1dn\u00e1 okurkov\u00e1 sez\u00f3na se letos konat nebude. A od z\u00e1\u0159\u00ed za\u010dne velmi drsn\u00e9 obdob\u00ed. To u\u017e budeme sou\u010d\u00e1st\u00ed nejv\u011bt\u0161\u00edho \u0161\u00edlenstv\u00ed my v\u0161ichni.<\/p>\n<\/div>\n<p><a href=\"https:\/\/www.inadhled.live\/zajimavosti\/nestacime-se-divit\/\">Jind\u0159ich Kulhav\u00fd<\/a><\/p>\n<p>&nbsp;<\/p>\n","protected":false},"excerpt":{"rendered":"<p>Tento t\u00fdden nepat\u0159\u00ed mezi nudn\u00e9. Policejn\u00ed \u0161\u0165\u00e1ra v\u00a0pra\u017esk\u00e9m Dopravn\u00edm podniku a v\u00a0kancel\u00e1\u0159\u00edch n\u011bkter\u00fdch politik\u016f a&#8230;<\/p>\n","protected":false},"author":2,"featured_media":11641,"comment_status":"closed","ping_status":"closed","sticky":false,"template":"","format":"standard","meta":[],"categories":[6],"tags":[126,1497,29,1695,424,99],"_links":{"self":[{"href":"https:\/\/www.infokuryr.cz\/n\/wp-json\/wp\/v2\/posts\/11640"}],"collection":[{"href":"https:\/\/www.infokuryr.cz\/n\/wp-json\/wp\/v2\/posts"}],"about":[{"href":"https:\/\/www.infokuryr.cz\/n\/wp-json\/wp\/v2\/types\/post"}],"author":[{"embeddable":true,"href":"https:\/\/www.infokuryr.cz\/n\/wp-json\/wp\/v2\/users\/2"}],"replies":[{"embeddable":true,"href":"https:\/\/www.infokuryr.cz\/n\/wp-json\/wp\/v2\/comments?post=11640"}],"version-history":[{"count":0,"href":"https:\/\/www.infokuryr.cz\/n\/wp-json\/wp\/v2\/posts\/11640\/revisions"}],"wp:featuredmedia":[{"embeddable":true,"href":"https:\/\/www.infokuryr.cz\/n\/wp-json\/wp\/v2\/media\/11641"}],"wp:attachment":[{"href":"https:\/\/www.infokuryr.cz\/n\/wp-json\/wp\/v2\/media?parent=11640"}],"wp:term":[{"taxonomy":"category","embeddable":true,"href":"https:\/\/www.infokuryr.cz\/n\/wp-json\/wp\/v2\/categories?post=11640"},{"taxonomy":"post_tag","embeddable":true,"href":"https:\/\/www.infokuryr.cz\/n\/wp-json\/wp\/v2\/tags?post=11640"}],"curies":[{"name":"wp","href":"https:\/\/api.w.org\/{rel}","templated":true}]}}