{"id":11631,"date":"2022-06-18T01:00:59","date_gmt":"2022-06-17T23:00:59","guid":{"rendered":"http:\/\/www.infokuryr.cz\/n\/?p=11631"},"modified":"2022-06-17T19:14:03","modified_gmt":"2022-06-17T17:14:03","slug":"jiri-paroubek-arogance-vladnich-stran-a-rany-osudu-pro-stan","status":"publish","type":"post","link":"https:\/\/www.infokuryr.cz\/n\/2022\/06\/18\/jiri-paroubek-arogance-vladnich-stran-a-rany-osudu-pro-stan\/","title":{"rendered":"Ji\u0159\u00ed Paroubek: Arogance vl\u00e1dn\u00edch stran a r\u00e1ny osudu pro STAN"},"content":{"rendered":"<div id=\"fb-root\"><\/div>\n<div class=\"perex\">\n<p><strong>Vlastn\u011b sp\u00ed\u0161e ne\u017e o aroganci vl\u00e1dy, bych m\u011bl v\u00e1\u017en\u011b hovo\u0159it o jej\u00edch autorit\u00e1\u0159sk\u00fdch, ba totalitn\u00edch tendenc\u00edch. Co m\u00e1m na mysli? V tomto t\u00fddnu vl\u00e1dn\u00ed koalice schv\u00e1lila ve sn\u011bmovn\u011b ve\u0159ejn\u00fdm hlasov\u00e1n\u00edm p\u011bt sv\u00fdch nominant\u016f do Rady \u010cesk\u00e9 televize. Je to jasn\u00e9. Vl\u00e1da chce v z\u00e1sad\u011b potvrdit sou\u010dasn\u00fd provl\u00e1dn\u00ed kurz veden\u00ed \u010cesk\u00e9 televize, a to za ka\u017edou cenu. \u010cesk\u00e1 televize je k vl\u00e1d\u011b P. Fialy zat\u00edm nekritick\u00e1, vlastn\u011b vyv\u00edj\u00ed jen velmi bezzubou kritiku.<\/strong><\/p>\n<\/div>\n<div><\/div>\n<div class=\"perex\">Je\u0161t\u011b nebylo zaznamen\u00e1no, alespo\u0148 pokud j\u00e1 si pamatuji, v \u017eivot\u011b \u010desk\u00e9ho parlamentu ve\u0159ejn\u00e9 hlasov\u00e1n\u00ed o \u010dlenech Rady \u010cesk\u00e9 televize. Vl\u00e1da prost\u011b cht\u011bla m\u00edt \u00faplnou jistotu. Dosavadn\u00ed volby dopadaly v tajn\u00e9m hlasov\u00e1n\u00ed tak jako v\u017edy v p\u0159edchoz\u00edch sn\u011bmovn\u00e1ch, za p\u0159edchoz\u00edch vl\u00e1d. Poslanci volili v z\u00e1sad\u011b sami za sebe. S minim\u00e1ln\u00ed stranickou k\u00e1zn\u00ed. To ov\u0161em pravost\u0159edov\u00e1 vl\u00e1da nem\u00edn\u00ed tolerovat. Bude\u0161 poslouchat a \u017e\u00e1dnou hru na demokracii tady nebudeme p\u0159edv\u00e1d\u011bt! Pro\u0161lo to nicm\u00e9n\u011b vcelku bez z\u00e1jmu ve\u0159ejnosti, ale je to politicky velmi z\u00e1va\u017en\u00e1 v\u011bc. Vl\u00e1da si tak pojistila naprostou loajalitu, m\u016f\u017eeme \u0159\u00edci servilnost \u010cesk\u00e9 televize v\u016f\u010di vl\u00e1dn\u00ed koalici.<br \/>\n<strong><br \/>\n<\/strong><\/div>\n<div class=\"content\">\n<p><span style=\"font-size: 18pt;\"><strong>Vl\u00e1da chce zkr\u00e1tit volby na jedin\u00fd den<\/strong><\/span><\/p>\n<p>V n\u00e1vrhu ji\u017e ministerstvo vnitra m\u00e1 zpracovan\u00fd nov\u00fd z\u00e1kon o volb\u00e1ch do poslaneck\u00e9 sn\u011bmovny, jen\u017e zakotvuje \u2013 na rozd\u00edl od sou\u010dasn\u00fdch dvoudenn\u00edch voleb do sn\u011bmovny \u2013 jednodenn\u00ed volby. K volb\u00e1m by tak \u0161li voli\u010di jen v p\u00e1tek, a to od sedmi hodin r\u00e1no do dev\u00edti hodin ve\u010der. P\u0159i\u010dem\u017e navr\u017een\u00fd z\u00e1kon umo\u017en\u00ed volit i v p\u0159edstihu. Lid\u00e9 by se ale v p\u0159edstihu museli osobn\u011b dostavit na p\u0159\u00edslu\u0161n\u00fd obecn\u00ed \u00fa\u0159ad, kter\u00fd by k tomu m\u011bl vy\u010dlenit dv\u011b a\u017e p\u011bt hodin ve st\u0159edu ve volebn\u00edm t\u00fddnu.<\/p>\n<p>Vnitro ve sv\u00e9 D\u016fvodov\u00e9 zpr\u00e1v\u011b odkazuje na skute\u010dnost, kter\u00e1 m\u00e1 b\u00fdt podp\u016frn\u00fdm argumentem pro hlasov\u00e1n\u00ed v jednom dni, \u017ee v dosavadn\u00edm syst\u00e9mu hlasov\u00e1n\u00ed urny z\u016fst\u00e1vaj\u00ed v noci z p\u00e1tku na sobotu ve volebn\u00edch m\u00edstnostech (samoz\u0159ejm\u011b zape\u010det\u011bn\u00e9 za p\u0159\u00edtomnosti v\u0161ech \u010dlen\u016f volebn\u00ed komise). A nejsou pr\u00fd pod tak bedliv\u00fdm dozorem jako p\u0159es den. To je jist\u011b mo\u017en\u00fd argument, ale pokud bude \u010d\u00e1st voli\u010d\u016f hlasovat u\u017e dva dny p\u0159ed volbami, bude mo\u017enost zmanipulovat volby dokonce ve dvou cel\u00fdch dnech a nejen v jedn\u00e9 noci. O tom, \u017ee by se manipulovalo v posledn\u00edch t\u0159iceti dvou letech s hlasy v urn\u00e1ch zape\u010det\u011bn\u00fdch ve volebn\u00edch m\u00edstnostech, nejsou p\u0159itom \u017e\u00e1dn\u00e9 d\u016fkazy.<\/p>\n<p>Nem\u016f\u017eu se zbavit dojmu, \u017ee koalici jde o to, aby vy\u0159adila z \u00fa\u010dasti na hlasov\u00e1n\u00ed \u010d\u00e1st n\u00e1mezdn\u011b pracuj\u00edc\u00edch, kte\u0159\u00ed prost\u011b v jednom dni nemusej\u00ed m\u00edt v\u016fbec \u010das z d\u016fvodu sv\u00e9ho zam\u011bstn\u00e1n\u00ed, j\u00edt k volb\u00e1m. Budou t\u0159eba vzd\u00e1leni od m\u00edsta sv\u00e9ho bydli\u0161t\u011b anebo jsou ve sm\u011bnn\u00e9m provozu. Anebo prost\u011b budou m\u00edt n\u011bjak\u00fd osobn\u00ed probl\u00e9m, kter\u00fd jim neumo\u017en\u00ed v jednom dni j\u00edt k volb\u00e1m.<\/p>\n<p>Navrhovan\u00fd z\u00e1kon, krom\u011b toho zakotvuje elektronizaci voleb. Vl\u00e1da m\u00e1 do budoucna tak\u00e9 z\u00e1jem prosadit mo\u017enost koresponden\u010dn\u00ed volby, co\u017e ov\u0161em bude de facto znamenat z\u00e1va\u017en\u00e9 poru\u0161en\u00ed principu tajn\u00e9 volby. Vid\u011bli jsme v posledn\u00edch letech \u00faskal\u00ed koresponden\u010dn\u00edho hlasov\u00e1n\u00ed nap\u0159. v Rakousku p\u0159i prezidentsk\u00e9 volb\u011b a p\u0159i posledn\u00ed prezidentsk\u00e9 volb\u011b ve Spojen\u00fdch st\u00e1tech. Ale vl\u00e1dn\u00ed koalici je to vcelku fuk. J\u00ed jde jen o volebn\u00ed v\u00fdsledek. Jde o to, pos\u00edlit po\u010dty t\u011bch, kdo budou hlasovat z ciziny, proto\u017ee ti vesm\u011bs hlasuj\u00ed pro pravost\u0159edov\u00e9 strany. A zt\u00ed\u017eit mo\u017enosti hlasov\u00e1n\u00ed pro zam\u011bstnance, kte\u0159\u00ed se v jednom volebn\u00edm dnu v\u016fbec nemus\u00ed dostat k tomu, aby uskute\u010dnili volbu.<\/p>\n<p>Vl\u00e1da se po zah\u00e1jen\u00ed vojensk\u00e9ho \u00fatoku Ruska na Ukrajinu ne\u0161t\u00edtila toho, aby p\u0159es jakousi k tomu ochotnou agenturu vy\u0159adila ze hry osm tzv. prorusk\u00fdch, j\u00e1 bych sp\u00ed\u0161 \u0159ekl opozi\u010dn\u00edch, server\u016f. P\u0159izn\u00e1m se, \u017ee v\u011bt\u0161inu t\u011bch server\u016f jsem ani neznal, ale bylo to v\u00fdrazn\u00e9 poru\u0161en\u00ed principu svobody slova. A jestli si to vl\u00e1da je\u0161t\u011b pojistila t\u00edm, \u017ee ochotn\u00e9 agentury pro v\u00fdzkum ve\u0159ejn\u00e9ho m\u00edn\u011bn\u00ed ji potvrdili, \u017ee s t\u00edm vlastn\u011b lid\u00e9 souhlas\u00ed, \u017ee de facto cht\u011bj\u00ed, aby za n\u011b n\u011bkdo s v\u011bt\u0161\u00edm rozumem rozhodoval, co je vlastn\u011b pro n\u011b z\u00e1vadn\u00e9 ke \u010dten\u00ed, tak je to smutn\u00e9.<\/p>\n<p>Up\u0159\u00edmn\u011b, kdybych b\u00fdval v\u011bd\u011bl, jak to dopadne se svobodou slova po t\u0159iceti dvou letech v\u00fdvoje \u010desk\u00e9 spole\u010dnosti od sametov\u00e9 revoluce, asi bych tak ochotn\u011b necinkal kl\u00ed\u010di na V\u00e1clavsk\u00e9m n\u00e1m\u011bst\u00ed v listopadu 1989. Ale to asi nejsem s\u00e1m. Ok\u0159ikov\u00e1n\u00ed lid\u00ed s jin\u00fdm n\u00e1zorem s ur\u00e1\u017ekami do rusk\u00fdch troll\u016f a \u0161v\u00e1b\u016f \u010di putinovc\u016f dos\u00e1hlo za t\u00e9to vl\u00e1dy vrcholu a nut\u00ed lidi (samoz\u0159ejm\u011b tak\u00e9 novin\u00e1\u0159e) k velk\u00e9 autocenzu\u0159e.<\/p>\n<p><span style=\"font-size: 18pt;\"><strong>Neschopn\u00e1 vl\u00e1da<\/strong><\/span><\/p>\n<p>P\u0159es sv\u00e9 autorit\u00e1\u0159sk\u00e9 tendence a p\u0159esto, \u017ee vl\u00e1da pou\u017e\u00edv\u00e1 a vlastn\u011b zneu\u017e\u00edv\u00e1 institut nouzov\u00e9ho stavu &#8211; ii perpetuum (donekone\u010dna) -, nehodl\u00e1 vyu\u017e\u00edt mo\u017enosti zrychlen\u00e9ho projedn\u00e1n\u00ed novel z\u00e1kon\u016f o spot\u0159ebn\u00ed dani \u010di o DPH tak, aby do\u0161lo ke sn\u00ed\u017een\u00ed sazby t\u011bchto dan\u00ed nebo k jejich p\u0159echodn\u00e9mu pozastaven\u00ed u plynu, elekt\u0159iny, tepla, vybran\u00fdch druh\u016f potravin. Pokud jde o pohonn\u00e9 hmoty, vl\u00e1da p\u0159i\u0161la se sm\u011b\u0161nou slevou 1,50 K\u010d na jeden litr, kterou ale zkonzumovaly firmy zab\u00fdvaj\u00edc\u00ed se distribuc\u00ed pohonn\u00fdch hmot ke kone\u010dn\u00e9mu spot\u0159ebiteli.<\/p>\n<p>Inflaci vl\u00e1da naprosto nezvl\u00e1d\u00e1 a o\u010dek\u00e1v\u00e1, \u017ee po jej\u00ed kulminaci na za\u010d\u00e1tku l\u00e9ta, dojde k jej\u00edmu postupn\u00e9mu opad\u00e1n\u00ed v d\u016fsledku toho, \u017ee u\u017e se velmi dynamicky za\u010dala inflace zvy\u0161ovat v posledn\u00edch m\u011bs\u00edc\u00edch minul\u00e9ho roku. Tak\u017ee pak u\u017e ty meziro\u010dn\u00ed n\u00e1r\u016fsty spot\u0159ebitelsk\u00fdch cen, tedy inflace, nebudou tak vysok\u00e9. Ale to nemus\u00ed v\u016fbec platit, proto\u017ee ceny energetick\u00fdch komodit, p\u0161enice, r\u00fd\u017ee a pr\u016fmyslov\u00fdch kov\u016f t\u00e9m\u011b\u0159 kontinu\u00e1ln\u011b rostou. Tak\u017ee mohou r\u016fst i ceny nejr\u016fzn\u011bj\u0161\u00edch v\u00fdrobk\u016f na b\u011b\u017en\u00e9m trhu.<\/p>\n<p><span style=\"font-size: 18pt;\"><strong>STAN: strana \u0161ibal\u016f<\/strong><\/span><\/p>\n<p>P\u0159edseda Raku\u0161an v \u010dele strany STAN, kter\u00e1 je druhou nejd\u016fle\u017eit\u011bj\u0161\u00ed vl\u00e1dn\u00ed stranou, vlastn\u011b ve veden\u00ed t\u00e9to strany t\u00e9m\u011b\u0159 osi\u0159el. Postupn\u011b jej opustili V. Michal\u00edk se sv\u00fdmi probl\u00e9my s da\u0148ov\u00fdmi r\u00e1ji (opustil jej vlastn\u011b te\u010f i fyzicky), d\u00e1le prvn\u00ed m\u00edstop\u0159edseda STAN a \u0161\u00e9f poslaneck\u00e9ho klubu, Farsk\u00fd, skon\u010dil ve sn\u011bmovn\u011b pot\u00e9, co se p\u0159i\u0161lo na to, \u017ee si cht\u011bl ud\u011blat bene a odjet si za pen\u00edze americk\u00fdch hostitel\u016f na univerzitu do USA d\u011blat \u201eodbornou\u201c pr\u00e1ci, ve kter\u00e9 by objevoval prach na cest\u011b. P\u0159i\u0161lo se tedy z\u00e1hy na to, \u017ee poslanec Farsk\u00fd, prvn\u00ed m\u00edstop\u0159edseda STAN ka\u0161le zvysoka na voli\u010de a chce si jen ud\u011blat p\u011bkn\u011b placen\u00fd v\u00fdlet do USA.<\/p>\n<p>V b\u0159eznu se zase p\u0159i\u0161lo na to, \u017ee si dal\u0161\u00ed m\u00edstop\u0159edseda hnut\u00ed, europoslanec Pol\u010d\u00e1k, vy\u00fa\u010dtoval nemalou provizi za sv\u00e9 pr\u00e1vn\u00ed slu\u017eby, kter\u00e9 \u00fadajn\u011b vedly k tomu, \u017ee Vrb\u011btice z\u00edskali p\u0159es 310 mil. korun finan\u010dn\u00edch n\u00e1hrad. Ano, byl to m\u00edstop\u0159edseda t\u00e9\u017ee strany, kter\u00e1 tak r\u00e1da ji\u017e dlouho p\u0159ed volbami do sn\u011bmovny mluvila o konfliktu z\u00e1jm\u016f, ve kter\u00e9m se nal\u00e9z\u00e1 A. Babi\u0161.<\/p>\n<p>Te\u010f odvedli z pra\u017esk\u00e9ho Magistr\u00e1tu pro manipulace t\u00fdkaj\u00edc\u00ed se ob\u0159\u00edch zak\u00e1zek v Dopravn\u00edm podniku, \u0161ibala, je\u0161t\u011b p\u0159ed p\u00e1r des\u00edtkami hodin n\u00e1m\u011bstka prim\u00e1tora za STAN Petra Hlubu\u010dka. S n\u00edm obdr\u017eelo obvin\u011bn\u00ed dal\u0161\u00edch, z\u0159ejm\u011b t\u0159in\u00e1ct \u010di \u010dtrn\u00e1ct, lid\u00ed. N\u011bkter\u00e1 m\u00e9dia nazna\u010duj\u00ed, \u017ee policie tak\u00e9 koum\u00e1 vztahy mezi Hlubu\u010dkem jako p\u0159\u00edpadnou spojkou mezi zlo\u010dineckou skupinou, kterou z\u0159ejm\u011b \u0159\u00eddil lobbista nav\u00e1zan\u00fd na STAN R\u00e9dl, na dal\u0161\u00edho m\u00edstop\u0159edsedu hnut\u00ed a ministra \u0161kolstv\u00ed Gazd\u00edka. Ten ov\u0161em d\u011bl\u00e1 j\u00e1 nic, j\u00e1 muzikant&#8230;Jak dlouho mu to vydr\u017e\u00ed?<\/p>\n<p><strong><em>Ji\u0159\u00ed Paroubek<\/em><\/strong><\/p>\n<p><img decoding=\"async\" loading=\"lazy\" class=\"alignnone size-medium wp-image-2342\" src=\"http:\/\/www.infokuryr.cz\/n\/wp-content\/uploads\/2021\/06\/paroubek-300x208.jpg\" alt=\"\" width=\"300\" height=\"208\" srcset=\"https:\/\/www.infokuryr.cz\/n\/wp-content\/uploads\/2021\/06\/paroubek-300x208.jpg 300w, https:\/\/www.infokuryr.cz\/n\/wp-content\/uploads\/2021\/06\/paroubek.jpg 318w\" sizes=\"(max-width: 300px) 100vw, 300px\" \/><\/p>\n<p>&nbsp;<\/p>\n<\/div>\n","protected":false},"excerpt":{"rendered":"<p>Vlastn\u011b sp\u00ed\u0161e ne\u017e o aroganci vl\u00e1dy, bych m\u011bl v\u00e1\u017en\u011b hovo\u0159it o jej\u00edch autorit\u00e1\u0159sk\u00fdch, ba totalitn\u00edch&#8230;<\/p>\n","protected":false},"author":2,"featured_media":1156,"comment_status":"closed","ping_status":"closed","sticky":false,"template":"","format":"standard","meta":[],"categories":[6],"tags":[29,48,99],"_links":{"self":[{"href":"https:\/\/www.infokuryr.cz\/n\/wp-json\/wp\/v2\/posts\/11631"}],"collection":[{"href":"https:\/\/www.infokuryr.cz\/n\/wp-json\/wp\/v2\/posts"}],"about":[{"href":"https:\/\/www.infokuryr.cz\/n\/wp-json\/wp\/v2\/types\/post"}],"author":[{"embeddable":true,"href":"https:\/\/www.infokuryr.cz\/n\/wp-json\/wp\/v2\/users\/2"}],"replies":[{"embeddable":true,"href":"https:\/\/www.infokuryr.cz\/n\/wp-json\/wp\/v2\/comments?post=11631"}],"version-history":[{"count":1,"href":"https:\/\/www.infokuryr.cz\/n\/wp-json\/wp\/v2\/posts\/11631\/revisions"}],"predecessor-version":[{"id":11632,"href":"https:\/\/www.infokuryr.cz\/n\/wp-json\/wp\/v2\/posts\/11631\/revisions\/11632"}],"wp:featuredmedia":[{"embeddable":true,"href":"https:\/\/www.infokuryr.cz\/n\/wp-json\/wp\/v2\/media\/1156"}],"wp:attachment":[{"href":"https:\/\/www.infokuryr.cz\/n\/wp-json\/wp\/v2\/media?parent=11631"}],"wp:term":[{"taxonomy":"category","embeddable":true,"href":"https:\/\/www.infokuryr.cz\/n\/wp-json\/wp\/v2\/categories?post=11631"},{"taxonomy":"post_tag","embeddable":true,"href":"https:\/\/www.infokuryr.cz\/n\/wp-json\/wp\/v2\/tags?post=11631"}],"curies":[{"name":"wp","href":"https:\/\/api.w.org\/{rel}","templated":true}]}}