{"id":11615,"date":"2022-06-17T08:20:48","date_gmt":"2022-06-17T06:20:48","guid":{"rendered":"http:\/\/www.infokuryr.cz\/n\/?p=11615"},"modified":"2022-06-17T08:20:48","modified_gmt":"2022-06-17T06:20:48","slug":"usekaval-lidem-hlavy-bude-mit-v-kyjeve-ulici","status":"publish","type":"post","link":"https:\/\/www.infokuryr.cz\/n\/2022\/06\/17\/usekaval-lidem-hlavy-bude-mit-v-kyjeve-ulici\/","title":{"rendered":"Usek\u00e1val lidem hlavy. Bude m\u00edt v Kyjev\u011b ulici?"},"content":{"rendered":"<div id=\"fb-root\"><\/div>\n<p>V Kyjev\u011b prost\u0159ednictv\u00edm speci\u00e1ln\u00ed aplikace za\u010dalo hlasov\u00e1n\u00ed o p\u0159ejmenov\u00e1n\u00ed t\u00e9m\u011b\u0159 300 m\u011bstsk\u00fdch toponym souvisej\u00edc\u00edch s Ruskem. Mezi navrhovan\u00fdmi nov\u00fdmi toponymy je mnoho t\u011bch, kter\u00e1 souvis\u00ed s genocidn\u00edm ukrajinsk\u00fdm nacionalismem druh\u00e9 sv\u011btov\u00e9 v\u00e1lky.<\/p>\n<p>Kyjevsk\u00e9 \u00fa\u0159ady hodlaj\u00ed p\u0159ejmenovat t\u00e9m\u011b\u0159 300 ulic, uli\u010dek, n\u00e1m\u011bst\u00ed, t\u0159\u00edd a bulv\u00e1r\u016f, jejich\u017e jm\u00e9na souvis\u00ed s Ruskem. Opomenut nen\u00ed ani v\u00fdznamn\u00fd rusk\u00fd spisovatel Michail Bulgakov, narozen\u00fd v Kyjev\u011b a spojen\u00fd s t\u00edmto m\u011bstem. Z m\u011bstsk\u00e9ho prostoru zmiz\u00ed ulice jako \u010cechovova a Lermontovova. Prost\u0159ednictv\u00edm speci\u00e1ln\u00ed aplikace Digit\u00e1ln\u00ed Kyjev m\u016f\u017ee ka\u017ed\u00fd obyvatel Ukrajiny hlasovat pro navrhovan\u00e1 nov\u00e1 pojmenov\u00e1n\u00ed v ukrajinsk\u00e9 metropoli.<\/p>\n<p>Seznam zve\u0159ejn\u011bn\u00fd na port\u00e1lu Strana.ua ukazuje, \u017ee mezi navrhovan\u00fdmi nov\u00fdmi pojmenov\u00e1n\u00edmi je mnoho kontroverzn\u00edch n\u00e1vrh\u016f souvisej\u00edc\u00edch s genocidn\u00ed verz\u00ed ukrajinsk\u00e9ho nacionalismu. Pat\u0159\u00ed mezi n\u011b nap\u0159\u00edklad Dmytro Hrycaj, jeden z p\u0159edn\u00edch aktivist\u016f OUN-UPA, zmi\u0148ovan\u00fd jako \u201en\u00e1\u010deln\u00edk hlavn\u00edho \u0161t\u00e1bu UPA\u201c a jej\u00ed \u201egener\u00e1lprapor\u010d\u00edk\u201c. S nejv\u011bt\u0161\u00ed pravd\u011bpodobnost\u00ed je dal\u0161\u00edm p\u0159\u00edslu\u0161n\u00edkem UPA v tomto seznamu Petro Olijnyk. Osoba s t\u00edmto jm\u00e9nem a p\u0159\u00edjmen\u00edm byla jedn\u00edm z p\u0159edn\u00edch velitel\u016f UPA na Volyni b\u011bhem voly\u0148sk\u00e9ho masakru. Podle dokument\u016f osobn\u011b lidem po jejich odsouzen\u00ed usek\u00e1val hlavy.<\/p>\n<p>N\u00e1vrh Hrycaje kritizoval na Facebooku p\u0159edseda Ukrajinsk\u00e9ho \u017eidovsk\u00e9ho v\u00fdboru Eduard Dolinsk\u00fd. \u201eSkv\u011bl\u00fd n\u00e1pad, ale jde o to, \u017ee aktivista UPA Dmytro Hrycaj je nacistick\u00fd kolaborant, policista, organiz\u00e1tor a vykonavatel masov\u00fdch vra\u017ed polsk\u00fdch civilist\u016f, v\u010detn\u011b voly\u0148sk\u00e9ho masakru. \u010clov\u011bk by nem\u011bl zapom\u00ednat, co Polsko d\u011bl\u00e1 pro Ukrajinu,\u201c napsal Dolinsk\u00fd a p\u0159ipomn\u011bl, \u017ee polsk\u00fd parlament uznal zlo\u010diny OUN-UPA za genocidu. &#8222;Pro\u010d Kyjevsk\u00e1 rada doporu\u010duje, aby byla ulice pojmenov\u00e1na po masov\u00e9m vrahovi Pol\u00e1k\u016f?&#8220;<\/p>\n<p>V\u00a0dal\u0161\u00edch n\u00e1vrz\u00edch se objevuje jm\u00e9no Mikola\u00a0Michnovski. Ten byl autorem \u0161ovinistick\u00fdch \u201e10 p\u0159ik\u00e1z\u00e1n\u00ed\u201c definuj\u00edc\u00edch mj. Pol\u00e1ky jako \u201enep\u0159\u00e1tele Ukrajiny\u201c, vyz\u00fdvaj\u00ed k nen\u00e1visti k nep\u0159\u00e1tel\u016fm a k \u201evyh\u00e1n\u011bn\u00ed\u201c cizinc\u016f z Ukrajiny. V\u00a0p\u0159\u00edpad\u011b ulice Mar\u0161\u00e1la Malinovsk\u00e9ho je mezi n\u00e1vrhy jm\u00e9no jednoho ze zakladatel\u016f Organizace ukrajinsk\u00fdch nacionalist\u016f Mykoly Kapustiansk\u00e9ho. Tomu ov\u0161em konkuruje n\u00e1vrh na pojmenov\u00e1n\u00ed \u201eHrdin\u016f pluku Azov\u201c.<\/p>\n<p>Podobn\u00fd \u201ev\u00fdkv\u011bt\u201c se objevuje i mezi n\u00e1vrhy na p\u0159ejmenov\u00e1n\u00ed dal\u0161\u00edch topografick\u00fdch m\u00edst v\u00a0Kyjev\u011b.<\/p>\n<p><em>Foto: V\u00e1le\u010dn\u00fd zlo\u010dinec Petro Olijnyk<\/em><\/p>\n<p><img decoding=\"async\" loading=\"lazy\" class=\"alignnone size-full wp-image-1185\" src=\"http:\/\/www.infokuryr.cz\/n\/wp-content\/uploads\/2021\/04\/kuryr-podpis.png\" alt=\"\" width=\"84\" height=\"24\" \/><\/p>\n<p>&nbsp;<\/p>\n","protected":false},"excerpt":{"rendered":"<p>V Kyjev\u011b prost\u0159ednictv\u00edm speci\u00e1ln\u00ed aplikace za\u010dalo hlasov\u00e1n\u00ed o p\u0159ejmenov\u00e1n\u00ed t\u00e9m\u011b\u0159 300 m\u011bstsk\u00fdch toponym souvisej\u00edc\u00edch s&#8230;<\/p>\n","protected":false},"author":2,"featured_media":11616,"comment_status":"closed","ping_status":"closed","sticky":false,"template":"","format":"standard","meta":[],"categories":[7],"tags":[221,26,1668],"_links":{"self":[{"href":"https:\/\/www.infokuryr.cz\/n\/wp-json\/wp\/v2\/posts\/11615"}],"collection":[{"href":"https:\/\/www.infokuryr.cz\/n\/wp-json\/wp\/v2\/posts"}],"about":[{"href":"https:\/\/www.infokuryr.cz\/n\/wp-json\/wp\/v2\/types\/post"}],"author":[{"embeddable":true,"href":"https:\/\/www.infokuryr.cz\/n\/wp-json\/wp\/v2\/users\/2"}],"replies":[{"embeddable":true,"href":"https:\/\/www.infokuryr.cz\/n\/wp-json\/wp\/v2\/comments?post=11615"}],"version-history":[{"count":0,"href":"https:\/\/www.infokuryr.cz\/n\/wp-json\/wp\/v2\/posts\/11615\/revisions"}],"wp:featuredmedia":[{"embeddable":true,"href":"https:\/\/www.infokuryr.cz\/n\/wp-json\/wp\/v2\/media\/11616"}],"wp:attachment":[{"href":"https:\/\/www.infokuryr.cz\/n\/wp-json\/wp\/v2\/media?parent=11615"}],"wp:term":[{"taxonomy":"category","embeddable":true,"href":"https:\/\/www.infokuryr.cz\/n\/wp-json\/wp\/v2\/categories?post=11615"},{"taxonomy":"post_tag","embeddable":true,"href":"https:\/\/www.infokuryr.cz\/n\/wp-json\/wp\/v2\/tags?post=11615"}],"curies":[{"name":"wp","href":"https:\/\/api.w.org\/{rel}","templated":true}]}}