{"id":11614,"date":"2022-06-17T08:18:28","date_gmt":"2022-06-17T06:18:28","guid":{"rendered":"http:\/\/www.infokuryr.cz\/n\/?p=11614"},"modified":"2022-06-17T08:18:28","modified_gmt":"2022-06-17T06:18:28","slug":"jiri-vyvadil-a-neni-ten-putin-jednicka","status":"publish","type":"post","link":"https:\/\/www.infokuryr.cz\/n\/2022\/06\/17\/jiri-vyvadil-a-neni-ten-putin-jednicka\/","title":{"rendered":"Ji\u0159\u00ed Vyvadil: A nen\u00ed ten Putin jedni\u010dka?"},"content":{"rendered":"<div id=\"fb-root\"><\/div>\n<div class=\"perex\"><strong>J\u00e1 v\u00edm, n\u011bkdo z V\u00e1s \u0159ekne, \u017ee Zelensk\u00fd je mnohem popul\u00e1rn\u011bj\u0161\u00cd. Tak to jist\u011b ano. Greta taky opanovala t\u00e9m\u011b\u0159 na dva roky cel\u00fd sv\u011bt a v\u0161ichni ti, kte\u0159\u00ed se dnes klan\u011bj\u00ed Zelensk\u00e9mu, se klan\u011bli i j\u00ed.<\/p>\n<p><\/strong>Z\u00e1pad je veden proudem davov\u00fdch psych\u00f3z. Bylo to hnut\u00ed Black Lives Matter, kter\u00e9 ve sv\u00fdch d\u016fsledc\u00edch rozvr\u00e1tilo policejn\u00ed syst\u00e9m v USA, proto\u017ee jeho z\u00e1kladem byla t\u00e9ze, \u017ee automaticky b\u00edl\u00ed policist\u00e9 diskriminuj\u00ed \u010dern\u00e9 ob\u010dany. I proto se za Bidenovy administrativy zv\u00fd\u0161ila kriminalita. Bylo to hnut\u00ed \u201e Me too\u201c kter\u00e9 pro n\u00e1s oby\u010dejn\u00e9 St\u0159edoevropany za trestn\u00fd \u010din za\u010dalo pokl\u00e1dat jemn\u00e9 nen\u00e1siln\u00e9 p\u0159\u00e1telsk\u00e9 pohlazen\u00ed \u017eeny, \u010di mu\u017ee, a bohud\u00edk p\u0159i\u0161el trest v soudn\u00edm \u0159\u00edzen\u00ed proti Johnny Deppovi, kde ta idiotka prohr\u00e1la.<strong><br \/>\n<\/strong><\/div>\n<div class=\"content\">\n<p>A to u\u017e nemluv\u00edm o naprosto nep\u0159ijateln\u00e9m \u0159\u00edzen\u00ed proti prezidentu Donaldu Trumpovi, kde v\u00a0z\u00e1konod\u00e1rn\u00e9m v\u00fdboru jsou pouze dva \u010dlenov\u00e9 republik\u00e1n\u016f, a \u0159\u00edzen\u00ed je sm\u011b\u0159ov\u00e1no k v\u00fdsledku, \u017ee vyvolal vzpouru- povst\u00e1n\u00ed proti v\u00fdsledk\u016fm hlasov\u00e1n\u00ed. ROVNOST HLAS\u016e? SM\u011a\u0160N\u00c9?<\/p>\n<p>Putin je jist\u011b nejv\u00edce nen\u00e1vid\u011bn\u011bj\u0161\u00edm politikem sv\u011bta v\u00a0z\u00e1padn\u00ed \u010dili t\u00e9 men\u0161\u00ed \u010d\u00e1sti sv\u011bta.<\/p>\n<p>Naopak je nad\u011bj\u00ed pro sv\u011bt, kter\u00fd je uja\u0159mov\u00e1n z\u00e1padn\u00edmi sankcemi, \u00fa\u010delov\u00fdm v\u00fdkladem lidsk\u00fdch pr\u00e1v a ad hoc sankcemi, kter\u00e9 si Z\u00e1pad zvol\u00ed, kdykoliv se mu to hod\u00ed.<\/p>\n<p>I proto prezident Si se dnes vyslovil pro jednozna\u010dnou podporu Ruska.<\/p>\n<p>V\u00a0r\u00e1mci tandemu Rusko \u2013 \u010c\u00edna, geopoliticky toti\u017e Putinovo Rusko hraje prim.<\/p>\n<p>Asi tak.<\/p>\n<\/div>\n<p><a href=\"http:\/\/vasevec.parlamentnilisty.cz\/komentare\/neni-ten-putin-jednicka\">Ji\u0159\u00ed Vyvadil<\/a><\/p>\n<p>&nbsp;<\/p>\n","protected":false},"excerpt":{"rendered":"<p>J\u00e1 v\u00edm, n\u011bkdo z V\u00e1s \u0159ekne, \u017ee Zelensk\u00fd je mnohem popul\u00e1rn\u011bj\u0161\u00cd. Tak to jist\u011b ano&#8230;.<\/p>\n","protected":false},"author":2,"featured_media":672,"comment_status":"closed","ping_status":"closed","sticky":false,"template":"","format":"standard","meta":[],"categories":[6],"tags":[29,122,102],"_links":{"self":[{"href":"https:\/\/www.infokuryr.cz\/n\/wp-json\/wp\/v2\/posts\/11614"}],"collection":[{"href":"https:\/\/www.infokuryr.cz\/n\/wp-json\/wp\/v2\/posts"}],"about":[{"href":"https:\/\/www.infokuryr.cz\/n\/wp-json\/wp\/v2\/types\/post"}],"author":[{"embeddable":true,"href":"https:\/\/www.infokuryr.cz\/n\/wp-json\/wp\/v2\/users\/2"}],"replies":[{"embeddable":true,"href":"https:\/\/www.infokuryr.cz\/n\/wp-json\/wp\/v2\/comments?post=11614"}],"version-history":[{"count":0,"href":"https:\/\/www.infokuryr.cz\/n\/wp-json\/wp\/v2\/posts\/11614\/revisions"}],"wp:featuredmedia":[{"embeddable":true,"href":"https:\/\/www.infokuryr.cz\/n\/wp-json\/wp\/v2\/media\/672"}],"wp:attachment":[{"href":"https:\/\/www.infokuryr.cz\/n\/wp-json\/wp\/v2\/media?parent=11614"}],"wp:term":[{"taxonomy":"category","embeddable":true,"href":"https:\/\/www.infokuryr.cz\/n\/wp-json\/wp\/v2\/categories?post=11614"},{"taxonomy":"post_tag","embeddable":true,"href":"https:\/\/www.infokuryr.cz\/n\/wp-json\/wp\/v2\/tags?post=11614"}],"curies":[{"name":"wp","href":"https:\/\/api.w.org\/{rel}","templated":true}]}}