{"id":11609,"date":"2022-06-17T08:11:34","date_gmt":"2022-06-17T06:11:34","guid":{"rendered":"http:\/\/www.infokuryr.cz\/n\/?p=11609"},"modified":"2022-06-17T08:11:34","modified_gmt":"2022-06-17T06:11:34","slug":"mnoho-deti-v-usa-je-nakazeno-ruznymi-viry-vcetne-noveho-koronaviru","status":"publish","type":"post","link":"https:\/\/www.infokuryr.cz\/n\/2022\/06\/17\/mnoho-deti-v-usa-je-nakazeno-ruznymi-viry-vcetne-noveho-koronaviru\/","title":{"rendered":"Mnoho d\u011bt\u00ed v USA je naka\u017eeno r\u016fzn\u00fdmi viry v\u010detn\u011b nov\u00e9ho koronaviru"},"content":{"rendered":"<div id=\"fb-root\"><\/div>\n<p>Podle zpr\u00e1vy americk\u00e9ho den\u00edku Washington Post ze 13. \u010dervna bylo mnoho d\u011bt\u00ed ve Spojen\u00fdch st\u00e1tech naka\u017eeno r\u016fzn\u00fdmi viry a ameri\u010dt\u00ed zdravotni\u010dt\u00ed odborn\u00edci se domn\u00edvaj\u00ed, \u017ee tato situace je velmi vz\u00e1cn\u00e1.<\/p>\n<p>Thomas Murray, pediatr Institutu medic\u00edny na Yaleov\u011b univerzit\u011b, 13. \u010dervna \u0159ekl, \u017ee jeho t\u00fdm ned\u00e1vno zjistil, \u017ee mnoho d\u011bt\u00ed bylo infikov\u00e1no r\u016fzn\u00fdmi viry. N\u011bkter\u00e9 d\u011bti, kter\u00e9 byly p\u0159ijaty do nemocnice, byly infikov\u00e1ny dv\u011bma viry, n\u011bkter\u00e9 d\u011bti byly infikov\u00e1ny t\u0159emi viry sou\u010dasn\u011b a n\u011bkter\u00e9 byly dokonce infikov\u00e1ny sedmi respira\u010dn\u00edmi viry v\u010detn\u011b nov\u00e9ho koronaviru. Murray \u0159ekl: \u201eTato situace je vz\u00e1cn\u00e1 kdykoli b\u011bhem roku a v kv\u011btnu a \u010dervnu je je\u0161t\u011b neobvyklej\u0161\u00ed.\u201c<\/p>\n<p>Americk\u00fd epidemiologick\u00fd odborn\u00edk Michael Mina uvedl, \u017ee imunitn\u00ed syst\u00e9m d\u011bt\u00ed byl b\u011bhem epidemie COVID-19 oslaben. \u00dadaje z americk\u00e9ho Centra pro kontrolu a prevenci nemoc\u00ed (CDC) ukazuj\u00ed, \u017ee v posledn\u00edch t\u00fddnech do\u0161lo k abnorm\u00e1ln\u00edmu zv\u00fd\u0161en\u00ed po\u010dtu p\u0159\u00edpad\u016f ch\u0159ipky u d\u011bt\u00ed.<\/p>\n<p><img decoding=\"async\" loading=\"lazy\" class=\"alignnone size-full wp-image-1185\" src=\"http:\/\/www.infokuryr.cz\/n\/wp-content\/uploads\/2021\/04\/kuryr-podpis.png\" alt=\"\" width=\"84\" height=\"24\" \/><\/p>\n<p>&nbsp;<\/p>\n","protected":false},"excerpt":{"rendered":"<p>Podle zpr\u00e1vy americk\u00e9ho den\u00edku Washington Post ze 13. \u010dervna bylo mnoho d\u011bt\u00ed ve Spojen\u00fdch st\u00e1tech&#8230;<\/p>\n","protected":false},"author":2,"featured_media":11610,"comment_status":"closed","ping_status":"closed","sticky":false,"template":"","format":"standard","meta":[],"categories":[7],"tags":[245,37,579],"_links":{"self":[{"href":"https:\/\/www.infokuryr.cz\/n\/wp-json\/wp\/v2\/posts\/11609"}],"collection":[{"href":"https:\/\/www.infokuryr.cz\/n\/wp-json\/wp\/v2\/posts"}],"about":[{"href":"https:\/\/www.infokuryr.cz\/n\/wp-json\/wp\/v2\/types\/post"}],"author":[{"embeddable":true,"href":"https:\/\/www.infokuryr.cz\/n\/wp-json\/wp\/v2\/users\/2"}],"replies":[{"embeddable":true,"href":"https:\/\/www.infokuryr.cz\/n\/wp-json\/wp\/v2\/comments?post=11609"}],"version-history":[{"count":0,"href":"https:\/\/www.infokuryr.cz\/n\/wp-json\/wp\/v2\/posts\/11609\/revisions"}],"wp:featuredmedia":[{"embeddable":true,"href":"https:\/\/www.infokuryr.cz\/n\/wp-json\/wp\/v2\/media\/11610"}],"wp:attachment":[{"href":"https:\/\/www.infokuryr.cz\/n\/wp-json\/wp\/v2\/media?parent=11609"}],"wp:term":[{"taxonomy":"category","embeddable":true,"href":"https:\/\/www.infokuryr.cz\/n\/wp-json\/wp\/v2\/categories?post=11609"},{"taxonomy":"post_tag","embeddable":true,"href":"https:\/\/www.infokuryr.cz\/n\/wp-json\/wp\/v2\/tags?post=11609"}],"curies":[{"name":"wp","href":"https:\/\/api.w.org\/{rel}","templated":true}]}}