{"id":11607,"date":"2022-06-16T05:02:20","date_gmt":"2022-06-16T03:02:20","guid":{"rendered":"http:\/\/www.infokuryr.cz\/n\/?p=11607"},"modified":"2022-06-16T05:02:20","modified_gmt":"2022-06-16T03:02:20","slug":"londyn-naridil-kyjevu-aby-se-zabyval-propustenim-zoldaku-odsouzenych-v-dlr","status":"publish","type":"post","link":"https:\/\/www.infokuryr.cz\/n\/2022\/06\/16\/londyn-naridil-kyjevu-aby-se-zabyval-propustenim-zoldaku-odsouzenych-v-dlr\/","title":{"rendered":"Lond\u00fdn na\u0159\u00eddil Kyjevu, aby se zab\u00fdval propu\u0161t\u011bn\u00edm \u017eold\u00e1k\u016f odsouzen\u00fdch v DLR"},"content":{"rendered":"<div id=\"fb-root\"><\/div>\n<p>Lond\u00fdn na\u0159\u00eddil Kyjevu, aby se zab\u00fdval propu\u0161t\u011bn\u00edm britsk\u00fdch \u017eold\u00e1k\u016f odsouzen\u00fdch k smrti.<\/p>\n<p>Lond\u00fdn na\u0159\u00eddil Kyjevu, aby se zab\u00fdval propu\u0161t\u011bn\u00edm britsk\u00fdch \u017eold\u00e1k\u016f Seana Pinnera a Aidena Aslina odsouzen\u00fdch k smrti na Donbasu, \u0159ekl rusk\u00fd velvyslanec ve Spojen\u00e9m kr\u00e1lovstv\u00ed Andrej Kelin 15. \u010dervna na televizn\u00edm kan\u00e1lu\u00a0<a href=\"https:\/\/smotrim.ru\/live\/21\" target=\"_blank\" rel=\"noreferrer noopener\">Russia 24<\/a>.<\/p>\n<p><em>\u201eTak uvid\u00edme, jak se s t\u00edm Kyjev vypo\u0159\u00e1d\u00e1,\u201c\u00a0<\/em>\u0159ekl velvyslanec.<\/p>\n<p>Podle diplomata se Velk\u00e1 Brit\u00e1nie na Rusko neobr\u00e1tila.<\/p>\n<p>Dne 14. \u010dervna tiskov\u00fd tajemn\u00edk prezidenta Rusk\u00e9 federace\u00a0<a href=\"https:\/\/iz.ru\/1349280\/2022-06-14\/london-ne-obrashchalsia-k-moskve-po-prigovoru-v-dnr-dvum-britanskim-naemnikam\" target=\"_blank\" rel=\"noreferrer noopener\">Dmitrij Peskov poznamenal<\/a>, \u017ee Lond\u00fdn se ohledn\u011b trestu smrti v Don\u011bck\u00e9 lidov\u00e9 republice (DLR) pro dva britsk\u00e9 ob\u010dany na\u00a0<a href=\"https:\/\/iz.ru\/tag\/moskva\" target=\"_blank\" rel=\"noreferrer noopener\">Moskvu<\/a>\u00a0neobr\u00e1til.<\/p>\n<p>9. \u010dervna Nejvy\u0161\u0161\u00ed soud DLR odsoudil\u00a0<a href=\"https:\/\/iz.ru\/1347461\/2022-06-09\/verkhovnyi-sud-dnr-prigovoril-inostrannykh-naemnikov-k-smertnoi-kazni\" target=\"_blank\" rel=\"noreferrer noopener\">k smrti<\/a>\u00a0t\u0159i zahrani\u010dn\u00ed \u017eold\u00e1ky, v\u010detn\u011b dvou Brit\u016f.\u00a0Do m\u011bs\u00edce se mohou proti rozhodnut\u00ed soudu odvolat.\u00a0Den p\u0159edt\u00edm\u00a0<a href=\"https:\/\/iz.ru\/1346991\/2022-06-08\/naemnik-iz-marokko-v-sude-dnr-priznal-sebia-vinovnym-v-popytke-zakhvata-vlasti\" target=\"_blank\" rel=\"noreferrer noopener\">ob\u017ealovan\u00ed uznali vinu<\/a>\u00a0podle \u010dl.\u00a0232 trestn\u00edho z\u00e1kon\u00edku DLR (\u201eV\u00fdcvik k prov\u00e1d\u011bn\u00ed teroristick\u00fdch \u010dinnost\u00ed\u201c).\u00a0Pinner a Brahim se tak\u00e9 p\u0159iznali k n\u00e1siln\u00e9mu p\u0159evzet\u00ed moci.<\/p>\n<p>Po verdiktu\u00a0<a href=\"https:\/\/iz.ru\/tag\/ukraina\" target=\"_blank\" rel=\"noreferrer noopener\">Ukrajina<\/a>,\u00a0<a href=\"https:\/\/iz.ru\/tag\/ssha\" target=\"_blank\" rel=\"noreferrer noopener\">USA<\/a>\u00a0a Spojen\u00e9 kr\u00e1lovstv\u00ed uvedly, \u017ee \u017eold\u00e1ci by m\u011bli b\u00fdt pova\u017eov\u00e1ni za v\u00e1le\u010dn\u00e9 zajatce.\u00a0Britsk\u00e1 ministryn\u011b zahrani\u010d\u00ed Liz Trussov\u00e1 ozna\u010dila rozsudek nad britsk\u00fdmi \u017eold\u00e1ky\u00a0<a href=\"https:\/\/iz.ru\/1347922\/trass-obsudila-s-kuleboi-usiliia-po-osvobozhdeniiu-osuzhdennykh-v-dnr-britantcev\" target=\"_blank\" rel=\"noreferrer noopener\">za hrub\u00e9 poru\u0161en\u00ed<\/a>\u00a0\u017denevsk\u00e9 konvence.<\/p>\n<p>Nicm\u00e9n\u011b, jak ji\u017e bylo uvedeno v DLR a na ministerstvu obrany RF, ozbrojenci, kte\u0159\u00ed dobrovoln\u011b p\u0159ich\u00e1zej\u00ed bojovat na Donbas, nejsou pova\u017eov\u00e1ni za voj\u00e1ky.\u00a0Ofici\u00e1ln\u00ed z\u00e1stupkyn\u011b rusk\u00e9ho ministerstva zahrani\u010d\u00ed Maria Zacharova tak\u00e9 zd\u016fraznila, \u017ee odsouzen\u00ed\u00a0<a href=\"https:\/\/iz.ru\/1347890\/2022-06-10\/zakharova-prokommentirovala-smertnyi-prigovor-naemnikam-v-dnr\" target=\"_blank\" rel=\"noreferrer noopener\">nejsou v\u00e1le\u010dn\u00ed zajatci, ale \u017eold\u00e1ci<\/a>, podle mezin\u00e1rodn\u00edho humanit\u00e1rn\u00edho pr\u00e1va prost\u011b nemaj\u00ed pr\u00e1vo na status v\u00e1le\u010dn\u00e9ho zajatce.<\/p>\n<p><a href=\"https:\/\/bit.ly\/3xSkthf\">ZDROJ<\/a><\/p>\n<p>&nbsp;<\/p>\n","protected":false},"excerpt":{"rendered":"<p>Lond\u00fdn na\u0159\u00eddil Kyjevu, aby se zab\u00fdval propu\u0161t\u011bn\u00edm britsk\u00fdch \u017eold\u00e1k\u016f odsouzen\u00fdch k smrti. Lond\u00fdn na\u0159\u00eddil Kyjevu,&#8230;<\/p>\n","protected":false},"author":2,"featured_media":11323,"comment_status":"closed","ping_status":"closed","sticky":false,"template":"","format":"standard","meta":[],"categories":[7],"tags":[221,306,1870],"_links":{"self":[{"href":"https:\/\/www.infokuryr.cz\/n\/wp-json\/wp\/v2\/posts\/11607"}],"collection":[{"href":"https:\/\/www.infokuryr.cz\/n\/wp-json\/wp\/v2\/posts"}],"about":[{"href":"https:\/\/www.infokuryr.cz\/n\/wp-json\/wp\/v2\/types\/post"}],"author":[{"embeddable":true,"href":"https:\/\/www.infokuryr.cz\/n\/wp-json\/wp\/v2\/users\/2"}],"replies":[{"embeddable":true,"href":"https:\/\/www.infokuryr.cz\/n\/wp-json\/wp\/v2\/comments?post=11607"}],"version-history":[{"count":0,"href":"https:\/\/www.infokuryr.cz\/n\/wp-json\/wp\/v2\/posts\/11607\/revisions"}],"wp:featuredmedia":[{"embeddable":true,"href":"https:\/\/www.infokuryr.cz\/n\/wp-json\/wp\/v2\/media\/11323"}],"wp:attachment":[{"href":"https:\/\/www.infokuryr.cz\/n\/wp-json\/wp\/v2\/media?parent=11607"}],"wp:term":[{"taxonomy":"category","embeddable":true,"href":"https:\/\/www.infokuryr.cz\/n\/wp-json\/wp\/v2\/categories?post=11607"},{"taxonomy":"post_tag","embeddable":true,"href":"https:\/\/www.infokuryr.cz\/n\/wp-json\/wp\/v2\/tags?post=11607"}],"curies":[{"name":"wp","href":"https:\/\/api.w.org\/{rel}","templated":true}]}}