{"id":11606,"date":"2022-06-16T04:59:08","date_gmt":"2022-06-16T02:59:08","guid":{"rendered":"http:\/\/www.infokuryr.cz\/n\/?p=11606"},"modified":"2022-06-16T04:59:08","modified_gmt":"2022-06-16T02:59:08","slug":"beloruska-prokuratura-bude-zkoumat-cinnost-dedy-polskeho-prezidenta-dudy","status":"publish","type":"post","link":"https:\/\/www.infokuryr.cz\/n\/2022\/06\/16\/beloruska-prokuratura-bude-zkoumat-cinnost-dedy-polskeho-prezidenta-dudy\/","title":{"rendered":"B\u011blorusk\u00e1 prokuratura bude zkoumat \u010dinnost d\u011bdy polsk\u00e9ho prezidenta Dudy"},"content":{"rendered":"<div id=\"fb-root\"><\/div>\n<p>Minsk ozn\u00e1mil zvl\u00e1\u0161tn\u00ed krutost d\u011bdy prezidenta Polska v \u0159ad\u00e1ch ukrajinsk\u00fdch karatel\u016f.<\/p>\n<p><strong>Minsk za\u010dal dokumentovat \u010dinnost d\u011bdy polsk\u00e9ho prezidenta Andrzeje Dudy, kter\u00fd byl sou\u010d\u00e1st\u00ed ukrajinsk\u00e9ho trestn\u00edho praporu operuj\u00edc\u00edho na b\u011blorusk\u00e9m \u00fazem\u00ed b\u011bhem Velk\u00e9 vlasteneck\u00e9 v\u00e1lky, uvedla b\u011blorusk\u00e1 gener\u00e1ln\u00ed prokuratura.<\/strong><\/p>\n<p><a href=\"https:\/\/ria.ru\/\" target=\"_blank\" rel=\"noreferrer noopener\">\u201eNyn\u00ed aktivn\u011b dokumentujeme \u010dinnost d\u011bdy polsk\u00e9ho prezidenta Dudy, kter\u00fd byl sou\u010d\u00e1st\u00ed ukrajinsk\u00e9ho trestn\u00edho praporu a byl obzvl\u00e1\u0161t\u011b krut\u00fd, p\u0159edev\u0161\u00edm v Minsk\u00e9 a Vitebsk\u00e9 oblasti,\u201c \u0159ekl RIA Novosti<\/a>\u00a0 gener\u00e1ln\u00ed prokur\u00e1tor Andrej \u0160ved.\u00a0Vedouc\u00ed resortu to uvedl p\u0159i vystoupen\u00ed v Minsku na parlamentn\u00ed konferenci \u201eHistorick\u00e1 pam\u011b\u0165: Velk\u00e9 v\u00edt\u011bzstv\u00ed z\u00edskan\u00e9 jednotou\u201c.<\/p>\n<p>V dubnu 2021 \u0160ved ozn\u00e1mil, \u017ee zah\u00e1jil trestn\u00ed \u0159\u00edzen\u00ed ve v\u011bci genocidy obyvatelstva B\u011blorusk\u00e9 SSR b\u011bhem Velk\u00e9 vlasteneck\u00e9 v\u00e1lky.\u00a0 Gener\u00e1ln\u00ed prokur\u00e1tor rovn\u011b\u017e uvedl, \u017ee b\u011blorusk\u00e1 strana m\u00e1 v \u00famyslu p\u0159edlo\u017eit mezin\u00e1rodn\u00edmu tribun\u00e1lu d\u016fkazy k zah\u00e1jen\u00ed \u0159\u00edzen\u00ed o uzn\u00e1n\u00ed genocidy b\u011blorusk\u00e9ho lidu b\u011bhem v\u00e1le\u010dn\u00fdch let.<\/p>\n<p><em>Pro Pokec p\u0159elo\u017eila Janinna.<\/em><\/p>\n<p><a href=\"https:\/\/bit.ly\/3xxpvym\">ZDROJ<\/a><\/p>\n<p>&nbsp;<\/p>\n","protected":false},"excerpt":{"rendered":"<p>Minsk ozn\u00e1mil zvl\u00e1\u0161tn\u00ed krutost d\u011bdy prezidenta Polska v \u0159ad\u00e1ch ukrajinsk\u00fdch karatel\u016f. Minsk za\u010dal dokumentovat \u010dinnost&#8230;<\/p>\n","protected":false},"author":2,"featured_media":5086,"comment_status":"closed","ping_status":"closed","sticky":false,"template":"","format":"standard","meta":[],"categories":[7],"tags":[150,1267,2491,1398],"_links":{"self":[{"href":"https:\/\/www.infokuryr.cz\/n\/wp-json\/wp\/v2\/posts\/11606"}],"collection":[{"href":"https:\/\/www.infokuryr.cz\/n\/wp-json\/wp\/v2\/posts"}],"about":[{"href":"https:\/\/www.infokuryr.cz\/n\/wp-json\/wp\/v2\/types\/post"}],"author":[{"embeddable":true,"href":"https:\/\/www.infokuryr.cz\/n\/wp-json\/wp\/v2\/users\/2"}],"replies":[{"embeddable":true,"href":"https:\/\/www.infokuryr.cz\/n\/wp-json\/wp\/v2\/comments?post=11606"}],"version-history":[{"count":0,"href":"https:\/\/www.infokuryr.cz\/n\/wp-json\/wp\/v2\/posts\/11606\/revisions"}],"wp:featuredmedia":[{"embeddable":true,"href":"https:\/\/www.infokuryr.cz\/n\/wp-json\/wp\/v2\/media\/5086"}],"wp:attachment":[{"href":"https:\/\/www.infokuryr.cz\/n\/wp-json\/wp\/v2\/media?parent=11606"}],"wp:term":[{"taxonomy":"category","embeddable":true,"href":"https:\/\/www.infokuryr.cz\/n\/wp-json\/wp\/v2\/categories?post=11606"},{"taxonomy":"post_tag","embeddable":true,"href":"https:\/\/www.infokuryr.cz\/n\/wp-json\/wp\/v2\/tags?post=11606"}],"curies":[{"name":"wp","href":"https:\/\/api.w.org\/{rel}","templated":true}]}}