{"id":11604,"date":"2022-06-16T04:56:08","date_gmt":"2022-06-16T02:56:08","guid":{"rendered":"http:\/\/www.infokuryr.cz\/n\/?p=11604"},"modified":"2022-06-16T04:56:08","modified_gmt":"2022-06-16T02:56:08","slug":"recti-generalove-na-pokraji-vzpoury-nechteji-dat-ukrajine-zbrane-na-prikaz-spojenych-statu","status":"publish","type":"post","link":"https:\/\/www.infokuryr.cz\/n\/2022\/06\/16\/recti-generalove-na-pokraji-vzpoury-nechteji-dat-ukrajine-zbrane-na-prikaz-spojenych-statu\/","title":{"rendered":"\u0158e\u010dt\u00ed gener\u00e1lov\u00e9 na pokraji vzpoury \u2013 necht\u011bj\u00ed d\u00e1t Ukrajin\u011b zbran\u011b na p\u0159\u00edkaz Spojen\u00fdch st\u00e1t\u016f"},"content":{"rendered":"<div id=\"fb-root\"><\/div>\n<p>Washington po\u017eaduje, aby \u0158ecko p\u0159evezlo na Ukrajinu sov\u011btsk\u00e9 a rusk\u00e9 zbran\u011b, kter\u00e9 dob\u0159e slou\u017eily 30 let a \u0159e\u010dt\u00ed gener\u00e1lov\u00e9 se jich nehodlaj\u00ed vzd\u00e1t.<\/p>\n<p>Uvedl to \u0159eck\u00fd novin\u00e1\u0159 Dimitris Liacos ve vys\u00edl\u00e1n\u00ed balk\u00e1nsk\u00e9ho televizn\u00edho kan\u00e1lu YouTube \u00ab\u0411\u0430\u043b\u043a\u0430\u043d\u0438\u0441\u0442 \u0422\u0412\u00bb, informuje PolitNavigator.<\/p>\n<p><em>\u201e\u0158eck\u00e1 spole\u010dnost je ze 71 procent absolutn\u011b proti tomu, aby \u0159eck\u00e9 veden\u00ed d\u00e1valo Ukrajin\u011b zbran\u011b.\u00a0 Nejedn\u00e1 se o oby\u010dejn\u00fd kala\u0161nikov, ale o houfnice a tak d\u00e1le.\u00a0Z Ameriky je velmi siln\u00fd tlak, aby se \u0158ecko zbavilo v\u0161eho rusk\u00e9ho a sov\u011btsk\u00e9ho v oblasti zbrojen\u00ed.\u00a0Jedn\u00e1 se o jedinou zemi NATO se syst\u00e9mem protivzdu\u0161n\u00e9 obrany S-300 (Slovensko m\u011blo mal\u00fd po\u010det, ale my m\u00e1me pln\u00fd).\u00a0<\/em><\/p>\n<p><em>\u0158e\u010dt\u00ed gener\u00e1lov\u00e9 nyn\u00ed mohou prov\u00e9st n\u011bjakou vzpouru, proto\u017ee na z\u00e1klad\u011b t\u011bchto sov\u011btsk\u00fdch a rusk\u00fdch syst\u00e9m\u016f se dr\u017e\u00ed obrana \u0158ecka na ostrovech, odkud je tureck\u00e9 pob\u0159e\u017e\u00ed na dosah.<\/em><\/p>\n<p><em>Gener\u00e1lov\u00e9 NATO, \u0158ekov\u00e9, otev\u0159en\u011b \u0159\u00edkaj\u00ed: nem\u016f\u017eeme odhalit na\u0161i obranu a vzdu\u0161n\u00fd prostor p\u0159ed Turky, proto\u017ee to tak chce Ameri\u010dan.\u00a0 Pro\u010d je d\u00e1vat pry\u010d?\u00a0Posledn\u00edch 20-30 let n\u00e1m poskytuj\u00ed takovou ochranu, takov\u00fd ochrann\u00fd de\u0161tn\u00edk, jak\u00fd jsme nikdy nem\u011bli.\u00a0Pro\u010d to odtud odstra\u0148ovat kv\u016fli n\u011bjak\u00e9 Ukrajin\u011b?\u00a0I takov\u00e9 ot\u00e1zky zazn\u00edvaj\u00ed,\u201c\u00a0<\/em>\u0159ekl Liacos.<\/p>\n<h2><\/h2>\n<p><iframe loading=\"lazy\" src=\"https:\/\/vk.com\/video_ext.php?oid=-66772954&amp;id=456240005&amp;hash=9b8ae02063a6794c\" width=\"800\" height=\"440\" frameborder=\"0\" allowfullscreen=\"allowfullscreen\" data-gtm-yt-inspected-12=\"true\" data-mce-fragment=\"1\"><\/iframe><\/p>\n<p><em>Pro Pokec p\u0159elo\u017eila Janinna.<\/em><\/p>\n<p><a href=\"https:\/\/bit.ly\/3xvnqDh\">ZDROJ<\/a><\/p>\n<p>&nbsp;<\/p>\n","protected":false},"excerpt":{"rendered":"<p>Washington po\u017eaduje, aby \u0158ecko p\u0159evezlo na Ukrajinu sov\u011btsk\u00e9 a rusk\u00e9 zbran\u011b, kter\u00e9 dob\u0159e slou\u017eily 30&#8230;<\/p>\n","protected":false},"author":2,"featured_media":11605,"comment_status":"closed","ping_status":"closed","sticky":false,"template":"","format":"standard","meta":[],"categories":[7],"tags":[2543,39,539,26,73],"_links":{"self":[{"href":"https:\/\/www.infokuryr.cz\/n\/wp-json\/wp\/v2\/posts\/11604"}],"collection":[{"href":"https:\/\/www.infokuryr.cz\/n\/wp-json\/wp\/v2\/posts"}],"about":[{"href":"https:\/\/www.infokuryr.cz\/n\/wp-json\/wp\/v2\/types\/post"}],"author":[{"embeddable":true,"href":"https:\/\/www.infokuryr.cz\/n\/wp-json\/wp\/v2\/users\/2"}],"replies":[{"embeddable":true,"href":"https:\/\/www.infokuryr.cz\/n\/wp-json\/wp\/v2\/comments?post=11604"}],"version-history":[{"count":0,"href":"https:\/\/www.infokuryr.cz\/n\/wp-json\/wp\/v2\/posts\/11604\/revisions"}],"wp:featuredmedia":[{"embeddable":true,"href":"https:\/\/www.infokuryr.cz\/n\/wp-json\/wp\/v2\/media\/11605"}],"wp:attachment":[{"href":"https:\/\/www.infokuryr.cz\/n\/wp-json\/wp\/v2\/media?parent=11604"}],"wp:term":[{"taxonomy":"category","embeddable":true,"href":"https:\/\/www.infokuryr.cz\/n\/wp-json\/wp\/v2\/categories?post=11604"},{"taxonomy":"post_tag","embeddable":true,"href":"https:\/\/www.infokuryr.cz\/n\/wp-json\/wp\/v2\/tags?post=11604"}],"curies":[{"name":"wp","href":"https:\/\/api.w.org\/{rel}","templated":true}]}}