{"id":11581,"date":"2022-06-16T01:01:07","date_gmt":"2022-06-15T23:01:07","guid":{"rendered":"http:\/\/www.infokuryr.cz\/n\/?p=11581"},"modified":"2022-06-15T17:51:22","modified_gmt":"2022-06-15T15:51:22","slug":"prazsky-magistrat-peles-lotrovska","status":"publish","type":"post","link":"https:\/\/www.infokuryr.cz\/n\/2022\/06\/16\/prazsky-magistrat-peles-lotrovska\/","title":{"rendered":"Pra\u017esk\u00fd magistr\u00e1t: pele\u0161 lotrovsk\u00e1"},"content":{"rendered":"<div id=\"fb-root\"><\/div>\n<p><strong>Je to smutn\u00e9 p\u0159edstaven\u00ed se d\u00edvat na borce z veden\u00ed hl. m. Prahy, z m\u011bstsk\u00e9 rady.<\/strong><\/p>\n<p>Jejich neschopnost \u0159e\u0161it re\u00e1ln\u00e9 probl\u00e9my hlavn\u00edho m\u011bsta je a\u017e komick\u00e1. Kdyby nebylo chaosu v pra\u017esk\u00fdch ulic\u00edch, zp\u016fsoben\u00e9ho zcela nep\u0159edv\u00eddateln\u00fdm prov\u00e1d\u011bn\u00edm pra\u017esk\u00fdch uzav\u00edrek a omezen\u00ed silnic, ani by v\u011bt\u0161ina Pra\u017ean\u016f netu\u0161ila, \u017ee veden\u00ed m\u011bsta je\u0161t\u011b existuje. Mo\u017en\u00e1, \u017ee jsem v hor\u0161\u00ed situaci ne\u017e v\u011bt\u0161ina Pra\u017ean\u016f, proto\u017ee jsem p\u0159es patn\u00e1ct let p\u016fsobil v pra\u017esk\u00e9m Zastupitelstvu jako jeho \u010dlen a v letech 1998 \u2013 2004 jako n\u00e1m\u011bstek prim\u00e1tora pro oblast financ\u00ed.<\/p>\n<p>Za tu dobu si nepamatuji, \u017ee by vznikl takov\u00fd probl\u00e9m, jak\u00fd dnes \u0159e\u0161\u00ed na pra\u017esk\u00e9 radnici policie a st\u00e1tn\u00ed zastupitelstv\u00ed. A sice, \u017ee jeden\u00e1ct lid\u00ed, v\u011bt\u0161inou z pra\u017esk\u00e9ho Dopravn\u00edho podniku, v\u010detn\u011b n\u00e1m\u011bstka prim\u00e1tora pro dopravu, exponenta strany \u0161ibal\u016f STAN, Petra Hlubu\u010dka, bylo obvin\u011bno polici\u00ed z trestn\u00e9ho \u010dinu. Jedn\u00edm z t\u011bchto obvin\u011bn\u00fdch je tak\u00e9 jin\u00fd zn\u00e1m\u00fd \u0161ibal, \u0161ed\u00e1 eminence strany STAN, Michal R\u00e9dl.<\/p>\n<p>Je to ji\u017e n\u011bkolik\u00e1t\u00e1 smutn\u00e1 ud\u00e1lost, kter\u00e1 prov\u00e1z\u00ed stranu STAN, je\u017e se zm\u011bnila v pr\u016fb\u011bhu pom\u011brn\u011b kr\u00e1tk\u00e9ho \u010dasu ve stranu \u0161ibal\u016f. Jsem zv\u011bdav, jak na to bude veden\u00ed hnut\u00ed STAN reagovat.<\/p>\n<p>Pokud si vzpom\u00edn\u00e1m na sv\u00e9 p\u016fsoben\u00ed ve vrcholn\u00e9 politice, tak jsem, coby p\u0159edseda vl\u00e1dy a p\u0159edseda \u010cSSD, pokud byl n\u011bkdo z \u010dlen\u016f t\u00e9to strany obvin\u011bn polici\u00ed z trestn\u00e9ho \u010dinu reagoval tak, \u017ee doty\u010dn\u00fd vylet\u011bl ze strany jako Sputnik. Padni komu padni. Bohu\u017eel se po \u010dase uk\u00e1zalo, \u017ee v\u011bt\u0161ina t\u011bchto obvin\u011bn\u00ed v m\u00e9 \u00e9\u0159e p\u0159edsednictv\u00ed \u010cSSD, byla polici\u00ed, zejm\u00e9na Kubiceho \u00fatvarem \u00daOOZ, vykonstruov\u00e1na. Nez\u00e1visl\u00e9 soudy tyto konstrukce na \u0161t\u011bst\u00ed po \u010dase odm\u00edtly. Nicm\u00e9n\u011b, postup mnou pou\u017eit\u00fd je standardn\u00ed postup, kter\u00fd je b\u011b\u017en\u00fd v z\u00e1padoevropsk\u00fdch zem\u00edch, kam snad, jak douf\u00e1m, sm\u011b\u0159ujeme. Anebo chceme sm\u011b\u0159ovat.<\/p>\n<p>P\u00e1nov\u00e9 ze STAN ov\u0161em mo\u017en\u00e1 maj\u00ed jin\u00fd p\u0159\u00edstup. A j\u00e1 bych byl r\u00e1d, aby v t\u00e9 hlouposti pokra\u010dovali a Hlubu\u010dka br\u00e1nili. Pan n\u00e1m\u011bstek Hlubu\u010dek se objevuje u hlavn\u00edch tah\u016f silnic v Praze spolu s p\u0159edsedou STAN Raku\u0161anem na billboardech, jako l\u00eddr t\u00e9to strany \u0161ibal\u016f pro z\u00e1\u0159ijov\u00e9 volby do Zastupitelstva hl. m. Prahy.<\/p>\n<p>Pokud Hlubu\u010dka veden\u00ed STAN bude br\u00e1nit a ignorovat zji\u0161t\u011bn\u00ed policie a prokuratury, co\u017e bych si sv\u00fdm zp\u016fsobem p\u0159\u00e1l, volebn\u00ed vyhl\u00eddky t\u00e9to strany v Praze klesnou na minimum. A to by bylo dob\u0159e.<\/p>\n<p><a href=\"http:\/\/vasevec.parlamentnilisty.cz\/domaci-politika\/prazsky-magistrat-peles-lotrovska\">Ji\u0159\u00ed Paroubek<\/a><\/p>\n<p><img decoding=\"async\" loading=\"lazy\" class=\"alignnone size-medium wp-image-2342\" src=\"http:\/\/www.infokuryr.cz\/n\/wp-content\/uploads\/2021\/06\/paroubek-300x208.jpg\" alt=\"\" width=\"300\" height=\"208\" srcset=\"https:\/\/www.infokuryr.cz\/n\/wp-content\/uploads\/2021\/06\/paroubek-300x208.jpg 300w, https:\/\/www.infokuryr.cz\/n\/wp-content\/uploads\/2021\/06\/paroubek.jpg 318w\" sizes=\"(max-width: 300px) 100vw, 300px\" \/><\/p>\n<p><em>\u00daVODN\u00cd FOTO: Petr Hlubu\u010dek (STAN)<\/em><\/p>\n<p>&nbsp;<\/p>\n","protected":false},"excerpt":{"rendered":"<p>Je to smutn\u00e9 p\u0159edstaven\u00ed se d\u00edvat na borce z veden\u00ed hl. m. Prahy, z m\u011bstsk\u00e9&#8230;<\/p>\n","protected":false},"author":2,"featured_media":11582,"comment_status":"closed","ping_status":"closed","sticky":false,"template":"","format":"standard","meta":[],"categories":[6],"tags":[207,369,2597,424,1580],"_links":{"self":[{"href":"https:\/\/www.infokuryr.cz\/n\/wp-json\/wp\/v2\/posts\/11581"}],"collection":[{"href":"https:\/\/www.infokuryr.cz\/n\/wp-json\/wp\/v2\/posts"}],"about":[{"href":"https:\/\/www.infokuryr.cz\/n\/wp-json\/wp\/v2\/types\/post"}],"author":[{"embeddable":true,"href":"https:\/\/www.infokuryr.cz\/n\/wp-json\/wp\/v2\/users\/2"}],"replies":[{"embeddable":true,"href":"https:\/\/www.infokuryr.cz\/n\/wp-json\/wp\/v2\/comments?post=11581"}],"version-history":[{"count":0,"href":"https:\/\/www.infokuryr.cz\/n\/wp-json\/wp\/v2\/posts\/11581\/revisions"}],"wp:featuredmedia":[{"embeddable":true,"href":"https:\/\/www.infokuryr.cz\/n\/wp-json\/wp\/v2\/media\/11582"}],"wp:attachment":[{"href":"https:\/\/www.infokuryr.cz\/n\/wp-json\/wp\/v2\/media?parent=11581"}],"wp:term":[{"taxonomy":"category","embeddable":true,"href":"https:\/\/www.infokuryr.cz\/n\/wp-json\/wp\/v2\/categories?post=11581"},{"taxonomy":"post_tag","embeddable":true,"href":"https:\/\/www.infokuryr.cz\/n\/wp-json\/wp\/v2\/tags?post=11581"}],"curies":[{"name":"wp","href":"https:\/\/api.w.org\/{rel}","templated":true}]}}