{"id":11573,"date":"2022-06-15T03:51:05","date_gmt":"2022-06-15T01:51:05","guid":{"rendered":"http:\/\/www.infokuryr.cz\/n\/?p=11573"},"modified":"2022-06-15T03:51:05","modified_gmt":"2022-06-15T01:51:05","slug":"cesi-s-vietnamskymi-koreny-prichazeji-na-urady-zasadne-s-tlumocnikem-to-bude-ta-prikladna-integrace-do-ceske-spolecnosti","status":"publish","type":"post","link":"https:\/\/www.infokuryr.cz\/n\/2022\/06\/15\/cesi-s-vietnamskymi-koreny-prichazeji-na-urady-zasadne-s-tlumocnikem-to-bude-ta-prikladna-integrace-do-ceske-spolecnosti\/","title":{"rendered":"\u201e\u010ce\u0161i s vietnamsk\u00fdmi ko\u0159eny\u201c p\u0159ich\u00e1zej\u00ed na \u00fa\u0159ady z\u00e1sadn\u011b s tlumo\u010dn\u00edkem. To bude ta p\u0159\u00edkladn\u00e1 integrace do \u010desk\u00e9 spole\u010dnosti\u2026"},"content":{"rendered":"<div id=\"fb-root\"><\/div>\n<p>Pracuji na centr\u00e1le firmy, kter\u00e1 dod\u00e1v\u00e1 dom\u00e1cnostem a firm\u00e1m plyn. V dne\u0161n\u00ed dob\u011b sem p\u0159ich\u00e1z\u00ed mnoho lid\u00ed a z\u00e1stupc\u016f firem a cht\u011bj\u00ed pod tlakem extr\u00e9mn\u00edho r\u016fstu cen energi\u00ed m\u011bnit dodavatele.<\/p>\n<p>\u010c\u00e1st z nich jsou i Vietnamci, kte\u0159\u00ed v hojn\u00e9m po\u010dtu \u017eij\u00ed v \u010cR. Zde jsem si pov\u0161imla jedn\u00e9 zvl\u00e1\u0161tnosti.\u00a0<strong>Kdykoliv p\u0159ijde dosp\u011bl\u00fd Vietnamec, \u010dasto form\u00e1ln\u011b \u010desk\u00fd ob\u010dan (m\u00e1 \u010deskou ob\u010danku), tak ho v\u017edy doprov\u00e1z\u00ed n\u011bjak\u00fd tlumo\u010dn\u00edk. N\u011bkdy je to d\u00edt\u011b doty\u010dn\u00e9ho, jindy jin\u00e1 dosp\u011bl\u00e1 osoba. Podle ofici\u00e1ln\u00edch medi\u00edch jsou pr\u00fd tihle Vietnamci pln\u011b integrov\u00e1ni a budou n\u00e1m vyd\u011bl\u00e1vat na d\u016fchod. Jak ale mohou b\u00fdt pln\u011b integrov\u00e1ni, kdy\u017e neovl\u00e1daj\u00ed n\u00e1\u0161 jazyk a t\u00edm p\u00e1dem nemohou nic v\u011bd\u011bt o d\u011bn\u00ed v na\u0161\u00ed zemi?!\u00a0<\/strong>V okol\u00ed na\u0161eho bydli\u0161t\u011b je n\u011bkolik velmi podivn\u00fdch restaurac\u00ed a ve\u010derek, kter\u00e9 tihle Vietnamci provozuji. Nikdy nikomu nedaj\u00ed \u00fa\u010det a berou pouze hotovost. Tohle je ten p\u0159\u00edsp\u011bvek do \u010desk\u00e9 ekonomiky?<\/p>\n<p><strong>Jak je mo\u017en\u00e9, \u017ee tihle lid\u00e9 v\u016fbec z\u00edskali \u010desk\u00e9 ob\u010danstv\u00ed, v\u017edy\u0165 k n\u011bmu je p\u0159ece pot\u0159eba slo\u017eit jazykovou zkou\u0161ku z \u010desk\u00e9ho jazyka a \u010desk\u00fdch re\u00e1li\u00ed. To je na\u0161e ob\u010danstv\u00ed jako n\u011bjak\u00e9 cukr\u00e1tko, kter\u00e9 se d\u00e1 ka\u017ed\u00e9mu, kdo si o n\u011bj \u0159ekne<\/strong>? D\u00e1vaj\u00ed Vietnamci stejn\u011b jejich ob\u010danstv\u00ed \u010cech\u016fm?<\/p>\n<p><a href=\"https:\/\/ceskavec.com\/2022\/06\/cesi-s-vietnamskymi-koreny-prichazeji-na-urady-zasadne-s-tlumocnikem-to-bude-ta-prikladna-integrace-do-ceske-spolecnosti\">\u010cesk\u00e1 v\u011bc<\/a><\/p>\n<p>&nbsp;<\/p>\n","protected":false},"excerpt":{"rendered":"<p>Pracuji na centr\u00e1le firmy, kter\u00e1 dod\u00e1v\u00e1 dom\u00e1cnostem a firm\u00e1m plyn. V dne\u0161n\u00ed dob\u011b sem p\u0159ich\u00e1z\u00ed&#8230;<\/p>\n","protected":false},"author":2,"featured_media":11574,"comment_status":"closed","ping_status":"closed","sticky":false,"template":"","format":"standard","meta":[],"categories":[6],"tags":[2594,2593,1237],"_links":{"self":[{"href":"https:\/\/www.infokuryr.cz\/n\/wp-json\/wp\/v2\/posts\/11573"}],"collection":[{"href":"https:\/\/www.infokuryr.cz\/n\/wp-json\/wp\/v2\/posts"}],"about":[{"href":"https:\/\/www.infokuryr.cz\/n\/wp-json\/wp\/v2\/types\/post"}],"author":[{"embeddable":true,"href":"https:\/\/www.infokuryr.cz\/n\/wp-json\/wp\/v2\/users\/2"}],"replies":[{"embeddable":true,"href":"https:\/\/www.infokuryr.cz\/n\/wp-json\/wp\/v2\/comments?post=11573"}],"version-history":[{"count":0,"href":"https:\/\/www.infokuryr.cz\/n\/wp-json\/wp\/v2\/posts\/11573\/revisions"}],"wp:featuredmedia":[{"embeddable":true,"href":"https:\/\/www.infokuryr.cz\/n\/wp-json\/wp\/v2\/media\/11574"}],"wp:attachment":[{"href":"https:\/\/www.infokuryr.cz\/n\/wp-json\/wp\/v2\/media?parent=11573"}],"wp:term":[{"taxonomy":"category","embeddable":true,"href":"https:\/\/www.infokuryr.cz\/n\/wp-json\/wp\/v2\/categories?post=11573"},{"taxonomy":"post_tag","embeddable":true,"href":"https:\/\/www.infokuryr.cz\/n\/wp-json\/wp\/v2\/tags?post=11573"}],"curies":[{"name":"wp","href":"https:\/\/api.w.org\/{rel}","templated":true}]}}