{"id":11564,"date":"2022-06-15T01:10:31","date_gmt":"2022-06-14T23:10:31","guid":{"rendered":"http:\/\/www.infokuryr.cz\/n\/?p=11564"},"modified":"2022-06-14T19:27:57","modified_gmt":"2022-06-14T17:27:57","slug":"spiegel-temer-polovina-nemcu-je-proti-vstupu-ukrajiny-do-eu","status":"publish","type":"post","link":"https:\/\/www.infokuryr.cz\/n\/2022\/06\/15\/spiegel-temer-polovina-nemcu-je-proti-vstupu-ukrajiny-do-eu\/","title":{"rendered":"Spiegel: t\u00e9m\u011b\u0159 polovina N\u011bmc\u016f je proti vstupu Ukrajiny do EU"},"content":{"rendered":"<div id=\"fb-root\"><\/div>\n<div class=\"article-intro\"><strong>Mezi obyvateli N\u011bmecka panuj\u00ed neshody v ot\u00e1zce vstupu Ukrajiny do EU, jak dokazuj\u00ed v\u00fdsledky pr\u016fzkumu sociologick\u00e9ho institutu Civey na objedn\u00e1vku Der Spiegel.\u00a0Odp\u016frc\u016f vstupu Ukrajiny do evropsk\u00e9 rodiny je t\u00e9m\u011b\u0159 stejn\u011b jako p\u0159\u00edznivc\u016f \u2013 42 %, respektive 45 %.\u00a0Na v\u00fdchod\u011b N\u011bmecka p\u0159itom p\u0159\u00edpadn\u00e9 \u010dlenstv\u00ed Ukrajiny v EU podporuje pouze 29 % dot\u00e1zan\u00fdch.<\/strong><\/div>\n<div class=\"article-body\">\n<p><span>Mo\u017en\u00fd vstup Ukrajiny do EU je dnes jedn\u00edm z nejdiskutovan\u011bj\u0161\u00edch t\u00e9mat.\u00a0N\u011bmeck\u00fd kancl\u00e9\u0159 Olaf Scholz, francouzsk\u00fd prezident Emmanuel Macron a italsk\u00fd premi\u00e9r Mario Draghi se v nejbli\u017e\u0161\u00ed dob\u011b chystaj\u00ed nav\u0161t\u00edvit Kyjev &#8211; p\u0159i sv\u00e9 n\u00e1v\u0161t\u011bv\u011b hodlaj\u00ed diskutovat i o tomto probl\u00e9mu.\u00a0P\u0159edsedkyn\u011b Evropsk\u00e9 komise Ursula von der Leyenov\u00e1 uvedla, \u017ee pl\u00e1nuje dokon\u010dit jedn\u00e1n\u00ed o ud\u011blen\u00ed statusu Ukrajiny jako kandid\u00e1tsk\u00e9 zem\u011b.\u00a0Ocenila\u00a0<\/span><i><span>\u201eobrovsk\u00e9 \u00fasil\u00ed a odhodl\u00e1n\u00ed Ukrajiny\u201c<\/span><\/i><span>\u00a0v\u016f\u010di EU, p\u00ed\u0161e Der Spiegel.<\/span><\/p>\n<div><span>N\u00e1zory n\u011bmeck\u00fdch obyvatel na ot\u00e1zku vstupu Ukrajiny do EU jsou naopak rozd\u011blen\u00e9.\u00a0Dokl\u00e1daj\u00ed to v\u00fdsledky pr\u016fzkumu sociologick\u00e9ho institutu Civey na objedn\u00e1vku Der Spiegel.<\/span><\/div>\n<div><\/div>\n<div><span>Na ot\u00e1zku\u00a0<\/span><i><span>&#8222;Podpo\u0159\u00edte vstup Ukrajiny do EU?&#8220;\u00a0<\/span><\/i><span>45 % respondent\u016f odpov\u011bd\u011blo\u00a0<\/span><i><span>\u201eano\u201c<\/span><\/i><span>\u00a0nebo\u00a0<\/span><i><span>\u201esp\u00ed\u0161e ano\u201c.\u00a0<\/span><\/i><span>Proti bylo t\u00e9m\u011b\u0159 stejn\u00fd po\u010det, konkr\u00e9tn\u011b 42 %.\u00a013 % respondent\u016f uvedlo, \u017ee se je\u0161t\u011b nerozhodli.<\/span><\/div>\n<div><\/div>\n<div><span>Anal\u00fdza geografick\u00e9ho rozlo\u017een\u00ed respondent\u016f ukazuje, \u017ee v\u00fdchodn\u00ed N\u011bmci jsou ke vstupu Ukrajiny do EU\u00a0<\/span><i><span>\u201ejasn\u011b kriti\u010dt\u011bj\u0161\u00ed\u201c<\/span><\/i><span>\u00a0ne\u017e z\u00e1padn\u00ed N\u011bmci.\u00a049 % z\u00e1padn\u00edch N\u011bmc\u016f podpo\u0159ilo p\u0159istoupen\u00ed, zat\u00edmco na v\u00fdchod\u011b vyj\u00e1d\u0159ilo podobn\u00fd n\u00e1zor pouze 29 % respondent\u016f.\u00a0Naopak na v\u00fdchod\u011b je proti mo\u017en\u00e9mu \u010dlenstv\u00ed Ukrajiny v EU 60 % dot\u00e1zan\u00fdch, na z\u00e1pad\u011b 37 %.<\/span><\/div>\n<div><\/div>\n<div><span>Z anal\u00fdzy v\u00fdsledk\u016f nav\u00edc vypl\u00fdv\u00e1, \u017ee vn\u00edm\u00e1n\u00ed mo\u017en\u00e9ho vstupu Ukrajiny do EU se li\u0161\u00ed i podle toho, kter\u00e9 strany je respondent p\u0159\u00edznivcem.\u00a0V souladu s t\u00edm nejaktivn\u011bji podporuj\u00ed \u010dlenstv\u00ed Ukrajiny v EU p\u0159\u00edznivci Zelen\u00fdch, zat\u00edmco voli\u010di \u201eAlternativy pro N\u011bmecko\u201c jsou hlavn\u011b proti, uv\u00e1d\u00ed Der Spiegel.<span id=\"span-copy\"><\/p>\n<p><img decoding=\"async\" loading=\"lazy\" class=\"alignnone size-full wp-image-1185\" src=\"http:\/\/www.infokuryr.cz\/n\/wp-content\/uploads\/2021\/04\/kuryr-podpis.png\" alt=\"\" width=\"84\" height=\"24\" \/><\/p>\n<p><\/span><\/span><\/div>\n<div><\/div>\n<\/div>\n","protected":false},"excerpt":{"rendered":"<p>Mezi obyvateli N\u011bmecka panuj\u00ed neshody v ot\u00e1zce vstupu Ukrajiny do EU, jak dokazuj\u00ed v\u00fdsledky pr\u016fzkumu&#8230;<\/p>\n","protected":false},"author":2,"featured_media":1468,"comment_status":"closed","ping_status":"closed","sticky":false,"template":"","format":"standard","meta":[],"categories":[7],"tags":[41,429,26],"_links":{"self":[{"href":"https:\/\/www.infokuryr.cz\/n\/wp-json\/wp\/v2\/posts\/11564"}],"collection":[{"href":"https:\/\/www.infokuryr.cz\/n\/wp-json\/wp\/v2\/posts"}],"about":[{"href":"https:\/\/www.infokuryr.cz\/n\/wp-json\/wp\/v2\/types\/post"}],"author":[{"embeddable":true,"href":"https:\/\/www.infokuryr.cz\/n\/wp-json\/wp\/v2\/users\/2"}],"replies":[{"embeddable":true,"href":"https:\/\/www.infokuryr.cz\/n\/wp-json\/wp\/v2\/comments?post=11564"}],"version-history":[{"count":0,"href":"https:\/\/www.infokuryr.cz\/n\/wp-json\/wp\/v2\/posts\/11564\/revisions"}],"wp:featuredmedia":[{"embeddable":true,"href":"https:\/\/www.infokuryr.cz\/n\/wp-json\/wp\/v2\/media\/1468"}],"wp:attachment":[{"href":"https:\/\/www.infokuryr.cz\/n\/wp-json\/wp\/v2\/media?parent=11564"}],"wp:term":[{"taxonomy":"category","embeddable":true,"href":"https:\/\/www.infokuryr.cz\/n\/wp-json\/wp\/v2\/categories?post=11564"},{"taxonomy":"post_tag","embeddable":true,"href":"https:\/\/www.infokuryr.cz\/n\/wp-json\/wp\/v2\/tags?post=11564"}],"curies":[{"name":"wp","href":"https:\/\/api.w.org\/{rel}","templated":true}]}}