{"id":11539,"date":"2022-06-14T01:08:05","date_gmt":"2022-06-13T23:08:05","guid":{"rendered":"http:\/\/www.infokuryr.cz\/n\/?p=11539"},"modified":"2022-06-13T18:32:55","modified_gmt":"2022-06-13T16:32:55","slug":"zdravi-mladi-lide-nyni-v-australii-masove-umiraji-a-media-se-stale-neodvazuji-zminit-vakciny","status":"publish","type":"post","link":"https:\/\/www.infokuryr.cz\/n\/2022\/06\/14\/zdravi-mladi-lide-nyni-v-australii-masove-umiraji-a-media-se-stale-neodvazuji-zminit-vakciny\/","title":{"rendered":"Zdrav\u00ed mlad\u00ed lid\u00e9 nyn\u00ed v Austr\u00e1lii masov\u011b um\u00edraj\u00ed a m\u00e9dia se st\u00e1le neodva\u017euj\u00ed zm\u00ednit vakc\u00edny"},"content":{"rendered":"<div id=\"fb-root\"><\/div>\n<div class=\"elementor-element elementor-element-1fb4c2c elementor-widget elementor-widget-theme-post-content\" data-id=\"1fb4c2c\" data-element_type=\"widget\" data-widget_type=\"theme-post-content.default\">\n<div class=\"elementor-widget-container\">\n<p><span>V roce 2021 se australsk\u00e1 vl\u00e1da dohodla se t\u0159emi v\u00fdrobci vakc\u00edn, aby utla\u010dovali australsk\u00fd lid r\u016fzn\u00fdmi formami diskriminace, n\u00e1tlaku, propagandy, nez\u00e1konn\u00e9ho zadr\u017eov\u00e1n\u00ed, segregace, digit\u00e1ln\u00edch syst\u00e9m\u016f dodr\u017eov\u00e1n\u00ed p\u0159edpis\u016f a dal\u0161\u00edch hrozeb pro \u017eivobyt\u00ed jednotlivc\u016f.\u00a0Tato totalitn\u00ed opat\u0159en\u00ed nebyla zalo\u017eena na \u017e\u00e1dn\u00fdch datech nebo v\u011bdeck\u00fdch poznatc\u00edch a nep\u0159inesla \u017e\u00e1dn\u00e9 v\u00fdhody pro ve\u0159ejn\u00e9 zdrav\u00ed.\u00a0Tato opat\u0159en\u00ed m\u011bla za c\u00edl lidi psychicky zlomit, potla\u010dit jejich t\u011blesnou autonomii a osobn\u00ed p\u0159esv\u011bd\u010den\u00ed a vnutit jim experimenty.<\/span><\/p>\n<p><span>Dnes v Austr\u00e1lii n\u00e1hle a ne\u010dekan\u011b um\u00edraj\u00ed\u00a0<\/span><a href=\"https:\/\/www.dailymail.co.uk\/news\/article-10895067\/Doctors-trying-determine-young-people-suddenly-dying.html\" target=\"_blank\" rel=\"noreferrer noopener\" data-type=\"URL\" data-id=\"https:\/\/www.dailymail.co.uk\/news\/article-10895067\/Doctors-trying-determine-young-people-suddenly-dying.html\"><span>zdrav\u00ed mlad\u00ed lid\u00e9<\/span><\/a><span>\u00a0.\u00a0A\u010dkoli se t\u00edm nyn\u00ed novin\u00e1\u0159i zab\u00fdvaj\u00ed, korpor\u00e1tn\u00ed m\u00e9dia se st\u00e1le neodva\u017euj\u00ed zm\u00ednit p\u0159\u00ed\u010diny t\u00e9to pohromy.<\/span><\/p>\n<p class=\"has-medium-font-size\"><span style=\"font-size: 18pt;\"><strong>Syndrom n\u00e1hl\u00e9ho \u00famrt\u00ed dosp\u011bl\u00fdch (SADS) bere sv\u011bt \u00fatokem<\/strong><\/span><\/p>\n<p><span>Pln\u011b o\u010dkovan\u00ed lid\u00e9, kte\u0159\u00ed \u017eij\u00ed fit a zdrav\u00fd \u017eivotn\u00ed styl, ne\u010dekan\u011b um\u00edraj\u00ed.\u00a0Podle Royal Australian College of General Practitioners je tato nov\u00e1 kategorie \u00famrt\u00ed zn\u00e1m\u00e1 jako syndrom n\u00e1hl\u00e9ho \u00famrt\u00ed dosp\u011bl\u00fdch (SADS).\u00a0Lid\u00e9 mlad\u0161\u00ed 40 let jsou nyn\u00ed vyz\u00fdv\u00e1ni, aby si nechali zkontrolovat srdce, proto\u017ee vlna mlad\u00fdch lid\u00ed zkolabovala pot\u00e9, co byli nuceni z\u00fa\u010dastnit se experiment\u016f s vakc\u00ednami proti sr\u00e1\u017een\u00ed krve.<\/span><\/p>\n<p><a href=\"https:\/\/euroweeklynews.com\/2022\/06\/08\/sudden-adult-death-syndrome-sads\/\" target=\"_blank\" rel=\"noreferrer noopener\" data-type=\"URL\" data-id=\"https:\/\/euroweeklynews.com\/2022\/06\/08\/sudden-adult-death-syndrome-sads\/\"><span>Melbournsk\u00fd Baker Heart and Diabetes Institute<\/span><\/a><span>\u00a0vyvinul nov\u00fd n\u00e1rodn\u00ed registr ,\u00a0kter\u00fd l\u00e9pe zachycuje n\u00e1r\u016fst \u00famrt\u00ed mezi mladou zdravou populac\u00ed.\u00a0Tento registr je prvn\u00ed na sv\u011bt\u011b, kter\u00fd obsahuje informace o nemocnic\u00edch, ambulanc\u00edch a koronerech.\u00a0Mluv\u010d\u00ed Institutu \u0159ekl: &#8222;Ve Victorii je ka\u017ed\u00fd rok p\u0159ibli\u017en\u011b 750 p\u0159\u00edpad\u016f n\u00e1hl\u00e9 srde\u010dn\u00ed z\u00e1stavy u lid\u00ed mlad\u0161\u00edch 50 let.&#8220; Institut uv\u00e1d\u00ed, \u017ee p\u0159ibli\u017en\u011b dev\u011bt mlad\u00fdch lid\u00ed v sou\u010dasnosti um\u00edr\u00e1 ka\u017ed\u00fd m\u011bs\u00edc bez p\u0159\u00ed\u010diny, a to i po \u00fapln\u00e9 pitv\u011b. .\u00a0Tato pitva samoz\u0159ejm\u011b nezahrnuje vy\u0161et\u0159en\u00ed vakc\u00edn po\u0161kozuj\u00edc\u00edch srdce, kter\u00e9 tito mlad\u00ed lid\u00e9 zbyte\u010dn\u011b dost\u00e1vaj\u00ed.<\/span><\/p>\n<p><span>Ve\u00a0Spojen\u00fdch st\u00e1tech vznikla\u00a0<\/span><a href=\"https:\/\/www.sads.org\/about-us\/\" target=\"_blank\" rel=\"noreferrer noopener\" data-type=\"URL\" data-id=\"https:\/\/www.sads.org\/about-us\/\"><span>organizace SADS, kter\u00e1 m\u00e1 zv\u00fd\u0161it pov\u011bdom\u00ed o syndromu n\u00e1hl\u00e9ho \u00famrt\u00ed z arytmie u mlad\u00fdch lid\u00ed.\u00a0<\/span><\/a><span>Tato nadace odhaduje, \u017ee nyn\u00ed zem\u0159e na SADS ka\u017ed\u00fd rok 4000 d\u011bt\u00ed.\u00a0Nadace uv\u00e1d\u00ed, \u017ee v\u00edce ne\u017e polovina p\u0159\u00edpad\u016f v rodin\u011b je diagnostikov\u00e1na SADS;\u00a0nezmi\u0148uje v\u0161ak, jak\u00e9 podobn\u00e9 kroky tito \u010dlenov\u00e9 rodiny podnikli, ani nezkoum\u00e1, jak\u00e9 faktory \u017eivotn\u00edho stylu a u\u017e\u00edv\u00e1n\u00ed vakc\u00edn tito \u010dlenov\u00e9 rodiny sd\u00edlej\u00ed ve vztahu k diagn\u00f3ze SADS.<\/span><\/p>\n<p class=\"has-medium-font-size\"><span style=\"font-size: 18pt;\"><strong>Velk\u00e1 \u010d\u00e1st v\u011bdeck\u00e9 komunity ignoruje p\u0159\u00ed\u010diny SADS a SIDS, aby pot\u011b\u0161ila sv\u00e9 vl\u00e1dce \u2013 o\u010dkovac\u00ed pr\u016fmysl<\/strong><\/span><\/p>\n<p><span>Genetick\u00fd screening se pou\u017e\u00edv\u00e1 k ur\u010den\u00ed rizika SADS, ale genetick\u00fd screening je pouze formalita.\u00a0Jeho \u00fa\u010delem nen\u00ed p\u0159esn\u011b p\u0159edpov\u00eddat p\u0159\u00edpad SADS, zkoumat jeho p\u0159\u00ed\u010diny nebo p\u0159edch\u00e1zet jeho v\u00fdskytu.\u00a0Kardiolog Dr.\u00a0Elizabeth Paratz \u0159ekla, \u017ee proti SADS je velmi obt\u00ed\u017en\u00e9 bojovat, proto\u017ee je to ve skute\u010dnosti \u201ediagn\u00f3za k ni\u010demu\u201c.\u00a0Pro p\u0159\u00edbuzn\u00e9 a p\u0159\u00e1tele ob\u011bt\u00ed to bylo &#8222;velmi obt\u00ed\u017en\u00e9 pochopit,&#8220; \u0159ekla.<\/span><\/p>\n<p><span>&#8222;Nen\u00ed to tak snadn\u00e9, jako nechat ka\u017ed\u00e9ho v Austr\u00e1lii podstoupit genetick\u00fd test,&#8220; \u0159ekla, proto\u017ee v\u011bdci si nejsou stoprocentn\u011b jisti, &#8222;kter\u00e9 geny to zp\u016fsobuj\u00ed.&#8220;\u00a0Mo\u017en\u00e1 to v\u011bdeck\u00e1 komunita hled\u00e1 na \u0161patn\u00e9m m\u00edst\u011b, kdy\u017e chr\u00e1n\u00ed sv\u00e9 vl\u00e1dce, sv\u00e9 sponzory a sv\u00e9 vl\u00e1dn\u00ed vymaha\u010de \u2013 o\u010dkovac\u00ed pr\u016fmysl.<\/span><\/p>\n<p><span>\u010c\u00edm v\u00edce lid\u00ed je vy\u0161et\u0159ov\u00e1no na SADS, skute\u010dn\u00e9 probl\u00e9my jsou ignorov\u00e1ny a pacienti maj\u00ed fale\u0161n\u00fd pocit bezpe\u010d\u00ed.\u00a0Skute\u010dn\u00fdm tlakem na srdce jsou vakc\u00edny proti Covid-19 a v\u0161echna represivn\u00ed opat\u0159en\u00ed zaveden\u00e1 k vynucen\u00ed dodr\u017eov\u00e1n\u00ed p\u0159edpis\u016f.\u00a0Pokra\u010duj\u00edc\u00ed genetick\u00fd vliv toxick\u00fdch spike protein\u016f na lidsk\u00fd organismus vede k z\u00e1n\u011bt\u016fm srdce, krevn\u00edm sra\u017eenin\u00e1m a akutn\u00edm srde\u010dn\u00edm probl\u00e9m\u016fm.\u00a0Svou roli hraje i p\u0159etrv\u00e1vaj\u00edc\u00ed nedostatek kysl\u00edku a z\u00e1t\u011b\u017e kardiovaskul\u00e1rn\u00edho syst\u00e9mu zp\u016fsoben\u00e1 rou\u0161kami.\u00a0\u017divot ve strachu a v represivn\u00edm st\u00e1t\u011b, kde vl\u00e1da a farmaceutick\u00e9 spole\u010dnosti diktuj\u00ed odbory a lidsk\u00e1 pr\u00e1va, m\u00e1 tak\u00e9 negativn\u00ed dopad na kardiovaskul\u00e1rn\u00ed zdrav\u00ed.<\/span><\/p>\n<p><span>Generace, kter\u00e1 vyrostla s rozlehl\u00fdm, nezodpov\u011bdn\u00fdm d\u011btsk\u00fdm o\u010dkovac\u00edm programem a st\u00e1le se zvy\u0161uj\u00edc\u00ed m\u00edrou syndromu n\u00e1hl\u00e9ho \u00famrt\u00ed kojenc\u016f (SIDS) a autismem, se n\u00e1hle st\u00e1v\u00e1 generac\u00ed, kter\u00e1 vyrostla s rozlehl\u00fdm o\u010dkovac\u00edm programem Covid-19 a v\u0161emi n\u00e1hl\u00fdmi \u00famrt\u00edmi. a dosp\u011blost \u010del\u00ed po\u0161kozen\u00ed srdce, kter\u00e9 zp\u016fsobilo.<\/span><\/p>\n<\/div>\n<\/div>\n<div class=\"elementor-element elementor-element-8c57238 quelle dc-has-condition dc-condition-empty elementor-widget elementor-widget-heading\" data-id=\"8c57238\" data-element_type=\"widget\" data-widget_type=\"heading.default\">\n<div class=\"elementor-widget-container\">\n<h3 class=\"elementor-heading-title elementor-size-default\"><span style=\"font-size: 8pt;\"><a href=\"https:\/\/www.naturalnews.com\/2022-06-12-healthy-young-people-now-dying-en-masse-across-australia.html\" target=\"_blank\" rel=\"nofollow noopener\">ZDROJ<\/a><\/span><\/h3>\n<p>&nbsp;<\/p>\n<\/div>\n<\/div>\n","protected":false},"excerpt":{"rendered":"<p>V roce 2021 se australsk\u00e1 vl\u00e1da dohodla se t\u0159emi v\u00fdrobci vakc\u00edn, aby utla\u010dovali australsk\u00fd lid&#8230;<\/p>\n","protected":false},"author":2,"featured_media":9973,"comment_status":"closed","ping_status":"closed","sticky":false,"template":"","format":"standard","meta":[],"categories":[7],"tags":[434,593,523,651],"_links":{"self":[{"href":"https:\/\/www.infokuryr.cz\/n\/wp-json\/wp\/v2\/posts\/11539"}],"collection":[{"href":"https:\/\/www.infokuryr.cz\/n\/wp-json\/wp\/v2\/posts"}],"about":[{"href":"https:\/\/www.infokuryr.cz\/n\/wp-json\/wp\/v2\/types\/post"}],"author":[{"embeddable":true,"href":"https:\/\/www.infokuryr.cz\/n\/wp-json\/wp\/v2\/users\/2"}],"replies":[{"embeddable":true,"href":"https:\/\/www.infokuryr.cz\/n\/wp-json\/wp\/v2\/comments?post=11539"}],"version-history":[{"count":0,"href":"https:\/\/www.infokuryr.cz\/n\/wp-json\/wp\/v2\/posts\/11539\/revisions"}],"wp:featuredmedia":[{"embeddable":true,"href":"https:\/\/www.infokuryr.cz\/n\/wp-json\/wp\/v2\/media\/9973"}],"wp:attachment":[{"href":"https:\/\/www.infokuryr.cz\/n\/wp-json\/wp\/v2\/media?parent=11539"}],"wp:term":[{"taxonomy":"category","embeddable":true,"href":"https:\/\/www.infokuryr.cz\/n\/wp-json\/wp\/v2\/categories?post=11539"},{"taxonomy":"post_tag","embeddable":true,"href":"https:\/\/www.infokuryr.cz\/n\/wp-json\/wp\/v2\/tags?post=11539"}],"curies":[{"name":"wp","href":"https:\/\/api.w.org\/{rel}","templated":true}]}}