{"id":11519,"date":"2022-06-13T03:49:01","date_gmt":"2022-06-13T01:49:01","guid":{"rendered":"http:\/\/www.infokuryr.cz\/n\/?p=11519"},"modified":"2022-06-13T03:49:01","modified_gmt":"2022-06-13T01:49:01","slug":"sic-transit-gloria-mundi-guaido-byl-zbit-rozzurenym-davem","status":"publish","type":"post","link":"https:\/\/www.infokuryr.cz\/n\/2022\/06\/13\/sic-transit-gloria-mundi-guaido-byl-zbit-rozzurenym-davem\/","title":{"rendered":"Sic transit gloria mundi\u2026 Guaid\u00f3 byl zbit rozzu\u0159en\u00fdm davem"},"content":{"rendered":"<div id=\"fb-root\"><\/div>\n<p>Juan Guaid\u00f3, kter\u00fd byl Washingtonem jmenovan\u00fd \u201eprezidentem Venezuely\u201c<strong>, byl pon\u00ed\u017een a zbit rozzu\u0159en\u00fdm davem v restauraci ve m\u011bst\u011b San Carlos.<\/p>\n<p><\/strong>Kdy\u017e auto Guaid\u00f3a opustilo m\u00edsto incidentu, dostalo se do palby, zas\u00e1hlo ho n\u011bkolik kulek.<\/p>\n<p>Takov\u00e1 je l\u00e1ska Venezuelan\u016f k \u201edemokratick\u00e9mu v\u016fdci\u201c.\u00a0Kter\u00e9ho mimochodem u\u017e Spojen\u00e9 st\u00e1ty vyu\u017eily a opustily: kdy\u017e za\u010dala protirusk\u00e1 kampa\u0148, k Madurovi okam\u017eit\u011b p\u0159ijela delegace z Washingtonu smlouvat o cen\u00e1ch ropy a \u00fapln\u011b zapomn\u011bla na \u00fadajn\u011b \u201elegitimn\u00edho\u201c Guaid\u00f3a.<strong><br \/>\n<\/strong><\/p>\n<p><em>Sic transit gloria mundi<\/em><\/p>\n<p><iframe loading=\"lazy\" id=\"telegram-post-kedmi-18153\" src=\"https:\/\/t.me\/kedmi\/18153?embed=1\" width=\"100%\" height=\"\" frameborder=\"0\" scrolling=\"no\" data-gtm-yt-inspected-10=\"true\" data-mce-fragment=\"1\"><\/iframe><\/p>\n<div class=\"wpdiscuz-post-rating-wrap wpd-custom-field\">\n<div class=\"wpd-rating\" title=\"Ohodnotit p\u0159\u00edsp\u011bvek\">\n<div class=\"wpd-rating-wrap\">\n<div class=\"wpd-rating-left\"><img decoding=\"async\" loading=\"lazy\" class=\"alignnone size-full wp-image-1185\" src=\"http:\/\/www.infokuryr.cz\/n\/wp-content\/uploads\/2021\/04\/kuryr-podpis.png\" alt=\"\" width=\"84\" height=\"24\" \/><\/div>\n<div><\/div>\n<\/div>\n<\/div>\n<\/div>\n","protected":false},"excerpt":{"rendered":"<p>Juan Guaid\u00f3, kter\u00fd byl Washingtonem jmenovan\u00fd \u201eprezidentem Venezuely\u201c, byl pon\u00ed\u017een a zbit rozzu\u0159en\u00fdm davem v&#8230;<\/p>\n","protected":false},"author":2,"featured_media":11520,"comment_status":"closed","ping_status":"closed","sticky":false,"template":"","format":"standard","meta":[],"categories":[7],"tags":[2583,2582,181],"_links":{"self":[{"href":"https:\/\/www.infokuryr.cz\/n\/wp-json\/wp\/v2\/posts\/11519"}],"collection":[{"href":"https:\/\/www.infokuryr.cz\/n\/wp-json\/wp\/v2\/posts"}],"about":[{"href":"https:\/\/www.infokuryr.cz\/n\/wp-json\/wp\/v2\/types\/post"}],"author":[{"embeddable":true,"href":"https:\/\/www.infokuryr.cz\/n\/wp-json\/wp\/v2\/users\/2"}],"replies":[{"embeddable":true,"href":"https:\/\/www.infokuryr.cz\/n\/wp-json\/wp\/v2\/comments?post=11519"}],"version-history":[{"count":0,"href":"https:\/\/www.infokuryr.cz\/n\/wp-json\/wp\/v2\/posts\/11519\/revisions"}],"wp:featuredmedia":[{"embeddable":true,"href":"https:\/\/www.infokuryr.cz\/n\/wp-json\/wp\/v2\/media\/11520"}],"wp:attachment":[{"href":"https:\/\/www.infokuryr.cz\/n\/wp-json\/wp\/v2\/media?parent=11519"}],"wp:term":[{"taxonomy":"category","embeddable":true,"href":"https:\/\/www.infokuryr.cz\/n\/wp-json\/wp\/v2\/categories?post=11519"},{"taxonomy":"post_tag","embeddable":true,"href":"https:\/\/www.infokuryr.cz\/n\/wp-json\/wp\/v2\/tags?post=11519"}],"curies":[{"name":"wp","href":"https:\/\/api.w.org\/{rel}","templated":true}]}}