{"id":11513,"date":"2022-06-13T03:39:52","date_gmt":"2022-06-13T01:39:52","guid":{"rendered":"http:\/\/www.infokuryr.cz\/n\/?p=11513"},"modified":"2022-06-13T03:39:52","modified_gmt":"2022-06-13T01:39:52","slug":"v-praze-se-zacinaji-sirit-divadelni-predstaveni-transvestitu-stane-se-hlavni-mesto-centrem-deviantniho-umeni","status":"publish","type":"post","link":"https:\/\/www.infokuryr.cz\/n\/2022\/06\/13\/v-praze-se-zacinaji-sirit-divadelni-predstaveni-transvestitu-stane-se-hlavni-mesto-centrem-deviantniho-umeni\/","title":{"rendered":"V Praze se za\u010d\u00ednaj\u00ed \u0161\u00ed\u0159it divadeln\u00ed p\u0159edstaven\u00ed transvestit\u016f. Stane se hlavn\u00ed m\u011bsto centrem deviantn\u00edho um\u011bn\u00ed?"},"content":{"rendered":"<div id=\"fb-root\"><\/div>\n<p>V Praze se za pomoci cizinc\u016f za\u010d\u00ednaj\u00ed \u0161\u00ed\u0159it divadeln\u00ed p\u0159edstaven\u00ed transsexu\u00e1l\u016f (drag \u2013 \u00a0<a href=\"https:\/\/bit.ly\/3wGBpXK\" target=\"_blank\" rel=\"noreferrer noopener\">Draglesque<\/a>). Po po\u010d\u00e1tc\u00edch na okraji spole\u010dnosti je za pomoci sponzor\u016f toto \u201eum\u011bn\u00ed\u201c postupn\u011b uv\u00e1d\u011bno na\u00a0<a href=\"https:\/\/www.expats.cz\/czech-news\/article\/the-gay-agenda-queens-of-prague-the-birth-of-czech-drag\">ofici\u00e1ln\u00ed sc\u00e9nu.<\/a>\u00a0T<strong>\u0159eba v Rock cafe na N\u00e1rodn\u00ed t\u0159\u00edd\u011b bude agentura gay agenda uv\u00e1d\u011bt n\u011bkolik p\u0159edstaven\u00ed. Dal\u0161\u00ed jsou pl\u00e1nov\u00e1na ve spojitosti s Prague pride, kterou financuj\u00ed zahrani\u010dn\u00ed korporace jako Staropramen, Citibank, Coca Cola apod.<\/strong><\/p>\n<p><strong>C\u00edlem je z deviantn\u00edho um\u011bn\u00ed ud\u011blat normu a postupn\u011b tak zlikvidovat norm\u00e1ln\u00ed zdravou kulturu, kter\u00e1 prezentuje norm\u00e1ln\u00ed a zdrav\u00e9 mezilidsk\u00e9 vztahy a vzory (ro<\/strong>dina= \u017eena+mu\u017e+d\u011bti atd.).<\/p>\n<figure class=\"wp-block-image size-full\"><img decoding=\"async\" loading=\"lazy\" class=\"wp-image-1932\" src=\"https:\/\/ceskavec.com\/wp-content\/uploads\/2019\/05\/cerny-umeni.jpg\" alt=\"\" width=\"536\" height=\"300\" \/><figcaption>\u201eUm\u011bn\u00ed\u201c podporovan\u00e9 radnic\u00ed na Praze 1 vytvo\u0159en\u00e9 um\u011blcem z \u0159ad vyvolen\u00fdch men\u0161in Davidem \u010cern\u00fdm. Nov\u00fd Da Vinci to nen\u00ed<\/figcaption><\/figure>\n<p><strong>Praha se po roce 1989 stala postupn\u011b jedn\u00edm z center \u201emodern\u00edho deviantn\u00edho um\u011bn\u00ed\u201c, kde nejr\u016fzn\u011bj\u0161\u00ed men\u0161iny pracuj\u00ed na zni\u010den\u00ed dom\u00e1c\u00ed kultury.\u00a0<\/strong>V tom jim mocn\u011b pom\u00e1h\u00e1 m\u00edstn\u00ed politick\u00e1 \u201eelita\u201c. P\u0159id\u00e1 si Praha do portfolia i deviantn\u00ed drag \u0161\u00edlenstv\u00ed?<\/p>\n<figure class=\"wp-block-image size-full\"><img decoding=\"async\" loading=\"lazy\" class=\"wp-image-744\" src=\"https:\/\/ceskavec.com\/wp-content\/uploads\/2019\/03\/pakultura-2.jpg\" alt=\"\" width=\"542\" height=\"406\" \/><figcaption>Sou\u010dasn\u00fd prim\u00e1tor H\u0159ib (Pir\u00e1ti) na homopochodu, kter\u00fd otev\u0159en\u011b podporuje rozvrat rodiny a n\u00e1roda.<\/figcaption><\/figure>\n<p><a href=\"https:\/\/ceskavec.com\/2022\/06\/v-praze-se-zacinaji-sirit-divadelni-predstaveni-transvestitu-stane-se-hlavni-mesto-centrem-deviantniho-umeni\">V\u011bd\u00e1tor<\/a><\/p>\n<p>&nbsp;<\/p>\n","protected":false},"excerpt":{"rendered":"<p>V Praze se za pomoci cizinc\u016f za\u010d\u00ednaj\u00ed \u0161\u00ed\u0159it divadeln\u00ed p\u0159edstaven\u00ed transsexu\u00e1l\u016f (drag \u2013 \u00a0Draglesque). Po&#8230;<\/p>\n","protected":false},"author":2,"featured_media":11514,"comment_status":"closed","ping_status":"closed","sticky":false,"template":"","format":"standard","meta":[],"categories":[6],"tags":[641,234,2580],"_links":{"self":[{"href":"https:\/\/www.infokuryr.cz\/n\/wp-json\/wp\/v2\/posts\/11513"}],"collection":[{"href":"https:\/\/www.infokuryr.cz\/n\/wp-json\/wp\/v2\/posts"}],"about":[{"href":"https:\/\/www.infokuryr.cz\/n\/wp-json\/wp\/v2\/types\/post"}],"author":[{"embeddable":true,"href":"https:\/\/www.infokuryr.cz\/n\/wp-json\/wp\/v2\/users\/2"}],"replies":[{"embeddable":true,"href":"https:\/\/www.infokuryr.cz\/n\/wp-json\/wp\/v2\/comments?post=11513"}],"version-history":[{"count":0,"href":"https:\/\/www.infokuryr.cz\/n\/wp-json\/wp\/v2\/posts\/11513\/revisions"}],"wp:featuredmedia":[{"embeddable":true,"href":"https:\/\/www.infokuryr.cz\/n\/wp-json\/wp\/v2\/media\/11514"}],"wp:attachment":[{"href":"https:\/\/www.infokuryr.cz\/n\/wp-json\/wp\/v2\/media?parent=11513"}],"wp:term":[{"taxonomy":"category","embeddable":true,"href":"https:\/\/www.infokuryr.cz\/n\/wp-json\/wp\/v2\/categories?post=11513"},{"taxonomy":"post_tag","embeddable":true,"href":"https:\/\/www.infokuryr.cz\/n\/wp-json\/wp\/v2\/tags?post=11513"}],"curies":[{"name":"wp","href":"https:\/\/api.w.org\/{rel}","templated":true}]}}