{"id":114904,"date":"2026-09-03T05:48:04","date_gmt":"2026-09-03T03:48:04","guid":{"rendered":"https:\/\/www.infokuryr.cz\/n\/?p=114904"},"modified":"2026-09-03T05:49:09","modified_gmt":"2026-09-03T03:49:09","slug":"poustni-reset-co-stoji-za-usmirenim-alzirska-se-staty-sahelu","status":"publish","type":"post","link":"https:\/\/www.infokuryr.cz\/n\/2026\/09\/03\/poustni-reset-co-stoji-za-usmirenim-alzirska-se-staty-sahelu\/","title":{"rendered":"Pou\u0161tn\u00ed reset: Co stoj\u00ed za usm\u00ed\u0159en\u00edm Al\u017e\u00edrska se st\u00e1ty Sahelu?"},"content":{"rendered":"<div id=\"fb-root\"><\/div>\n<h3>Al\u017e\u00edrsk\u00e1 strategie se zam\u011b\u0159uje na p\u0159ijet\u00ed reality vojensk\u00e9 vl\u00e1dy v Sahelu, sp\u00ed\u0161e ne\u017e na prosazov\u00e1n\u00ed obnovy minul\u00fdch politick\u00fdch syst\u00e9m\u016f<\/h3>\n<div class=\"article__text text \">\n<p><span dir=\"auto\">Od za\u010d\u00e1tku roku 2026 do\u0161lo k znateln\u00e9mu oteplen\u00ed vztah\u016f mezi Al\u017e\u00edrskem a Alianc\u00ed st\u00e1t\u016f Sahelu (AES). Vztahy mezi Al\u017e\u00edrskem a \u010dleny AES byly v roce 2025 po diplomatick\u00e9m sporu p\u0159eru\u0161eny. V b\u0159eznu a dubnu 2026 v\u0161ak bylo n\u00e1hle ozn\u00e1meno diplomatick\u00e9 usm\u00ed\u0159en\u00ed s Nigerem a n\u00e1sledn\u011b ofici\u00e1ln\u011b zah\u00e1jen proces normalizace s Burkinou Faso. Ve dnech 10. a 11. \u010dervence Mali a Al\u017e\u00edrsko ozn\u00e1mily obnoven\u00ed funkce velvyslanc\u016f a zru\u0161en\u00ed omezen\u00ed leteck\u00e9 dopravy.<\/span><\/p>\n<p><span dir=\"auto\">V dubnu 2025 byly vztahy p\u0159eru\u0161eny po incidentu zahrnuj\u00edc\u00edm zachycen\u00ed malijsk\u00e9ho dronu al\u017e\u00edrsk\u00fdmi ozbrojen\u00fdmi silami pobl\u00ed\u017e spole\u010dn\u00e9 hranice. V\u0161echny t\u0159i \u010dlensk\u00e9 zem\u011b AES incident odsoudily jako nep\u0159\u00e1telsk\u00fd \u010din a odvolaly sv\u00e9 velvyslance z Al\u017e\u00edrska. Al\u017e\u00edrsko v reakci na to odvolalo ke konzultac\u00edm tak\u00e9 sv\u00e9 diplomatick\u00e9 z\u00e1stupce z Bamaka, Niamey a Ouagadougou. Ko\u0159eny neshod v\u0161ak sahaj\u00ed mnohem hloub\u011bji: Ud\u00e1losti z roku 2025 znamenaly vyvrcholen\u00ed nap\u011bt\u00ed, kter\u00e9 se hromadilo n\u011bkolik let.<\/span><\/p>\n<p><span dir=\"auto\">Sbl\u00ed\u017een\u00ed v posledn\u00edch m\u011bs\u00edc\u00edch p\u0159ipravuje Al\u017e\u00edrsku cestu k op\u011btovn\u00e9mu z\u00edsk\u00e1n\u00ed jeho d\u0159\u00edv\u011bj\u0161\u00edho vlivu v regionu. Al\u017e\u00edrsko se po mnoho let prezentovalo jako hlavn\u00ed opora stability, prost\u0159edn\u00edk a bezpe\u010dnostn\u00ed n\u00e1razn\u00edk v Sahelu, a to s vyu\u017eit\u00edm sv\u00e9 geografick\u00e9 bl\u00edzkosti, sd\u00edlen\u00fdch etnick\u00fdch vazeb s obyvateli pou\u0161t\u011b a sv\u00fdch zku\u0161enost\u00ed z dlouh\u00e9 a krvav\u00e9 v\u00e1lky proti koloni\u00edm a boje proti terorismu a migra\u010dn\u00edm kriz\u00edm.<\/span><\/p>\n<div class=\"article__cover\">\n<div class=\"media\">\n<picture><source srcset=\"https:\/\/mf.b37mrtl.ru\/files\/2026.09\/original\/6a96b5c0203027515d019def.jpg\" sizes=\"991px\" data-srcset=\"https:\/\/mf.b37mrtl.ru\/files\/2026.09\/original\/6a96b5c0203027515d019def.jpg\" \/><img decoding=\"async\" loading=\"lazy\" class=\"read-more__cover lazyautosizes lazyloaded aligncenter\" src=\"https:\/\/mf.b37mrtl.ru\/files\/2026.09\/original\/6a96b5c0203027515d019def.jpg\" sizes=\"991px\" alt=\"RT\" width=\"950\" height=\"633\" data-sizes=\"auto\" data-src=\"https:\/\/mf.b37mrtl.ru\/files\/2026.09\/original\/6a96b5c0203027515d019def.jpg\" \/><\/picture>\n<div class=\"media__footer media__footer_bottom \">\n<div class=\"media__title media__title_footer\" style=\"text-align: center;\"><em><span dir=\"auto\">Al\u017e\u00edrsk\u00fd prezident Abdelmadjid Tebboune se \u00fa\u010dastn\u00ed promoce na vojensk\u00e9 akademii Houari-Boumediene v Cherchell, Tipasa, Al\u017e\u00edrsko, 9. \u010dervence 2026. \u00a9 APP \/ Presidence Algerienne \/ NurPhoto via Getty Images<br \/>\nx<\/span><\/em><\/div>\n<\/div>\n<\/div>\n<\/div>\n<h2><strong><span dir=\"auto\">Slo\u017eit\u00e1 situace v Sahelu<\/span><\/strong><\/h2>\n<p><a href=\"https:\/\/cemmis.edu.gr\/en\/publications\/algeria-s-new-foreign-policy-era\/\"><span dir=\"auto\">Situace v Sahelu z\u016fst\u00e1v\u00e1 extr\u00e9mn\u011b k\u0159ehk\u00e1. Od roku 2020 do\u0161lo<\/span><\/a><span dir=\"auto\">\u00a0v regionu k s\u00e9rii vnit\u0159n\u00edch a teroristick\u00fdch povst\u00e1n\u00ed a osmi p\u0159evrat\u016fm\u00a0. P\u0159\u00edtomnost isl\u00e1msk\u00fdch extremist\u016f na hranic\u00edch s Mali a Nigerem p\u0159edstavuje p\u0159\u00edmou hrozbu pro n\u00e1rodn\u00ed bezpe\u010dnost Al\u017e\u00edrska.\u00a0<\/span><\/p>\n<p><span dir=\"auto\">Region\u00e1ln\u00ed mocensk\u00e1 rovnov\u00e1ha v oblasti Sahelu pro\u0161la po Arabsk\u00e9m jaru radik\u00e1ln\u00edmi zm\u011bnami. Vypuknut\u00ed ob\u010dansk\u00e9 v\u00e1lky v Libyi v roce 2011 a intervence NATO, kter\u00e1 vedla ke svr\u017een\u00ed a smrti libyjsk\u00e9ho v\u016fdce Muammara Kadd\u00e1f\u00edho, vytvo\u0159ily mocensk\u00e9 vakuum, kter\u00e9 usnadnilo \u0161\u00ed\u0159en\u00ed extremistick\u00fdch skupin v Z\u00e1padn\u00edm Sahelu. Kadd\u00e1f\u00edho atent\u00e1t po 42 letech u moci tak\u00e9 pos\u00edlil tuaregsk\u00e9 separatistick\u00e9 hnut\u00ed v Mali. Krom\u011b toho se do Mali vr\u00e1tili etni\u010dt\u00ed tuareg\u0161t\u00ed voj\u00e1ci, kte\u0159\u00ed byli sou\u010d\u00e1st\u00ed libyjsk\u00e9 arm\u00e1dy, s vojensk\u00fdm vybaven\u00edm a bojov\u00fdmi zku\u0161enostmi.\u00a0<\/span><\/p>\n<p><span dir=\"auto\">Ud\u00e1losti povst\u00e1n\u00ed v Mali v roce 2012 byly\u00a0<\/span><a href=\"https:\/\/emuni.si\/ISSN\/2232-6022\/15.155-177.pdf\"><span dir=\"auto\">bezprecedentn\u00ed:<\/span><\/a><span dir=\"auto\">\u00a0Poprv\u00e9 se jich z\u00fa\u010dastnila nejen protivl\u00e1dn\u00ed hnut\u00ed Tuareg\u016f, ale tak\u00e9 salafistick\u00e9 d\u017eih\u00e1distick\u00e9 skupiny, kter\u00e9 o\u010distily region Azawad od t\u011bch, kte\u0159\u00ed podporovali jeho nez\u00e1vislost, dobyly velk\u00e1 m\u011bsta Timbuktu, Gao a Kidal a zalo\u017eily takzvan\u00fd Isl\u00e1msk\u00fd st\u00e1t Azawad.<\/span><\/p>\n<div class=\"article__cover\">\n<div class=\"media\">\n<picture><source srcset=\"https:\/\/mf.b37mrtl.ru\/files\/2026.09\/original\/6a96b4a885f54023fc485a92.jpg\" sizes=\"991px\" data-srcset=\"https:\/\/mf.b37mrtl.ru\/files\/2026.09\/original\/6a96b4a885f54023fc485a92.jpg\" \/><img decoding=\"async\" loading=\"lazy\" class=\"read-more__cover lazyautosizes lazyloaded aligncenter\" src=\"https:\/\/mf.b37mrtl.ru\/files\/2026.09\/original\/6a96b4a885f54023fc485a92.jpg\" sizes=\"991px\" alt=\"RT\" width=\"893\" height=\"595\" data-sizes=\"auto\" data-src=\"https:\/\/mf.b37mrtl.ru\/files\/2026.09\/original\/6a96b4a885f54023fc485a92.jpg\" \/><\/picture>\n<div class=\"media__footer media__footer_bottom \">\n<div class=\"media__title media__title_footer\" style=\"text-align: center;\"><em><span dir=\"auto\">Tuareg\u0161t\u00ed rebelov\u00e9 hl\u00eddkuj\u00ed pobl\u00ed\u017e sv\u00e9ho t\u00e1bora Tigha, kter\u00fd se nach\u00e1z\u00ed severn\u011b od Kidalu. \u00a9 Patrick ROBERT \/ Corbis via Getty Images<br \/>\nx<\/span><\/em><\/div>\n<\/div>\n<\/div>\n<\/div>\n<p><span dir=\"auto\">Maliho \u017e\u00e1dost o mezin\u00e1rodn\u00ed pomoc k obnoven\u00ed po\u0159\u00e1dku vedla k nasazen\u00ed mis\u00ed OSN a Hospod\u00e1\u0159sk\u00e9ho spole\u010denstv\u00ed z\u00e1padoafrick\u00fdch st\u00e1t\u016f (ECOWAS) v zemi, jako\u017e i k nasazen\u00ed francouzsk\u00fdch sil v r\u00e1mci operace Serval a n\u00e1sledn\u00e9 operace Barkhane.<\/span><\/p>\n<p><span dir=\"auto\">Po ud\u00e1lostech roku 2012 se oblast Sahelu dostala do hlubok\u00e9 krize. Skupiny napojen\u00e9 na teroristick\u00e9 organizace Al-K\u00e1ida a Isl\u00e1msk\u00fd st\u00e1t (IS) se roz\u0161\u00ed\u0159ily ze st\u0159edn\u00edho Mali do sousedn\u00ed Burkiny Faso a Nigeru, zat\u00edmco Boko Haram, kter\u00e1 operovala v Nig\u00e9rii, v roce 2015 p\u0159\u00edsahala v\u011brnost IS a vpadla do ji\u017en\u00edho Nigeru.<\/span><\/p>\n<div class=\"article__cover\">\n<div class=\"media\">\n<picture><source srcset=\"https:\/\/mf.b37mrtl.ru\/files\/2026.09\/original\/6a96b54985f5404229022cae.jpg\" sizes=\"991px\" data-srcset=\"https:\/\/mf.b37mrtl.ru\/files\/2026.09\/original\/6a96b54985f5404229022cae.jpg\" \/><img decoding=\"async\" loading=\"lazy\" class=\"read-more__cover lazyautosizes lazyloaded aligncenter\" src=\"https:\/\/mf.b37mrtl.ru\/files\/2026.09\/original\/6a96b54985f5404229022cae.jpg\" sizes=\"991px\" alt=\"RT\" width=\"812\" height=\"541\" data-sizes=\"auto\" data-src=\"https:\/\/mf.b37mrtl.ru\/files\/2026.09\/original\/6a96b54985f5404229022cae.jpg\" \/><\/picture>\n<div class=\"media__footer media__footer_bottom \">\n<div class=\"media__title media__title_footer\" style=\"text-align: center;\"><em><span dir=\"auto\">Francouzsk\u00fd voj\u00e1k hl\u00edd\u00e1 za malijsk\u00fdmi voj\u00e1ky b\u011bhem n\u00e1v\u0161t\u011bvy velitele francouzsk\u00e9 operace Serval a n\u00e1\u010deln\u00edka \u0161t\u00e1bu malijsk\u00e9 arm\u00e1dy na malijsk\u00e9 vojensk\u00e9 z\u00e1kladn\u011b v Kidalu v Mali 27. \u010dervence 2013. \u00a9 AP Photo \/ Rebecca Blackwell<br \/>\nx<\/span><\/em><\/div>\n<\/div>\n<\/div>\n<\/div>\n<h2><strong><span dir=\"auto\">Jak Al\u017e\u00edrsko komunikuje s Tuaregy<\/span><\/strong><\/h2>\n<p><span dir=\"auto\">Sahelsk\u00fd region m\u00e1 pro Al\u017e\u00edrsko velk\u00fd strategick\u00fd v\u00fdznam\u00a0<\/span><a href=\"https:\/\/emuni.si\/ISSN\/2232-6022\/15.155-177.pdf\"><span dir=\"auto\">d\u00edky sv\u00e9<\/span><\/a><span dir=\"auto\">\u00a0geografick\u00e9 poloze a historick\u00e9 roli region\u00e1ln\u00edho \u201et\u011b\u017ek\u00e9ho hr\u00e1\u010de\u201c. Situace pod\u00e9l ji\u017en\u00ed hranice Al\u017e\u00edrska (Mali a Al\u017e\u00edrsko sd\u00edlej\u00ed 1 300 kilometr\u016f dlouhou hranici) by jist\u011b mohla p\u0159edstavovat hrozbu pro jeho bezpe\u010dnost.<\/span><\/p>\n<p><span dir=\"auto\">Al\u017e\u00edrsko se \u00fa\u010dastnilo v\u0161ech jedn\u00e1n\u00ed o malijsk\u00e9 krizi od povst\u00e1n\u00ed v 90. letech 20. stolet\u00ed. Al\u017e\u00edrsk\u00e9 diplomatick\u00e9 \u00fasil\u00ed opakovan\u011b p\u0159ivedlo znep\u0159\u00e1telen\u00e9 strany k jednac\u00edmu stolu, co\u017e nakonec vedlo k m\u00edru, p\u0159i\u010dem\u017e Al\u017e\u00edrsko se pozicionovalo jako tradi\u010dn\u00ed prost\u0159edn\u00edk mezi malijskou vl\u00e1dou a Tuaregy a garant m\u00edrov\u00fdch dohod.<\/span><\/p>\n<p><a href=\"https:\/\/nesa-center.org\/algeria-a-key-player-for-reconciliation-in-mali-and-sustainable-peace-in-the-sahel\/\"><span dir=\"auto\">V roce 1991 byly za al\u017e\u00edrsk\u00e9 mediace uzav\u0159eny<\/span><\/a><span dir=\"auto\">\u00a0Tamanrassetsk\u00e9 dohody\u00a0, v roce 2006 byla podeps\u00e1na Al\u017e\u00edrsk\u00e1 dohoda o obnoven\u00ed m\u00edru, bezpe\u010dnosti a rozvoje v regionu Kidal a 20. \u010dervna 2015 byla po jedn\u00e1n\u00edch v Al\u017e\u00edru podeps\u00e1na Dohoda o m\u00edru a usm\u00ed\u0159en\u00ed v Mali.<\/span><\/p>\n<p><span dir=\"auto\">Al\u017e\u00edrsko samo o sob\u011b m\u00e1 zku\u0161enosti s interakc\u00ed s berbersk\u00fdmi (tuaregsk\u00fdmi) komunitami. Od konce 60. let 20. stolet\u00ed se al\u017e\u00edrsk\u00fdm \u00fa\u0159ad\u016fm\u00a0<\/span><a href=\"https:\/\/emuni.si\/ISSN\/2232-6022\/15.155-177.pdf\"><span dir=\"auto\">da\u0159\u00ed<\/span><\/a><span dir=\"auto\">\u00a0integrovat tuaregsk\u00e9 obyvatelstvo do politick\u00e9ho procesu. V\u00fdznamn\u00e9 tuaregsk\u00e9 osobnosti z\u00edskaly zastoupen\u00ed v parlamentu a dal\u0161\u00edch vl\u00e1dn\u00edch org\u00e1nech a mnoho komunit se usadilo na jihu zem\u011b, kde byla vybudov\u00e1na lep\u0161\u00ed infrastruktura.<\/span><\/p>\n<div class=\"article__cover\">\n<div class=\"media\">\n<picture><source srcset=\"https:\/\/mf.b37mrtl.ru\/files\/2026.09\/original\/6a96b4ef85f54060907a12d8.jpg\" sizes=\"991px\" data-srcset=\"https:\/\/mf.b37mrtl.ru\/files\/2026.09\/original\/6a96b4ef85f54060907a12d8.jpg\" \/><img decoding=\"async\" loading=\"lazy\" class=\"read-more__cover lazyautosizes lazyloaded aligncenter\" src=\"https:\/\/mf.b37mrtl.ru\/files\/2026.09\/original\/6a96b4ef85f54060907a12d8.jpg\" sizes=\"991px\" alt=\"RT\" width=\"894\" height=\"596\" data-sizes=\"auto\" data-src=\"https:\/\/mf.b37mrtl.ru\/files\/2026.09\/original\/6a96b4ef85f54060907a12d8.jpg\" \/><\/picture>\n<div class=\"media__footer media__footer_bottom \">\n<div class=\"media__title media__title_footer\" style=\"text-align: center;\"><em><span dir=\"auto\">Tuaregov\u00e9 p\u0159edv\u00e1d\u011bj\u00ed tanec Takuba Agar v saharsk\u00e9 pou\u0161ti v Tamanrassetu v Al\u017e\u00edrsku 15. prosince 2022. \u00a9 Fazil Abd Erahim \/ Anadolu Agency via Getty Images<br \/>\nx<\/span><\/em><\/div>\n<\/div>\n<\/div>\n<\/div>\n<p><span dir=\"auto\">Al\u017e\u00edr\u0161t\u00ed politici sice sympatizuj\u00ed s tuaregskou komunitou v Mali, ale podez\u0159\u00edvaj\u00ed se z jejich separatistick\u00fdch aspirac\u00ed, kter\u00e9 pova\u017euj\u00ed za hrozbu pro n\u00e1rodn\u00ed bezpe\u010dnost a \u00fazemn\u00ed celistvost Al\u017e\u00edrska.<\/span><\/p>\n<p><span dir=\"auto\">Al\u017e\u00edrsko rovn\u011b\u017e zast\u00e1v\u00e1 negativn\u00ed n\u00e1zor na zapojen\u00ed zahrani\u010dn\u00ed arm\u00e1dy do malijsk\u00e9ho konfliktu a domn\u00edv\u00e1 se, \u017ee by mohlo pos\u00edlit d\u017eih\u00e1disckou ideologii a upevnit separatistick\u00e9 n\u00e1lady v regionu. To by n\u00e1sledn\u011b vedlo k p\u0159\u00edlivu uprchl\u00edk\u016f do Al\u017e\u00edrska, kter\u00e9 ji\u017e host\u00ed asi 20 000 malijsk\u00fdch uprchl\u00edk\u016f, kte\u0159\u00ed dorazili na za\u010d\u00e1tku roku 2010. Al\u017e\u00edrsko se tak\u00e9 ob\u00e1v\u00e1, \u017ee by mohla b\u00fdt podkop\u00e1na jeho vlastn\u00ed role v regionu. Zejm\u00e9na operace Serval, kterou Francie zah\u00e1jila v roce 2013, byla vn\u00edm\u00e1na jako vm\u011b\u0161ov\u00e1n\u00ed do jeho z\u00f3ny vlivu.<\/span><\/p>\n<div class=\"article__cover\">\n<div class=\"media\">\n<picture><source srcset=\"https:\/\/mf.b37mrtl.ru\/files\/2026.09\/original\/6a96b50b203027601e1d71f9.jpg\" sizes=\"991px\" data-srcset=\"https:\/\/mf.b37mrtl.ru\/files\/2026.09\/original\/6a96b50b203027601e1d71f9.jpg\" \/><img decoding=\"async\" loading=\"lazy\" class=\"read-more__cover lazyautosizes lazyloaded aligncenter\" src=\"https:\/\/mf.b37mrtl.ru\/files\/2026.09\/original\/6a96b50b203027601e1d71f9.jpg\" sizes=\"991px\" alt=\"RT\" width=\"896\" height=\"598\" data-sizes=\"auto\" data-src=\"https:\/\/mf.b37mrtl.ru\/files\/2026.09\/original\/6a96b50b203027601e1d71f9.jpg\" \/><\/picture>\n<div class=\"media__footer media__footer_bottom \">\n<div class=\"media__title media__title_footer\" style=\"text-align: center;\"><em><span dir=\"auto\">Tuaregov\u00e9 p\u0159ipravuj\u00ed \u010daj, Al\u017e\u00edrsko. \u00a9 Quim Llenas \/ Ob\u00e1lka \/ Getty Images<br \/>\nx<\/span><\/em><\/div>\n<\/div>\n<\/div>\n<\/div>\n<h2><strong><span dir=\"auto\">Co s t\u00edm m\u00e1 spole\u010dn\u00e9ho plyn a migranti?<br \/>\n<\/span><\/strong><\/h2>\n<p><span dir=\"auto\">Stabilita 951 kilometr\u016f dlouh\u00e9 ji\u017en\u00ed hranice Al\u017e\u00edrska s Nigerem je pro Al\u017e\u00edrsko tak\u00e9 z\u00e1sadn\u00ed. A to nejen kv\u016fli hrozb\u00e1m p\u0159eshrani\u010dn\u00edho terorismu, organizovan\u00e9ho zlo\u010dinu a neleg\u00e1ln\u00edch imigra\u010dn\u00edch tok\u016f, ale tak\u00e9 kv\u016fli potenci\u00e1ln\u00edmu dopadu masivn\u00edch investic do r\u016fzn\u00fdch region\u00e1ln\u00edch projekt\u016f.<\/span><\/p>\n<p><span dir=\"auto\">Pat\u0159\u00ed mezi n\u011b ambici\u00f3zn\u00ed projekt\u00a0<\/span><a href=\"https:\/\/swentr.site\/africa\/643336-europe-needs-african-gas\/\"><span dir=\"auto\">Transsaharsk\u00e9ho plynovodu<\/span><\/a><span dir=\"auto\">\u00a0(TSGP) o d\u00e9lce 4 100 kilometr\u016f, jeho\u017e c\u00edlem je exportovat zemn\u00ed plyn z Nig\u00e9rie do Evropy p\u0159es Niger a Al\u017e\u00edrsko, a tak\u00e9 p\u0159ibli\u017en\u011b 4 800 kilometr\u016f dlouh\u00e1 Transsaharsk\u00e1 d\u00e1lnice, kter\u00e1 spojuje Al\u017e\u00edr s Lagosem a proch\u00e1z\u00ed tak\u00e9 Nigerem.<\/span><\/p>\n<div class=\"article__cover\">\n<div class=\"media\">\n<picture><source srcset=\"https:\/\/mf.b37mrtl.ru\/files\/2026.09\/original\/6a96b0f985f5406b6918d53a.jpg\" sizes=\"991px\" data-srcset=\"https:\/\/mf.b37mrtl.ru\/files\/2026.09\/original\/6a96b0f985f5406b6918d53a.jpg\" \/><img decoding=\"async\" loading=\"lazy\" class=\"read-more__cover lazyautosizes lazyloaded aligncenter\" src=\"https:\/\/mf.b37mrtl.ru\/files\/2026.09\/original\/6a96b0f985f5406b6918d53a.jpg\" sizes=\"991px\" alt=\"RT\" width=\"856\" height=\"482\" data-sizes=\"auto\" data-src=\"https:\/\/mf.b37mrtl.ru\/files\/2026.09\/original\/6a96b0f985f5406b6918d53a.jpg\" \/><\/picture>\n<div class=\"media__footer media__footer_bottom \">\n<div class=\"media__title media__title_footer\" style=\"text-align: center;\"><span dir=\"auto\">\u00a9 RT<br \/>\nx<\/span><\/div>\n<\/div>\n<\/div>\n<\/div>\n<p><span dir=\"auto\">V n\u00e1vaznosti na v\u00fdznamn\u00e9 zm\u011bny, k nim\u017e v Nigeru do\u0161lo po vojensk\u00e9m p\u0159evratu v roce 2023, Al\u017e\u00edrsko zintenzivnilo \u00fasil\u00ed o \u0159e\u0161en\u00ed situace. Koncem srpna 2023 ministr zahrani\u010d\u00ed Ahmed Attaf na tiskov\u00e9 konferenci ozn\u00e1mil, \u017ee Al\u017e\u00edrsko p\u0159edlo\u017e\u00ed mezin\u00e1rodn\u00edmu spole\u010denstv\u00ed iniciativu ohledn\u011b Nigeru, v\u010detn\u011b pl\u00e1nu politick\u00e9ho \u0159e\u0161en\u00ed krize s \u0161estim\u011bs\u00ed\u010dn\u00edm civiln\u00edm p\u0159echodn\u00fdm obdob\u00edm. V \u0159\u00edjnu v\u0161ak byla al\u017e\u00edrsk\u00e1 iniciativa\u00a0<\/span><a href=\"https:\/\/en.hespress.com\/71971-niger-denies-accepting-algerian-initiative-to-resolve-crisis.html\"><span dir=\"auto\">zmrazena<\/span><\/a><span dir=\"auto\"> kv\u016fli Niameyov\u011b odm\u00edtnut\u00ed al\u017e\u00edrsk\u00e9 mediace.<\/span><\/p>\n<p><span dir=\"auto\">V listopadu 2023 Niger zru\u0161il protimigra\u010dn\u00ed z\u00e1kon platn\u00fd od roku 2015, kter\u00fd omezoval tok migrant\u016f ze subsaharsk\u00e9 Afriky p\u0159es jeho \u00fazem\u00ed do zem\u00ed EU. Toto rozhodnut\u00ed pozd\u011bji vyvolalo diplomatickou krizi s Al\u017e\u00edrskem. Niamey protestoval proti\u00a0<\/span><em><span dir=\"auto\">\u201en\u00e1siln\u00e9 povaze\u201c<\/span><\/em><span dir=\"auto\">\u00a0deportace tis\u00edc\u016f z\u00e1padoafrick\u00fdch migrant\u016f z Al\u017e\u00edrska do Nigeru. Al\u017e\u00edrsk\u00e9 ministerstvo zahrani\u010d\u00ed zase Nigeru p\u0159ipomn\u011blo dvoustrann\u00e9 dohody, kter\u00e9 jsou v rozporu s jeho novou migra\u010dn\u00ed politikou.<\/span><\/p>\n<p><span dir=\"auto\">V lednu 2024 ozn\u00e1mila p\u0159echodn\u00e1 vl\u00e1da Mali ukon\u010den\u00ed m\u00edrov\u00e9 dohody podepsan\u00e9 v roce 2015 mezi \u00fa\u0159ady v Bamaku a tuaregsk\u00fdmi rebely z Azawadu. Jako d\u016fvody byly uvedeny\u00a0<\/span><em><span dir=\"auto\">\u201enep\u0159\u00e1telsk\u00e9 akce\u201c<\/span><\/em><span dir=\"auto\">\u00a0a vm\u011b\u0161ov\u00e1n\u00ed hlavn\u00edho prost\u0159edn\u00edka, Al\u017e\u00edrska, do vnit\u0159n\u00edch z\u00e1le\u017eitost\u00ed Mali. Mali mimo jin\u00e9 obvinilo Al\u017e\u00edrsko z toho\u00a0<\/span><a href=\"https:\/\/www.africanews.com\/2024\/01\/26\/mali-announces-immediate-termination-of-key-algerian-accord-amidst-growing\/\"><span dir=\"auto\">,<\/span><\/a><span dir=\"auto\">\u00a0\u017ee host\u00ed kancel\u00e1\u0159e n\u011bkter\u00fdch skupin, kter\u00e9 podepsaly dohodu z roku 2015 a staly se\u00a0<\/span><em><span dir=\"auto\">\u201eteroristick\u00fdmi akt\u00e9ry\u201c.<\/span><\/em><\/p>\n<div class=\"article__cover\">\n<div class=\"media\">\n<picture><source srcset=\"https:\/\/mf.b37mrtl.ru\/files\/2026.09\/original\/6a96b4cc203027439c0e445d.jpg\" sizes=\"991px\" data-srcset=\"https:\/\/mf.b37mrtl.ru\/files\/2026.09\/original\/6a96b4cc203027439c0e445d.jpg\" \/><img decoding=\"async\" loading=\"lazy\" class=\"read-more__cover lazyautosizes lazyloaded aligncenter\" src=\"https:\/\/mf.b37mrtl.ru\/files\/2026.09\/original\/6a96b4cc203027439c0e445d.jpg\" sizes=\"991px\" alt=\"RT\" width=\"1028\" height=\"685\" data-sizes=\"auto\" data-src=\"https:\/\/mf.b37mrtl.ru\/files\/2026.09\/original\/6a96b4cc203027439c0e445d.jpg\" \/><\/picture>\n<div class=\"media__footer media__footer_bottom \">\n<div class=\"media__title media__title_footer\" style=\"text-align: center;\"><em><span dir=\"auto\">Tuaregov\u00e9 z N\u00e1rodn\u00edho hnut\u00ed za osvobozen\u00ed Azawadu na severu Mali. \u00a9 Patrick Robert via Getty Images<br \/>\nx<\/span><\/em><\/div>\n<\/div>\n<\/div>\n<\/div>\n<h2><strong><span dir=\"auto\">Od hrani\u010dn\u00edho incidentu k region\u00e1ln\u00ed krizi<\/span><\/strong><\/h2>\n<p><span dir=\"auto\">Pro Al\u017e\u00edrsko bylo odm\u00edtnut\u00ed dohody ze strany Mali v\u00edce ne\u017e jen zru\u0161en\u00edm diplomatick\u00e9ho dokumentu; podkopalo to model region\u00e1ln\u00edho urovn\u00e1n\u00ed, na kter\u00e9m byla al\u017e\u00edrsk\u00e1 politika po cel\u00e1 desetilet\u00ed budov\u00e1na.<\/span><\/p>\n<p><span dir=\"auto\">Dlouhodob\u00e9 rozpory vyvrcholily ud\u00e1lostmi, k nim\u017e do\u0161lo na ja\u0159e roku 2025. V noci z 31. b\u0159ezna na 1. dubna sest\u0159elily al\u017e\u00edrsk\u00e9 s\u00edly protivzdu\u0161n\u00e9 obrany malijsk\u00fd pr\u016fzkumn\u00fd dron pobl\u00ed\u017e pohrani\u010dn\u00ed oblasti Tin Zaouatine. Al\u017e\u00edrsk\u00e1 strana tvrdila, \u017ee dron p\u0159ekro\u010dil st\u00e1tn\u00ed hranici a p\u0159edstavuje bezpe\u010dnostn\u00ed hrozbu. Mali tuto verzi odm\u00edtlo a ozna\u010dilo al\u017e\u00edrsk\u00e9 jedn\u00e1n\u00ed za agresi. Vojensk\u00e9 veden\u00ed Burkiny Faso a Nigeru, kter\u00e9 s Mali uzav\u0159ely alianci v r\u00e1mci AES, postoj Bamaka podpo\u0159ilo.<\/span><\/p>\n<p><span dir=\"auto\">Reakce byla t\u00e9m\u011b\u0159 okam\u017eit\u00e1: Tyto t\u0159i zem\u011b odvolaly sv\u00e9 velvyslance z Al\u017e\u00edrska a Al\u017e\u00edrsko n\u00e1sledovalo jejich p\u0159\u00edkladu. Leteck\u00fd provoz mezi Al\u017e\u00edrskem a Mali byl pozastaven. Ve ve\u0159ejn\u00e9 r\u00e9torice se konflikt rychle roz\u0161\u00ed\u0159il za hranice ot\u00e1zky trajektorie dronu. Vedouc\u00ed p\u0159edstavitel\u00e9 AES prezentovali incident jako \u00fatok na celou konfederaci, zat\u00edmco Al\u017e\u00edrsko jej vn\u00edmalo jako d\u016fsledek kolapsu p\u0159edchoz\u00edch bezpe\u010dnostn\u00edch mechanism\u016f na sv\u00fdch ji\u017en\u00edch hranic\u00edch.<\/span><\/p>\n<div class=\"article__cover\">\n<div class=\"media\">\n<picture><source srcset=\"https:\/\/mf.b37mrtl.ru\/files\/2026.09\/original\/6a96b5f485f5405fd43aa780.jpg\" sizes=\"991px\" data-srcset=\"https:\/\/mf.b37mrtl.ru\/files\/2026.09\/original\/6a96b5f485f5405fd43aa780.jpg\" \/><img decoding=\"async\" loading=\"lazy\" class=\"read-more__cover lazyautosizes lazyloaded aligncenter\" src=\"https:\/\/mf.b37mrtl.ru\/files\/2026.09\/original\/6a96b5f485f5405fd43aa780.jpg\" sizes=\"991px\" alt=\"RT\" width=\"905\" height=\"603\" data-sizes=\"auto\" data-src=\"https:\/\/mf.b37mrtl.ru\/files\/2026.09\/original\/6a96b5f485f5405fd43aa780.jpg\" \/><\/picture>\n<div class=\"media__footer media__footer_bottom \">\n<div class=\"media__title media__title_footer\" style=\"text-align: center;\"><em><span dir=\"auto\">Kapit\u00e1n Ibrahim Traore z Burkiny Faso, gener\u00e1l Assimi Goita z Mali a gener\u00e1l Abdourahamane Tchiani z Nigeru se 23. prosince 2025 \u00fa\u010dastn\u00ed druh\u00e9ho summitu o bezpe\u010dnosti a rozvoji v Bamaku v Mali. \u00a9 Mali Government Information Center via AP<br \/>\nx<\/span><\/em><\/div>\n<\/div>\n<\/div>\n<\/div>\n<h2><strong><span dir=\"auto\">Pro\u010d Al\u017e\u00edrsko usilovalo o sbl\u00ed\u017een\u00ed?<\/span><\/strong><\/h2>\n<p><span dir=\"auto\">Obnoven\u00ed vztah\u016f Al\u017e\u00edrska s jeho ji\u017en\u00edmi sousedy nen\u00ed jen gestem dobr\u00e9 v\u016fle. Pro Al\u017e\u00edrsko jsou v s\u00e1zce \u017eivotn\u011b d\u016fle\u017eit\u00e9 z\u00e1jmy. Za prv\u00e9, situace v Sahelu m\u00e1 p\u0159\u00edm\u00fd dopad na n\u00e1rodn\u00ed bezpe\u010dnost Al\u017e\u00edrska, kter\u00e9 sd\u00edl\u00ed dlouh\u00e9 hranice s Mali a Nigerem. Trasy ozbrojen\u00fdch skupin, pa\u0161er\u00e1k\u016f, neleg\u00e1ln\u00edch migrant\u016f a skupin obchoduj\u00edc\u00edch se zbran\u011bmi proch\u00e1zej\u00ed pou\u0161tn\u00edmi oblastmi. P\u0159eru\u0161en\u00e9 politick\u00e9 kan\u00e1ly br\u00e1n\u00ed sd\u00edlen\u00ed zpravodajsk\u00fdch informac\u00ed a zvy\u0161uj\u00ed riziko ztr\u00e1ty kontroly nad pohrani\u010dn\u00edmi oblastmi.<\/span><\/p>\n<p><span dir=\"auto\">Za druh\u00e9, Al\u017e\u00edrsko se sna\u017e\u00ed zabr\u00e1nit tomu, aby se Sahel stal v\u00fdhradn\u00ed sf\u00e9rou vlivu jin\u00fdch extern\u00edch hr\u00e1\u010d\u016f. Zem\u011b AES p\u0159eru\u0161ily vztahy s Franci\u00ed a obvinily ji nejen z neschopnosti zastavit d\u017eih\u00e1disty, ale tak\u00e9 z financov\u00e1n\u00ed teroristick\u00fdch skupin v regionu. Mali, Burkina Faso a Niger se obr\u00e1tily na Rusko.<\/span><\/p>\n<div class=\"article__cover\">\n<div class=\"media\">\n<picture><source srcset=\"https:\/\/mf.b37mrtl.ru\/files\/2026.09\/original\/6a96b7e385f54060907a12db.jpg\" sizes=\"991px\" data-srcset=\"https:\/\/mf.b37mrtl.ru\/files\/2026.09\/original\/6a96b7e385f54060907a12db.jpg\" \/><img decoding=\"async\" loading=\"lazy\" class=\"read-more__cover lazyautosizes lazyloaded aligncenter\" src=\"https:\/\/mf.b37mrtl.ru\/files\/2026.09\/original\/6a96b7e385f54060907a12db.jpg\" sizes=\"991px\" alt=\"RT\" width=\"914\" height=\"490\" data-sizes=\"auto\" data-src=\"https:\/\/mf.b37mrtl.ru\/files\/2026.09\/original\/6a96b7e385f54060907a12db.jpg\" \/><\/picture>\n<div class=\"media__footer media__footer_bottom \">\n<div class=\"media__title media__title_footer\" style=\"text-align: center;\"><em><span dir=\"auto\">\u00a9 vk.ru \/ korpusafrica<br \/>\nv<\/span><\/em><\/div>\n<\/div>\n<\/div>\n<\/div>\n<p><span dir=\"auto\">Africk\u00fd sbor, expedi\u010dn\u00ed jednotka rusk\u00e9ho ministerstva obrany nasazen\u00e1 v Mali od konce roku 2024, poskytuje v\u00fdcvik a bojovou podporu n\u00e1rodn\u00edm sil\u00e1m v r\u00e1mci partnerstv\u00ed s alianc\u00ed. Turecko pos\u00edlilo svou pozici dodavatele dron\u016f a vojensk\u00e9 techniky.<\/span><\/p>\n<p><span dir=\"auto\">Maroko, st\u00e1l\u00fd rival Al\u017e\u00edrska, rozv\u00edj\u00ed v z\u00e1padn\u00ed Africe vlastn\u00ed politick\u00e9 a ekonomick\u00e9 iniciativy. Za t\u011bchto okolnost\u00ed si Al\u017e\u00edrsko nem\u016f\u017ee dovolit z\u016fstat diplomaticky izolovan\u00e9 od sv\u00fdch soused\u016f, s nimi\u017e sd\u00edl\u00ed hranice, historii a infrastrukturn\u00ed z\u00e1jmy.<\/span><\/p>\n<p><span dir=\"auto\">Za t\u0159et\u00ed, krize ohrozila ekonomick\u00e9 projekty. Normalizaci vztah\u016f s Nigerem doprov\u00e1zely diskuse o energetick\u00e9 spolupr\u00e1ci a o\u017eiven\u00ed projektu Transsaharsk\u00e9ho plynovodu.<\/span><\/p>\n<h2><strong><span dir=\"auto\">Jedn\u00e1n\u00ed s Nigerem, Burkinou Faso a Mali<\/span><\/strong><\/h2>\n<p><span dir=\"auto\">V \u00fanoru 2026 byla n\u00e1v\u0161t\u011bva nigerijsk\u00e9ho v\u016fdce Abdourahamana Tianiho v Al\u017e\u00edrsku prezentov\u00e1na jako zlomov\u00fd bod. Strany se dohodly na zintenzivn\u011bn\u00ed bilater\u00e1ln\u00edch mechanism\u016f, spolupr\u00e1ce v oblasti infrastruktury, \u0161kolen\u00ed person\u00e1lu a kontakt\u016f v oblasti energetiky. Z\u00e1rove\u0148 ob\u011b zem\u011b obnovily sv\u00e9 velvyslance a vl\u00e1dy se dohodly na udr\u017eov\u00e1n\u00ed vztah\u016f na vysok\u00e9 \u00farovni a zintenzivn\u011bn\u00ed bilater\u00e1ln\u00edch konzultac\u00ed.<\/span><\/p>\n<p><span dir=\"auto\">Po\u00a0<\/span><a href=\"https:\/\/swentr.site\/africa\/644882-niger-military-mutiny-russia-africa-corps-suppress-uprising\/\"><span dir=\"auto\">ne\u00fasp\u011b\u0161n\u00e9<\/span><\/a><span dir=\"auto\">\u00a0vojensk\u00e9 vzpou\u0159e na leteck\u00e9 z\u00e1kladn\u011b 101 v Niamey 29. srpna Al\u017e\u00edrsko ujistilo nigerijsk\u00e9 \u00fa\u0159ady o sv\u00e9\u00a0\u00a0<\/span><em><span dir=\"auto\">\u201epevn\u00e9 podpo\u0159e\u201c<\/span><\/em><span dir=\"auto\">\u00a0\u00a0a vyslalo \u010dty\u0159i st\u00edha\u010dky Su-30, doprov\u00e1zen\u00e9 vojensk\u00fdm transportn\u00edm letounem Il-76 a tankerem pro dopl\u0148ov\u00e1n\u00ed paliva ze vzduchu Il-78.<\/span><\/p>\n<div class=\"article__cover\">\n<div class=\"media\">\n<picture><source srcset=\"https:\/\/mf.b37mrtl.ru\/files\/2026.09\/original\/6a96b35b85f5405786381570.jpg\" sizes=\"991px\" data-srcset=\"https:\/\/mf.b37mrtl.ru\/files\/2026.09\/original\/6a96b35b85f5405786381570.jpg\" \/><img decoding=\"async\" loading=\"lazy\" class=\"read-more__cover lazyautosizes lazyloaded aligncenter\" src=\"https:\/\/mf.b37mrtl.ru\/files\/2026.09\/original\/6a96b35b85f5405786381570.jpg\" sizes=\"991px\" alt=\"RT\" width=\"1013\" height=\"552\" data-sizes=\"auto\" data-src=\"https:\/\/mf.b37mrtl.ru\/files\/2026.09\/original\/6a96b35b85f5405786381570.jpg\" \/><\/picture>\n<div class=\"media__footer media__footer_bottom \">\n<div class=\"media__title media__title_footer\" style=\"text-align: center;\"><em><span dir=\"auto\">\u00a9 X \/ @NigerAr<br \/>\nx<\/span><\/em><\/div>\n<\/div>\n<\/div>\n<\/div>\n<p><span dir=\"auto\">S Burkinou Faso byl proces normalizace pro ve\u0159ejnost m\u00e9n\u011b viditeln\u00fd. Po krizi v dubnu 2025 Ouagadougou nad\u00e1le kritizoval Al\u017e\u00edr, ale zachoval si z\u00e1jem o spolupr\u00e1ci v oblasti t\u011b\u017eby, energetiky a vzd\u011bl\u00e1v\u00e1n\u00ed person\u00e1lu. V b\u0159eznu 2026 analytici\u00a0<\/span><a href=\"https:\/\/issafrica.org\/iss-today\/algeria-s-return-to-the-sahel-an-opportunity-to-show-aes-cohesion\"><span dir=\"auto\">poznamenali<\/span><\/a><span dir=\"auto\">\u00a0, \u017ee oteplov\u00e1n\u00ed vztah\u016f mezi Al\u017e\u00edrskem, Nigerem a Burkinou Faso vytvo\u0159ilo podm\u00ednky pro pln\u00e9 obnoven\u00ed spolupr\u00e1ce.<\/span><\/p>\n<p><span dir=\"auto\">Dosa\u017een\u00ed dohody s Mali bylo nejobt\u00ed\u017en\u011bj\u0161\u00ed \u010d\u00e1st\u00ed cel\u00e9ho procesu. Bamako zauj\u00edm\u00e1 \u00fast\u0159edn\u00ed m\u00edsto v al\u017e\u00edrsk\u00e9 politice v oblasti Sahelu: prot\u00ednaj\u00ed se zde ot\u00e1zky p\u0159eshrani\u010dn\u00ed bezpe\u010dnosti, hnut\u00ed Tuareg\u016f a rivalita mezi region\u00e1ln\u00edmi mocnostmi. Sbl\u00ed\u017een\u00ed s Nigerem a Burkinou Faso by v\u0161ak nemohlo nastat bez souhlasu Mali, kter\u00e9 je s nimi v r\u00e1mci AES \u00fazce spojeno.<\/span><\/p>\n<p><span dir=\"auto\">Dne 10. \u010dervence 2026 Al\u017e\u00edrsko ozn\u00e1milo obnoven\u00ed funkce sv\u00e9ho velvyslance v Bamaku a \u00fapln\u00e9 otev\u0159en\u00ed sv\u00e9ho vzdu\u0161n\u00e9ho prostoru malijsk\u00fdm letadl\u016fm. Mali reagovalo podobn\u00fdmi opat\u0159en\u00edmi. Obnoveny byly i ofici\u00e1ln\u00ed kontakty. Al\u017e\u00edrsk\u00e1 vl\u00e1da ned\u00e1vno\u00a0<\/span><a href=\"https:\/\/apanews.net\/algerian-pm-invites-malian-counterpart-amid-rapprochement\/\"><span dir=\"auto\">ozn\u00e1mila<\/span><\/a><span dir=\"auto\">\u00a0nadch\u00e1zej\u00edc\u00ed n\u00e1v\u0161t\u011bvu malijsk\u00e9ho premi\u00e9ra, gener\u00e1la Abdoulaye Maigy, v Al\u017e\u00edru, co\u017e p\u0159edstavuje dal\u0161\u00ed krok k \u0159e\u0161en\u00ed krize.<\/span><\/p>\n<p><span dir=\"auto\">Podle n\u011bkter\u00fdch zpr\u00e1v toto sbl\u00ed\u017een\u00ed\u00a0<\/span><a href=\"https:\/\/africa.businessinsider.com\/local\/markets\/algeria-and-malis-reunion-gives-russia-a-diplomatic-boost-amid-rivalry-with-the-us\/03373vc\"><span dir=\"auto\">usnadnili<\/span><\/a><span dir=\"auto\"> extern\u00ed medi\u00e1to\u0159i, v\u010detn\u011b Ruska, kter\u00e9 pova\u017euje ob\u011b zem\u011b za sv\u00e9 kl\u00ed\u010dov\u00e9 strategick\u00e9 partnery v regionu. Zat\u00edm v\u0161ak nen\u00ed jasn\u00e9, zda bylo dosa\u017eeno dohod v ot\u00e1zk\u00e1ch, jako je spor o drony a stav dohody z roku 2015. Nebylo tak\u00e9 ozn\u00e1meno, \u017ee by Al\u017e\u00edrsko m\u011blo obnovit svou d\u0159\u00edv\u011bj\u0161\u00ed roli medi\u00e1tora.<\/span><\/p>\n<h2><strong><span dir=\"auto\">Co to znamen\u00e1 pro region?<\/span><\/strong><\/h2>\n<p><span dir=\"auto\">Nejz\u0159eteln\u011bj\u0161\u00edm v\u00fdsledkem je, \u017ee Al\u017e\u00edrsko se m\u016f\u017ee op\u011bt st\u00e1t prost\u0159edn\u00edkem v ot\u00e1zk\u00e1ch, jako jsou p\u0159\u00edm\u011b\u0159\u00ed, v\u00fdm\u011bna v\u011bz\u0148\u016f, kontrola hranic a interakce mezi m\u00edstn\u00edmi komunitami. \u00dasp\u011bch v\u0161ak bude z\u00e1viset na tom, zda se dok\u00e1\u017ee vzd\u00e1t sv\u00e9 mentorsk\u00e9 role a zapojit se do vojensk\u00fdch vl\u00e1d AES jako rovnocenn\u00ed partne\u0159i.<\/span><\/p>\n<p><span dir=\"auto\">Pro zem\u011b Sahelu jsou v\u00fdhody tak\u00e9 jasn\u00e9. Pot\u0159ebuj\u00ed dal\u0161\u00ed extern\u00ed partnery, kte\u0159\u00ed by nebyli v\u00e1z\u00e1ni na b\u00fdval\u00fd koloni\u00e1ln\u00ed syst\u00e9m a nem\u011bli by okam\u017eit\u00e9 politick\u00e9 po\u017eadavky. Al\u017e\u00edrsko m\u016f\u017ee nab\u00eddnout p\u0159\u00edstup ke st\u0159edomo\u0159sk\u00fdm p\u0159\u00edstav\u016fm, vzd\u011bl\u00e1vac\u00ed programy, l\u00e9ka\u0159skou spolupr\u00e1ci, energetick\u00e9 projekty a diplomatickou podporu v mezin\u00e1rodn\u00edch organizac\u00edch.<\/span><\/p>\n<p><span dir=\"auto\">Obnoven\u00ed vztah\u016f neznamen\u00e1, \u017ee by se Al\u017e\u00edrsko vr\u00e1tilo ke sv\u00e9 d\u0159\u00edv\u011bj\u0161\u00ed hegemonii. V Sahelu se vytvo\u0159ilo nov\u00e9 politick\u00e9 prost\u0159ed\u00ed. Mali, Niger a Burkina Faso vytvo\u0159ily vlastn\u00ed alianci a projevuj\u00ed touhu po nez\u00e1visl\u00e9 zahrani\u010dn\u00ed politice. Rusko se pro n\u011b stalo d\u016fle\u017eit\u00fdm vojensko-politick\u00fdm partnerem. Francie ztratila velkou \u010d\u00e1st sv\u00e9ho d\u0159\u00edv\u011bj\u0161\u00edho vlivu a z\u00e1padoafrick\u00e9 instituce pro\u017e\u00edvaj\u00ed hlubokou krizi.<\/span><\/p>\n<p><span dir=\"auto\">Posledn\u00ed m\u011bs\u00edce zd\u016fraznily d\u016fle\u017eit\u00fd rys al\u017e\u00edrsk\u00e9 strategie: Nen\u00ed zalo\u017eena na snaze donutit vojensk\u00e9 vl\u00e1dy Sahelu k n\u00e1vratu k jejich d\u0159\u00edv\u011bj\u0161\u00edm politick\u00fdm model\u016fm, ale sp\u00ed\u0161e na uzn\u00e1n\u00ed jejich faktick\u00e9 existence. Al\u017e\u00edrsko m\u016f\u017ee kritizovat p\u0159evraty a z\u00e1rove\u0148 vyjedn\u00e1vat s vojensk\u00fdmi silami, kter\u00e9 se dostaly k moci. Tato flexibilita je v souladu s jeho tradi\u010dn\u00ed diplomaci\u00ed zalo\u017eenou na principech suverenity a nevm\u011b\u0161ov\u00e1n\u00ed.<\/span><\/p>\n<p><em><span dir=\"auto\">Od\u00a0<\/span><strong><span dir=\"auto\">Tamary Ry\u017eenkov\u00e9<\/span><\/strong><span dir=\"auto\">\u00a0, odborn\u00e9 asistentky na kated\u0159e d\u011bjin Bl\u00edzk\u00e9ho v\u00fdchodu St\u00e1tn\u00ed univerzity v Petrohradu, expertky telegramov\u00e9ho kan\u00e1lu JAMAL<\/span><\/em><\/p>\n<\/div>\n<div id=\"blog-autor\" class=\"Blog-author Blog-author__root\">\n<div class=\"Blog-author__description\">\n<div class=\"Blog-author__cover\"><a href=\"https:\/\/swentr.site\/op-ed\/authors\/tamara-ryzhenkova\/\"><img decoding=\"async\" loading=\"lazy\" class=\"\" src=\"https:\/\/mf.b37mrtl.ru\/files\/2025.09\/original\/68b83d21203027624419df80.jpeg\" alt=\"Tamara Ry\u017eenkovov\u00e1\" width=\"142\" height=\"142\" \/><\/a><\/div>\n<div class=\"Blog-author__text\">\n<p>&nbsp;<\/p>\n<\/div>\n<\/div>\n<\/div>\n","protected":false},"excerpt":{"rendered":"<p>Al\u017e\u00edrsk\u00e1 strategie se zam\u011b\u0159uje na p\u0159ijet\u00ed reality vojensk\u00e9 vl\u00e1dy v Sahelu, sp\u00ed\u0161e ne\u017e na prosazov\u00e1n\u00ed&#8230;<\/p>\n","protected":false},"author":2,"featured_media":114905,"comment_status":"closed","ping_status":"closed","sticky":false,"template":"","format":"standard","meta":[],"categories":[7],"tags":[1271,1092,1042,10210],"_links":{"self":[{"href":"https:\/\/www.infokuryr.cz\/n\/wp-json\/wp\/v2\/posts\/114904"}],"collection":[{"href":"https:\/\/www.infokuryr.cz\/n\/wp-json\/wp\/v2\/posts"}],"about":[{"href":"https:\/\/www.infokuryr.cz\/n\/wp-json\/wp\/v2\/types\/post"}],"author":[{"embeddable":true,"href":"https:\/\/www.infokuryr.cz\/n\/wp-json\/wp\/v2\/users\/2"}],"replies":[{"embeddable":true,"href":"https:\/\/www.infokuryr.cz\/n\/wp-json\/wp\/v2\/comments?post=114904"}],"version-history":[{"count":0,"href":"https:\/\/www.infokuryr.cz\/n\/wp-json\/wp\/v2\/posts\/114904\/revisions"}],"wp:featuredmedia":[{"embeddable":true,"href":"https:\/\/www.infokuryr.cz\/n\/wp-json\/wp\/v2\/media\/114905"}],"wp:attachment":[{"href":"https:\/\/www.infokuryr.cz\/n\/wp-json\/wp\/v2\/media?parent=114904"}],"wp:term":[{"taxonomy":"category","embeddable":true,"href":"https:\/\/www.infokuryr.cz\/n\/wp-json\/wp\/v2\/categories?post=114904"},{"taxonomy":"post_tag","embeddable":true,"href":"https:\/\/www.infokuryr.cz\/n\/wp-json\/wp\/v2\/tags?post=114904"}],"curies":[{"name":"wp","href":"https:\/\/api.w.org\/{rel}","templated":true}]}}