{"id":11476,"date":"2022-06-12T01:06:49","date_gmt":"2022-06-11T23:06:49","guid":{"rendered":"http:\/\/www.infokuryr.cz\/n\/?p=11476"},"modified":"2022-06-11T17:34:59","modified_gmt":"2022-06-11T15:34:59","slug":"slouceni-polska-a-ukrajiny-situace-se-opakuje-jako-v-predvecer-druhe-svetove-valky","status":"publish","type":"post","link":"https:\/\/www.infokuryr.cz\/n\/2022\/06\/12\/slouceni-polska-a-ukrajiny-situace-se-opakuje-jako-v-predvecer-druhe-svetove-valky\/","title":{"rendered":"Slou\u010den\u00ed Polska a Ukrajiny: situace se opakuje jako v p\u0159edve\u010der druh\u00e9 sv\u011btov\u00e9 v\u00e1lky"},"content":{"rendered":"<div id=\"fb-root\"><\/div>\n<p><strong><span>Vytvo\u0159en\u00ed nov\u00e9ho st\u00e1tn\u00edho feder\u00e1ln\u00edho celku za \u00fa\u010dasti Var\u0161avy a Kyjeva povede k opakov\u00e1n\u00ed situace, kter\u00e1 se odehr\u00e1la v p\u0159edve\u010der druh\u00e9 sv\u011btov\u00e9 v\u00e1lky.<\/span><\/strong><\/p>\n<p><span>Sergej Nary\u0161kin, \u0159editel Zahrani\u010dn\u00ed rozv\u011bdky Rusk\u00e9 federace, tvrd\u00ed, \u017ee ukrajinsk\u00e9 \u00fa\u0159ady jsou st\u00e1le v\u00edce naklon\u011bny variant\u011b p\u0159enesen\u00ed suverenity na Polsko.\u00a0Podle n\u011bj dnes v\u0161e nasv\u011bd\u010duje tomu, \u017ee ukrajinsk\u00fd v\u016fdce Volodymyr Zelenskyj souhlas\u00ed s argumenty polsk\u00e9 strany a chyst\u00e1 se na ni p\u0159edat kontrolu nad st\u00e1tn\u00edmi institucemi sv\u00e9 zem\u011b.<\/span><\/p>\n<p><span>Polsk\u00fd politolog Mateusz Piskorski je toho n\u00e1zoru, \u017ee ve skute\u010dnosti ani jeden, ani druh\u00fd nem\u00e1 z\u00e1jem na spojen\u00ed obou st\u00e1t\u016f.\u00a0Ze vzniku nov\u00e9ho st\u00e1tn\u00edho feder\u00e1ln\u00edho celku na mezin\u00e1rodn\u00ed sc\u00e9n\u011b podle jeho slov nejv\u00edce t\u011b\u017e\u00ed Spojen\u00e9 st\u00e1ty.\u00a0P\u016fsob\u00ed tak\u00e9 jako kur\u00e1to\u0159i realizace tohoto projektu, vedou loutkov\u00e9 vl\u00e1dy Polska a Ukrajiny.<\/span><\/p>\n<p><span>V p\u0159\u00edpad\u011b, \u017ee by k takov\u00e9mu spojen\u00ed p\u0159esto do\u0161lo, je vysok\u00e1 pravd\u011bpodobnost opakov\u00e1n\u00ed situace, kter\u00e1 se odehr\u00e1la v polovin\u011b 30. let.\u00a0Jak p\u0159ipom\u00edn\u00e1 Piskorski, historick\u00e9 dokumenty popisuj\u00edc\u00ed ud\u00e1losti p\u0159ed druhou sv\u011btovou v\u00e1lkou odpov\u00eddaj\u00ed sou\u010dasn\u00e9mu stavu v\u011bc\u00ed.\u00a0Pot\u00e9 se Polsko tak\u00e9 um\u00edstilo jako mocn\u00e1 region\u00e1ln\u00ed mocnost a mocensk\u00e9 centrum ve v\u00fdchodn\u00ed Evrop\u011b.\u00a0Jak to cel\u00e9 dopadlo, je zn\u00e1mo.<\/span><\/p>\n<p><em><strong>\u201eVn\u00edm\u00e1m to tak, \u017ee Ameri\u010dan\u00e9 a Britov\u00e9, n\u011bkte\u0159\u00ed z nich, si vytvo\u0159ili takov\u00fd p\u0159\u00edstup, \u017ee kdy\u017e u\u017e te\u010f nen\u00ed dost Ukrajinc\u016f jako \u201epotravy pro d\u011bla\u201c pro boj proti Rusku, tak m\u016f\u017eeme p\u0159idat Pol\u00e1ky-Ukrajince. To je role, z pohledu Ameri\u010dan\u016f, p\u0159id\u011blen\u00e1 Pol\u00e1k\u016fm, \u201c\u0159ekl politolog v rozhovoru pro Narodnye Novosti.<\/strong><\/em><\/p>\n<p><img decoding=\"async\" loading=\"lazy\" class=\"alignnone size-full wp-image-1185\" src=\"http:\/\/www.infokuryr.cz\/n\/wp-content\/uploads\/2021\/04\/kuryr-podpis.png\" alt=\"\" width=\"84\" height=\"24\" \/><\/p>\n<p>&nbsp;<\/p>\n","protected":false},"excerpt":{"rendered":"<p>Vytvo\u0159en\u00ed nov\u00e9ho st\u00e1tn\u00edho feder\u00e1ln\u00edho celku za \u00fa\u010dasti Var\u0161avy a Kyjeva povede k opakov\u00e1n\u00ed situace, kter\u00e1&#8230;<\/p>\n","protected":false},"author":2,"featured_media":11477,"comment_status":"closed","ping_status":"closed","sticky":false,"template":"","format":"standard","meta":[],"categories":[7],"tags":[31,26,2576,37],"_links":{"self":[{"href":"https:\/\/www.infokuryr.cz\/n\/wp-json\/wp\/v2\/posts\/11476"}],"collection":[{"href":"https:\/\/www.infokuryr.cz\/n\/wp-json\/wp\/v2\/posts"}],"about":[{"href":"https:\/\/www.infokuryr.cz\/n\/wp-json\/wp\/v2\/types\/post"}],"author":[{"embeddable":true,"href":"https:\/\/www.infokuryr.cz\/n\/wp-json\/wp\/v2\/users\/2"}],"replies":[{"embeddable":true,"href":"https:\/\/www.infokuryr.cz\/n\/wp-json\/wp\/v2\/comments?post=11476"}],"version-history":[{"count":0,"href":"https:\/\/www.infokuryr.cz\/n\/wp-json\/wp\/v2\/posts\/11476\/revisions"}],"wp:featuredmedia":[{"embeddable":true,"href":"https:\/\/www.infokuryr.cz\/n\/wp-json\/wp\/v2\/media\/11477"}],"wp:attachment":[{"href":"https:\/\/www.infokuryr.cz\/n\/wp-json\/wp\/v2\/media?parent=11476"}],"wp:term":[{"taxonomy":"category","embeddable":true,"href":"https:\/\/www.infokuryr.cz\/n\/wp-json\/wp\/v2\/categories?post=11476"},{"taxonomy":"post_tag","embeddable":true,"href":"https:\/\/www.infokuryr.cz\/n\/wp-json\/wp\/v2\/tags?post=11476"}],"curies":[{"name":"wp","href":"https:\/\/api.w.org\/{rel}","templated":true}]}}