{"id":11468,"date":"2022-06-12T01:02:27","date_gmt":"2022-06-11T23:02:27","guid":{"rendered":"http:\/\/www.infokuryr.cz\/n\/?p=11468"},"modified":"2022-06-11T17:15:04","modified_gmt":"2022-06-11T15:15:04","slug":"financni-prostredky-vlady-usa-na-prevenci-epidemie-nestaci","status":"publish","type":"post","link":"https:\/\/www.infokuryr.cz\/n\/2022\/06\/12\/financni-prostredky-vlady-usa-na-prevenci-epidemie-nestaci\/","title":{"rendered":"Finan\u010dn\u00ed prost\u0159edky vl\u00e1dy USA na prevenci epidemie nesta\u010d\u00ed"},"content":{"rendered":"<div id=\"fb-root\"><\/div>\n<p>Podle zpr\u00e1vy americk\u00fdch \u201eNew York Times\u201c dne 9. \u010dervna ameri\u010dt\u00ed zdravotni\u010dt\u00ed p\u0159edstavitel\u00e9 varovali, \u017ee pokud americk\u00e1 vl\u00e1da nedopln\u00ed fondy na prevenci epidemie, m\u016f\u017ee to m\u00edt v\u00e1\u017en\u00e9 d\u016fsledky pro dod\u00e1vky test\u016f na koronavirus a dod\u00e1vky test\u016f na koronavirus budou \u010delit riziku nedostatku.<\/p>\n<p>Na epidemiologick\u00e9m br\u00edfinku B\u00edl\u00e9ho domu dne 9. \u010dervna mluvil koordin\u00e1tor reakce na epidemii v B\u00edl\u00e9m dom\u011b Ashish Jha o sou\u010dasn\u00e9 t\u00ed\u017eiv\u00e9 situaci nedostate\u010dn\u00fdch finan\u010dn\u00edch prost\u0159edk\u016f na prevenci epidemie a \u0159ekl, \u017ee opakovan\u011b varoval vl\u00e1du a Kongres p\u0159ed sou\u010dasnou kriz\u00ed, ale zat\u00edm ne\u00fasp\u011b\u0161n\u011b.<\/p>\n<p>V roce 2021 vl\u00e1da USA sl\u00edbila, \u017ee ve\u0159ejnosti poskytne 1 miliardu dal\u0161\u00edch bezplatn\u00fdch test\u016f na nov\u00fd koronavirus. Jha v\u011b\u0159\u00ed, \u017ee bez dal\u0161\u00edch finan\u010dn\u00edch prost\u0159edk\u016f nebude vl\u00e1da schopna tento slib splnit, \u201eproto\u017ee mnoho (v\u00fdrobn\u00edch testovac\u00edch za\u0159\u00edzen\u00ed) spole\u010dnost\u00ed ji\u017e propou\u0161t\u011bj\u00ed zam\u011bstnance a vyp\u00ednaj\u00ed v\u00fdrobn\u00ed linky\u201c.<\/p>\n<p><img decoding=\"async\" loading=\"lazy\" class=\"alignnone size-full wp-image-1185\" src=\"http:\/\/www.infokuryr.cz\/n\/wp-content\/uploads\/2021\/04\/kuryr-podpis.png\" alt=\"\" width=\"84\" height=\"24\" \/><\/p>\n<p>&nbsp;<\/p>\n","protected":false},"excerpt":{"rendered":"<p>Podle zpr\u00e1vy americk\u00fdch \u201eNew York Times\u201c dne 9. \u010dervna ameri\u010dt\u00ed zdravotni\u010dt\u00ed p\u0159edstavitel\u00e9 varovali, \u017ee pokud&#8230;<\/p>\n","protected":false},"author":2,"featured_media":7266,"comment_status":"closed","ping_status":"closed","sticky":false,"template":"","format":"standard","meta":[],"categories":[7],"tags":[45,2573,37],"_links":{"self":[{"href":"https:\/\/www.infokuryr.cz\/n\/wp-json\/wp\/v2\/posts\/11468"}],"collection":[{"href":"https:\/\/www.infokuryr.cz\/n\/wp-json\/wp\/v2\/posts"}],"about":[{"href":"https:\/\/www.infokuryr.cz\/n\/wp-json\/wp\/v2\/types\/post"}],"author":[{"embeddable":true,"href":"https:\/\/www.infokuryr.cz\/n\/wp-json\/wp\/v2\/users\/2"}],"replies":[{"embeddable":true,"href":"https:\/\/www.infokuryr.cz\/n\/wp-json\/wp\/v2\/comments?post=11468"}],"version-history":[{"count":0,"href":"https:\/\/www.infokuryr.cz\/n\/wp-json\/wp\/v2\/posts\/11468\/revisions"}],"wp:featuredmedia":[{"embeddable":true,"href":"https:\/\/www.infokuryr.cz\/n\/wp-json\/wp\/v2\/media\/7266"}],"wp:attachment":[{"href":"https:\/\/www.infokuryr.cz\/n\/wp-json\/wp\/v2\/media?parent=11468"}],"wp:term":[{"taxonomy":"category","embeddable":true,"href":"https:\/\/www.infokuryr.cz\/n\/wp-json\/wp\/v2\/categories?post=11468"},{"taxonomy":"post_tag","embeddable":true,"href":"https:\/\/www.infokuryr.cz\/n\/wp-json\/wp\/v2\/tags?post=11468"}],"curies":[{"name":"wp","href":"https:\/\/api.w.org\/{rel}","templated":true}]}}