{"id":11459,"date":"2022-06-11T05:11:05","date_gmt":"2022-06-11T03:11:05","guid":{"rendered":"http:\/\/www.infokuryr.cz\/n\/?p=11459"},"modified":"2022-06-11T05:22:11","modified_gmt":"2022-06-11T03:22:11","slug":"jaderny-spor-vrcholi-iran-vypina-desitky-kamer-urcenych-ke-sledovani-svych-jadernych-zarizeni","status":"publish","type":"post","link":"https:\/\/www.infokuryr.cz\/n\/2022\/06\/11\/jaderny-spor-vrcholi-iran-vypina-desitky-kamer-urcenych-ke-sledovani-svych-jadernych-zarizeni\/","title":{"rendered":"Jadern\u00fd spor vrchol\u00ed: \u00cdr\u00e1n vyp\u00edn\u00e1 des\u00edtky kamer ur\u010den\u00fdch ke sledov\u00e1n\u00ed sv\u00fdch jadern\u00fdch za\u0159\u00edzen\u00ed"},"content":{"rendered":"<div id=\"fb-root\"><\/div>\n<div class=\"ArticleView-summary\">\n<div class=\"Text-root Text-type_1 \"><strong>\u00cdr\u00e1n ozn\u00e1mil odstaven\u00ed 27 kamer MAAE monitoruj\u00edc\u00edch jeho jadern\u00e1 za\u0159\u00edzen\u00ed a ozn\u00e1mil provoz nov\u00fdch centrifug na obohacov\u00e1n\u00ed uranu.\u00a0Jen n\u011bkolik dn\u00ed p\u0159edt\u00edm Rada guvern\u00e9r\u016f MAAE vydala rezoluci, v n\u00ed\u017e obvinila Teher\u00e1n z nedostate\u010dn\u00e9 spolupr\u00e1ce.<\/strong><\/div>\n<\/div>\n<div class=\"Text-root Text-type_5 ArticleView-text ViewText-root \">\n<p>\u00cdr\u00e1n v p\u00e1tek ozn\u00e1mil odstaven\u00ed 27 kamer Mezin\u00e1rodn\u00ed agentury pro atomovou energii (MAAE) monitoruj\u00edc\u00edch jeho jadern\u00e1 za\u0159\u00edzen\u00ed.\u00a0Teher\u00e1n tak\u00e9 ozn\u00e1mil provoz nov\u00fdch odst\u0159edivek na obohacov\u00e1n\u00ed uranu.\u00a0Tento krok p\u0159i\u0161el n\u011bkolik dn\u00ed pot\u00e9, co Rada guvern\u00e9r\u016f MAAE vydala rezoluci, v n\u00ed\u017e obvinila \u00cdr\u00e1n z nedostate\u010dn\u00e9 spolupr\u00e1ce.\u00a0Ministerstvo zahrani\u010d\u00ed v Teher\u00e1nu ve \u010dtvrtek ozna\u010dilo rezoluci za \u201eukvapenou\u201c a \u201enevyv\u00e1\u017eenou\u201c.\u00a0Z 35 zem\u00ed\u00a0 hlasovaly Rusko a \u010c\u00edna proti, Indie, P\u00e1kist\u00e1n a Libye se zdr\u017eely hlasov\u00e1n\u00ed. Hlavn\u00ed rusk\u00fd vyjednava\u010d ve V\u00eddni Michail Uljanov prohl\u00e1sil, \u017ee \u201ezem\u011b reprezentuj\u00edc\u00ed v\u00edce ne\u017e polovinu lidstva rezoluci nepodporuj\u00ed\u201c.<\/p>\n<p>\u0160\u00e9f MAAE Rafael Grossi ozna\u010dil \u00cdr\u00e1nem ozn\u00e1menou demont\u00e1\u017e 27 sledovac\u00edch kamer pro jeho agenturu za <strong>\u201esmrtelnou r\u00e1nu\u201c<\/strong> snah\u00e1m o o\u017eiven\u00ed dohody z roku 2015.\u00a0Ve st\u0159edu \u00cdr\u00e1n uvedl, \u017ee vypnul dv\u011b sledovac\u00ed kamery funguj\u00edc\u00ed nad r\u00e1mec z\u00e1vazk\u016f \u00cdr\u00e1nu podle bezpe\u010dnostn\u00ed dohody MAAE.<\/p>\n<p>\u0160\u00e9f \u00edr\u00e1nsk\u00e9 agentury pro atomovou energii (AEOI) Mohammad Eslami\u00a0<a href=\"https:\/\/www.presstv.ir\/Detail\/2022\/06\/10\/683648\/Iran-nuclear-chief-Mohammad-Eslami-IAEA-Israeli-regime-captive\" target=\"_blank\" rel=\"noopener noreferrer\">uvedl<\/a>\u00a0, \u017ee \u00edr\u00e1nsk\u00e1 reakce na posledn\u00ed rezoluci MAAE byla rychl\u00e1 a rozhodn\u00e1.\u00a0\u0158ekl, \u017ee Teher\u00e1n &#8222;p\u0159ijal praktick\u00e1 protiopat\u0159en\u00ed, v\u010detn\u011b instalace pokro\u010dil\u00fdch odst\u0159edivek a demont\u00e1\u017ee kamer funguj\u00edc\u00edch mimo bezpe\u010dnostn\u00ed dohody MAAE.&#8220;<\/p>\n<p>Instalace nejmodern\u011bj\u0161\u00edch odst\u0159edivek IR-6 v z\u00e1sad\u011b odpov\u00edd\u00e1 pravidl\u016fm MAAE p\u0159i registraci.\u00a0V JCPOA se v\u0161ak \u00cdr\u00e1n zav\u00e1zal pou\u017e\u00edvat pouze star\u0161\u00ed, m\u00e9n\u011b v\u00fdkonn\u00e9 centrifugy IR-1.\u00a0S odkazem na posledn\u00ed rezoluci MAAE proti Teher\u00e1nu Eslami \u0159ekl, \u017ee jadern\u00e1 agentura OSN byla ovl\u00e1d\u00e1na \u201eizraelsk\u00fdm re\u017eimem\u201c. &#8222;Je ne\u0161\u0165astn\u00e9, \u017ee nelegitimn\u00ed re\u017eim zneu\u017eil mezin\u00e1rodn\u00ed instituci a jej\u00ed pov\u011bst byla zpochybn\u011bna,&#8220; dodal.<\/p>\n<p>Grossi ned\u00e1vno\u00a0<a href=\"https:\/\/www.i24news.tv\/en\/news\/israel\/defense\/1654199061-international-atomic-energy-agency-chief-rafael-grossi-visits-israel\" target=\"_blank\" rel=\"noopener noreferrer\">nav\u0161t\u00edvil<\/a>\u00a0Izrael.\u00a0Izraelsk\u00fd ministr zahrani\u010d\u00ed Naftali Bennett b\u011bhem sv\u00e9 n\u00e1v\u0161t\u011bvy vyj\u00e1d\u0159il obavy Izraele, \u017ee se \u00cdr\u00e1n bl\u00ed\u017e\u00ed \u201ejadern\u00fdm zbran\u00edm\u201c.\u00a0Setk\u00e1n\u00ed vyvolalo v Teher\u00e1nu rozruch.\u00a0Proto\u017ee Izrael nepodepsal\u00a0\u00a0<a href=\"https:\/\/de.wikipedia.org\/wiki\/Atomwaffensperrvertrag\" target=\"_blank\" rel=\"noopener noreferrer\">smlouvu o ne\u0161\u00ed\u0159en\u00ed jadern\u00fdch zbran\u00ed<\/a>\u00a0\u00a0, a proto nen\u00ed p\u0159edm\u011btem pravideln\u00e9ho vy\u0161et\u0159ov\u00e1n\u00ed ze strany MAAE.\u00a0Izrael \u00fadajn\u011b prov\u00e1d\u00ed velkou expanzi sv\u00e9ho jadern\u00e9ho za\u0159\u00edzen\u00ed Dimona v pou\u0161ti Negev, kde zem\u011b d\u0159\u00edve vyr\u00e1b\u011bla \u0161t\u011bpn\u00fd materi\u00e1l pro sv\u016fj jadern\u00fd arzen\u00e1l.<\/p>\n<\/div>\n<p><img decoding=\"async\" loading=\"lazy\" class=\"alignnone size-full wp-image-1185\" src=\"http:\/\/www.infokuryr.cz\/n\/wp-content\/uploads\/2021\/04\/kuryr-podpis.png\" alt=\"\" width=\"84\" height=\"24\" \/><\/p>\n<p>&nbsp;<\/p>\n","protected":false},"excerpt":{"rendered":"<p>\u00cdr\u00e1n ozn\u00e1mil odstaven\u00ed 27 kamer MAAE monitoruj\u00edc\u00edch jeho jadern\u00e1 za\u0159\u00edzen\u00ed a ozn\u00e1mil provoz nov\u00fdch centrifug&#8230;<\/p>\n","protected":false},"author":2,"featured_media":11460,"comment_status":"closed","ping_status":"closed","sticky":false,"template":"","format":"standard","meta":[],"categories":[7],"tags":[38,2571,2572,1431],"_links":{"self":[{"href":"https:\/\/www.infokuryr.cz\/n\/wp-json\/wp\/v2\/posts\/11459"}],"collection":[{"href":"https:\/\/www.infokuryr.cz\/n\/wp-json\/wp\/v2\/posts"}],"about":[{"href":"https:\/\/www.infokuryr.cz\/n\/wp-json\/wp\/v2\/types\/post"}],"author":[{"embeddable":true,"href":"https:\/\/www.infokuryr.cz\/n\/wp-json\/wp\/v2\/users\/2"}],"replies":[{"embeddable":true,"href":"https:\/\/www.infokuryr.cz\/n\/wp-json\/wp\/v2\/comments?post=11459"}],"version-history":[{"count":1,"href":"https:\/\/www.infokuryr.cz\/n\/wp-json\/wp\/v2\/posts\/11459\/revisions"}],"predecessor-version":[{"id":11461,"href":"https:\/\/www.infokuryr.cz\/n\/wp-json\/wp\/v2\/posts\/11459\/revisions\/11461"}],"wp:featuredmedia":[{"embeddable":true,"href":"https:\/\/www.infokuryr.cz\/n\/wp-json\/wp\/v2\/media\/11460"}],"wp:attachment":[{"href":"https:\/\/www.infokuryr.cz\/n\/wp-json\/wp\/v2\/media?parent=11459"}],"wp:term":[{"taxonomy":"category","embeddable":true,"href":"https:\/\/www.infokuryr.cz\/n\/wp-json\/wp\/v2\/categories?post=11459"},{"taxonomy":"post_tag","embeddable":true,"href":"https:\/\/www.infokuryr.cz\/n\/wp-json\/wp\/v2\/tags?post=11459"}],"curies":[{"name":"wp","href":"https:\/\/api.w.org\/{rel}","templated":true}]}}