{"id":11448,"date":"2022-06-11T04:24:19","date_gmt":"2022-06-11T02:24:19","guid":{"rendered":"http:\/\/www.infokuryr.cz\/n\/?p=11448"},"modified":"2022-06-11T04:24:19","modified_gmt":"2022-06-11T02:24:19","slug":"brusel-vyzval-vlady-eu-aby-prestaly-lidem-pomahat-s-uhradou-drahych-energii-a-nezvysovaly-lidem-mzdy","status":"publish","type":"post","link":"https:\/\/www.infokuryr.cz\/n\/2022\/06\/11\/brusel-vyzval-vlady-eu-aby-prestaly-lidem-pomahat-s-uhradou-drahych-energii-a-nezvysovaly-lidem-mzdy\/","title":{"rendered":"Brusel vyzval vl\u00e1dy EU, aby p\u0159estaly lidem pom\u00e1hat s \u00fahradou drah\u00fdch energi\u00ed, a nezvy\u0161ovaly lidem mzdy!"},"content":{"rendered":"<div id=\"fb-root\"><\/div>\n<p>Podle m\u00e9di\u00ed m\u00e1 skoro ka\u017ed\u00fd \u010cech, Slov\u00e1k i Evropan probl\u00e9my s\u00a0<a href=\"https:\/\/www.mfcr.cz\/cs\/aktualne\/tiskove-zpravy\/2022\/vlada-spousti-nove-webove-stranky-k-boji-47480\">rostouc\u00ed drahotou<\/a>, a zejm\u00e9na mu jeho p\u0159\u00edjmy\u00a0<a href=\"https:\/\/www.parlamentnilisty.cz\/zpravy\/kauzy\/Sem-at-Fiala-nejezdi-Slzy-na-sidlisti-hlavne-mlade-matky-To-Cesko-nezazilo-704974\">nesta\u010d\u00ed na \u00fahradu elekt\u0159iny, plynu a potravin<\/a>! Co v t\u00e9to situaci vymyslel Brusel? Vydal v\u0161em vl\u00e1d\u00e1m v\u0161ech zem\u00ed EU nov\u00fd \u00fakol, a to aby lidem sn\u00ed\u017eily\u00a0 finan\u010dn\u00ed pomoc s \u00fahradami cen energi\u00ed! Ba co v\u00edc,\u00a0<a href=\"https:\/\/www.politico.eu\/article\/inflation-eat-wage-worker-hungry\/\">Brusel je\u0161t\u011b vl\u00e1d\u00e1m doporu\u010dil, aby dr\u017eely r\u016fst mezd na uzd\u011b<\/a>!<\/p>\n<p><a href=\"https:\/\/ct24.ceskatelevize.cz\/domaci\/3502500-skolske-a-urednicke-odbory-zahajily-stavkovou-pohotovost-podle-gazdika-jde-o-zbytecne\">\u010cesk\u00e1 vl\u00e1da poslouch\u00e1 bruselsk\u00e9 \u00fa\u0159edn\u00edky<\/a>\u00a0mnohem vzorn\u011bji,\u00a0<a href=\"https:\/\/icv.vlada.cz\/cz\/tema\/alois-elias-29-9-1890---19-6-1942-76432\/tmplid-560\/\">ne\u017e Protektor\u00e1tn\u00ed vl\u00e1da poslouchala Heydricha<\/a>! Lidojed Gazd\u00edk (STAN, ministr \u0161kolstv\u00ed) ozna\u010dil v\u00fdhru\u017eky odbor\u016f st\u00e1vkovat za zv\u00fd\u0161en\u00ed mezd za\u00a0<em>zbyte\u010dn\u00e9 politick\u00e9 gesto!\u00a0<\/em>Lidojed Jura\u010dka (KD\u00da-\u010cSL, ministr zem\u011bd\u011blstv\u00ed) za\u00a0<em>nekorektn\u00ed.\u00a0<\/em>A cel\u00e1 vl\u00e1da lidojed\u016f ozn\u00e1mila, \u017ee\u00a0<em>mzdy o inflaci dorovn\u00e1vat nebude!<\/em>\u00a0P\u0159esn\u011b, jak byla p\u0159ed p\u00e1r dny za\u00fakolov\u00e1na Bruselem!<\/p>\n<p>Brusel ned\u00e1vno jednal i o tzv. slad\u011bn\u00ed minim\u00e1ln\u00ed mzdy v EU.<a href=\"https:\/\/www.europarl.europa.eu\/news\/en\/press-room\/20220603IPR32188\/deal-reached-on-new-rules-for-adequate-minimum-wages-in-the-eu\">\u00a0A vymyslel to takto \u2013 sla\u010fovat minim\u00e1ln\u00ed mzda se nebude!<\/a>\u00a0Nad\u00e1le tedy bude minim\u00e1ln\u00ed mzda v Lucembursku 60 000 CZK m\u011bs\u00ed\u010dn\u011b,\u00a0<a href=\"https:\/\/www.novinky.cz\/ekonomika\/clanek\/eu-se-shodla-na-pravidlech-minimalni-mzdy-40399329\">v \u010cesku 16 200 CZK<\/a>, a v Bulharsku 8 300 CZK! Ceny elekt\u0159iny, plynu a potravin maj\u00ed b\u00fdt podle Bruselu ale v cel\u00e9 EU jednotn\u00e9! Nohsled Fiala (ODS, premi\u00e9r \u010ceska) dokonce vymyslel, aby se Bruselu zal\u00edbil, \u017ee by plyn v budoucnu nakupoval v\u00fdlu\u010dn\u011b Brusel, a ten ho potom prod\u00e1val v\u0161em zem\u00edm EU! (<a href=\"https:\/\/www.michalapetr.com\/mip-60-wikileaks-zapomente-ted-frci-fialaleaks\/\">Viz MIP 60<\/a>)\u00a0\u00a0<a href=\"https:\/\/www.parlamentnilisty.cz\/zpravy\/kauzy\/Dost-vymluv-Burzovni-prirazka-elektriny-Odhaleno-co-v-TV-nerekli-704688\">Tak\u017ee po cel\u00e9 Evrop\u011b maj\u00ed b\u00fdt jednotn\u011b drah\u00e9 potraviny a energie<\/a>, ale mzdy maj\u00ed b\u00fdt na V\u00fdchod\u011b n\u00edzk\u00e9, a na Z\u00e1pad\u011b vysok\u00e9!<\/p>\n<p>P\u0159ed p\u00e1r dny,\u00a0<a href=\"https:\/\/fddi.fudan.edu.cn\/fddien\/e0\/89\/c19505a188553\/page.htm\">\u010destn\u00fd host jedn\u00e1n\u00ed u Klause Schwaba<\/a>\u00a0na\u00a0\u00a0<a href=\"https:\/\/pravyprostor.net\/jedina-svetova-vlada-pod-vedenim-urcenych-radoby-elit-dlouhodoby-cil-globalistu-je-na-dohled\/\">Sv\u011btov\u00e9m Ekonomick\u00e9m F\u00f3ru v Davosu\u00a0<\/a>\u2013 profesor\u00a0<a href=\"https:\/\/www.weforum.org\/people\/wu-xinbo\">Wu Xinbo<\/a>\u00a0zve\u0159ejnil anal\u00fdzu sou\u010dasn\u00e9 Ukrajinsk\u00e9 v\u00e1lky! Ne\u017e se k n\u00ed dnes dostaneme \u2013 d\u011bsiv\u00e9 \u00fadaje \u2013 Wu Xinbo je d\u011bkanem Institutu mezin\u00e1rodn\u00edch studi\u00ed\u00a0<a href=\"https:\/\/en.wikipedia.org\/wiki\/Fudan_University\">\u010d\u00ednsk\u00e9 univerzity Fudan<\/a>! Ta je<a href=\"https:\/\/www.topuniversities.com\/university-rankings\/world-university-rankings\/2022\">\u00a0aktu\u00e1ln\u011b 33<\/a>\u00a0nejlep\u0161\u00ed univerzita na sv\u011bt\u011b! V\u010dera\u00a0<a href=\"https:\/\/www.globaltimes.cn\/page\/202206\/1267770.shtml\">prezident Si \u0164in-pching provedl inspekci spokojenosti \u010d\u00ednsk\u00fdch vysoko\u0161kol\u00e1k\u016f<\/a>, a ozn\u00e1mil, \u017ee letos \u010d\u00ednsk\u00e9 vysok\u00e9 \u0161koly ukon\u010d\u00ed 10,7 milionu absolvent\u016f, to je o 1,7 milionu vysoko\u0161kol\u00e1k\u016f v\u00edce ne\u017e loni! A za hlavn\u00ed c\u00edle sv\u00e9 politiky ozna\u010dil \u2013 zam\u011bstnanost, soci\u00e1ln\u00ed zabezpe\u010den\u00ed a pomoc lidem v nesn\u00e1z\u00edch. Si \u0164in-pching je zn\u00e1m svou trvalou podporou rozvoje \u010d\u00ednsk\u00e9ho vzd\u011bl\u00e1n\u00ed a v\u011bdy, a snahou, aby v\u0161ichni \u010c\u00ed\u0148an\u00e9 m\u011bli st\u00e1le lep\u0161\u00ed a lep\u0161\u00ed mo\u017enosti se vzd\u011bl\u00e1vat!<\/p>\n<p>Jakmile se pod\u00edv\u00e1me, co se d\u011bje ve stejn\u00e9 dob\u011b v \u010cesku, nastane zd\u011b\u0161en\u00ed!\u00a0<a href=\"https:\/\/www.idnes.cz\/zpravy\/domaci\/praha-stredni-skoly-gymnazia-gazdik-simral-steffl-magistrat.A220609_114229_domaci_imat?zdroj=otvirak\">\u010cesko to dot\u00e1hlo letos u\u017e tak daleko, \u017ee na st\u0159edn\u00edch \u0161kol\u00e1ch u\u017e nen\u00ed ani m\u00edsto pro vzd\u011bl\u00e1v\u00e1n\u00ed jedni\u010dk\u00e1\u0159\u016f, a ti musej\u00ed po ukon\u010den\u00ed z\u00e1kladn\u00edho vzd\u011bl\u00e1n\u00ed zam\u00ed\u0159it na prac\u00e1k<\/a>! Za tuto situaci je p\u0159\u00edmo zodpov\u011bdn\u00fd b\u00fdval\u00fd Babi\u0161\u016fv ministr \u0161kolstv\u00ed Robert Plaga (ex ANO,<a href=\"https:\/\/cs.wikipedia.org\/wiki\/Robert_Plaga\">\u00a0ve funkci ministra<\/a>\u00a0od 13.12.2017 do 17.12.2021)!\u00a0<a href=\"https:\/\/www.idnes.cz\/zpravy\/domaci\/robert-plaga-narodni-akreditacni-urad-vysoke-skoly.A220608_160540_domaci_tbr\">A co ud\u011bl\u00e1 vl\u00e1da lidojed\u016f Petra Fialy \u2013 jmenuje 8.6.2022 Plagu<\/a>, kter\u00fd rozvr\u00e1til \u010desk\u00e9 \u0161kolstv\u00ed, tak \u017ee ani nadan\u00ed jedni\u010dk\u00e1\u0159i u\u017e nemohou studovat, do \u010dela N\u00e1rodn\u00edho akredita\u010dn\u00edho \u00fa\u0159adu pro vysok\u00e9 \u0161kolstv\u00ed! Profesor Fiala tak chce asi evidentn\u011b rozvr\u00e1tit i vysok\u00e9 \u0161koly!<\/p>\n<p>Kdy\u017e se pod\u00edv\u00e1te, pro\u010d je na\u0161e \u0161kolstv\u00ed rozvr\u00e1cen\u00e9, a pro\u010d u\u017e nejsou m\u00edsta na \u0161kol\u00e1ch ani pro jedni\u010dk\u00e1\u0159e \u2013<a href=\"https:\/\/www.novinky.cz\/domaci\/clanek\/asistentu-pedagogu-je-ve-skolach-uz-30-tisic-40384159\">\u00a0tak zjist\u00edte, \u017ee se od roku 2013 do roku 2021 na \u0161kol\u00e1ch rozmno\u017eilo 30 000 tzv. asistent\u016f Inkluze, na\u0159\u00edzen\u00fdch Bruselem<\/a>! Jenom mzdov\u00e9 n\u00e1klady t\u011bchto asistent\u016f \u010dinily v roce 2021 okolo 13 miliard korun! (36 000 superhrub\u00e1 mzda)\u00a0<a href=\"https:\/\/www.novinky.cz\/veda-skoly\/clanek\/pocet-ucitelu-a-ucitelek-ve-skolach-roste-40391958#:~:text=Po%C4%8Det%20u%C4%8Ditel%C5%AF%20a%20u%C4%8Ditelek%20ve%20%C5%A1kol%C3%A1ch%20roste.,asi%20p%C4%9Btinu%20na%2088%20800.\">Za posledn\u00edch 5 let se po\u010det v\u0161ech u\u010ditel\u016f v \u010cesku zv\u00fd\u0161il o 15% na 180 tis\u00edc!<\/a>\u00a0Nejv\u00edce se zv\u00fd\u0161il po\u010det pedagog\u016f na z\u00e1kladn\u00edch \u0161kol\u00e1ch. Zv\u00fd\u0161en\u00ed po\u010dtu pedagog\u016f o 27 000 se tak nejsp\u00ed\u0161 rovn\u00e1 zv\u00fd\u0161en\u00ed o zbyte\u010dn\u00e9 asistenty inkluze!<\/p>\n<p>B\u00fdval\u00fd ministr Plaga (za ANO bude l\u00edp!) si od roku 2017 ani nedok\u00e1zal spo\u010d\u00edtat jednoduchou rovnici,<a href=\"https:\/\/www.seznamzpravy.cz\/clanek\/domaci-zivot-v-cesku-letos-je-pretlak-i-na-ucnacich-nektere-skoly-poprve-nevyhlasi-druhe-kolo-204036\">\u00a0\u017ee p\u0159echod siln\u00fdch ro\u010dn\u00edk\u016f ze z\u00e1kladn\u00edch \u0161kol na st\u0159edn\u00ed a u\u010d\u0148ovsk\u00e9 \u0161koly, kter\u00fd za\u010dne\u00a0 v roce 2022, bude nutn\u011b znamenat vy\u0161\u0161\u00ed pot\u0159ebu m\u00edst v t\u011bchto st\u0159edn\u00edch \u0161kol\u00e1ch<\/a>! A za to, \u017ee Plaga nedok\u00e1zal vy\u0159e\u0161it tuto trivi\u00e1ln\u00ed rovnici na \u00farovni p\u0159ij\u00edmac\u00edho \u0159\u00edzen\u00ed na gymn\u00e1zium, dostal od profesora Fialy trafiku, a bude \u0159\u00eddit Akredita\u010dn\u00ed komisi pro vysok\u00e9 \u0161koly! Plaga m\u00e1 \u0161t\u011bst\u00ed, \u017ee nen\u00ed \u010c\u00ed\u0148an, Si \u0164in-pching by ho poslal na r\u00fd\u017eov\u00e9 pole, aby poznal \u017eivot lid\u00ed, kte\u0159\u00ed kv\u016fli n\u011bmu nedostali p\u0159\u00edle\u017eitost se vzd\u011bl\u00e1vat, a potom do ve\u010dern\u00ed \u0161koly, aby si doplnil z\u00e1kladn\u00ed vzd\u011bl\u00e1n\u00ed z matematiky!<\/p>\n<p>Fiala nechce zvednout platy u\u010ditel\u016fm! Jak jednoduch\u00e9 \u2013 konec inkluze = + 15% k platu u\u010ditele, d\u00edky jednoduch\u00e9mu opat\u0159en\u00ed \u2013 propustit asistenty inkluze! (Ti kdo z nich maj\u00ed odpov\u00eddaj\u00edc\u00ed vysoko\u0161kolsk\u00e9 pedagogick\u00e9 vzd\u011bl\u00e1n\u00ed, nebo si ho aktu\u00e1ln\u011b dopl\u0148uj\u00ed, budou ur\u010dit\u011b v\u00edt\u00e1ni jako u\u010ditel\u00e9 a mzdov\u011b si zna\u010dn\u011b p\u0159ilep\u0161\u00ed!)<\/p>\n<p>Paradox! Jeden z nejv\u011bt\u0161\u00edch \u010desk\u00fdch bojovn\u00edk\u016f proti inkluzi V\u00e1clav Klaus mlad\u0161\u00ed,<a href=\"https:\/\/www.prazskypatriot.cz\/inkluze-podle-vaclava-klause-ml-trend-ktery-nema-logiku-ale-zato-mnoho-obeti\/\">\u00a0kter\u00fd u\u017e v roce 2017 je\u0161t\u011b jako \u010dlen ODS\u00a0 p\u0159i volebn\u00ed kampani ODS proti Inkluzi bojova<\/a>l! A p\u0159edpov\u011bd\u011bl, \u017ee inkluze dopadne katastrofou!\u00a0<a href=\"https:\/\/www.novinky.cz\/domaci\/clanek\/ods-vyloucila-vaclav-klause-mladsiho-40274525\">Byl v roce 2019\u00a0 profesorem Fialou vylou\u010den z ODS za zradu programu ODS!<\/a>\u00a0A ten sam\u00fd Fiala pak v roce 2022 jako p\u0159edseda vl\u00e1dy \u010ceska ud\u011bl\u00ed Plagovi (Babi\u0161\u016fv exANO!) trafiku za rozvrat \u010desk\u00e9ho \u0161kolstv\u00ed!<\/p>\n<p>Tady se m\u016f\u017ee pobavit nad programem ODS pro rozvoj \u0161kolstv\u00ed!\u00a0<a href=\"https:\/\/www.ods.cz\/5-priorit\/skolstvi\">Program ODS \u2013 bod 1 Zv\u00fd\u0161\u00edme platy u\u010ditel\u016fm na 150% pr\u016fm\u011bru!<\/a>\u00a0Politika vl\u00e1dy ODS v roce 2022 (Plat u\u010ditele je aktu\u00e1ln\u011b 127,7% pr\u016fm\u011brn\u00e9ho platu v \u010cR.\u00a0<a href=\"https:\/\/www.czso.cz\/csu\/czso\/cri\/prumerne-mzdy-1-ctvrtleti-2022#:~:text=%C4%8Dtvrtlet%C3%AD%202022%20byla%20pr%C5%AFm%C4%9Brn%C3%A1%20hrub%C3%A1,ve%20stejn%C3%A9m%20obdob%C3%AD%20roku%202021.\">Pr\u016fm\u011br \u010cR 37 929<\/a>,\u00a0<a href=\"https:\/\/www.idnes.cz\/zpravy\/domaci\/ucitele-narust-platu-ministerstvo-skolstvi.A220129_100116_domaci_imat\">Pr\u016fm\u011br u\u010ditel\u00e9 48 444<\/a>) Kdy\u017e cht\u011bj\u00ed u\u010ditel\u00e9 p\u0159idat jen o inflaci, jsou podle ministra \u0161kolstv\u00ed:\u00a0<em>Nekorektn\u00ed!\u00a0<\/em>Co by teprve vl\u00e1da ODS \u0159ekla, kdyby u\u010ditel\u00e9 za\u010dali po\u017eadovat spln\u011bn\u00ed volebn\u00edho programu ODS!<\/p>\n<p>Mgr. Bc. Tom\u00e1\u0161 \u0158epa, Ph.D z Katedry teorie vojenstv\u00ed na Univerzit\u011b obrany v\u010dera tvrdil,\u00a0<a href=\"https:\/\/www.seznamzpravy.cz\/clanek\/zahranicni-naduti-rusove-se-nepoucili-z-valecnych-omylu-proto-podle-historika-prohraji-204455\">\u017ee nadut\u00ed Rusov\u00e9 se nepou\u010dili ze sv\u00fdch historick\u00fdch omyl\u016f, a mor\u00e1ln\u011b je p\u0159evy\u0161uj\u00edc\u00ed Ukrajinci je poraz\u00ed!<\/a>\u00a0\u0158epa v \u010dl\u00e1nku na Seznamu spl\u00e1cal p\u00e1t\u00e9 p\u0159es dev\u00e1t\u00e9, aby svoji teorii zd\u016fvodnil! Shodou okolnost\u00ed \u0158epa \u010dl\u00e1nek uve\u0159ejnil ve stejn\u00fd den,\u00a0<a href=\"https:\/\/www.independent.co.uk\/news\/world\/europe\/ukraine-war-intelligence-russia-kyiv-military-b2096715.html\">kdy britsk\u00e1 m\u00e9dia s odvol\u00e1n\u00edm na britskou rozv\u011bdku zve\u0159ejnila<\/a>, \u017ee ukrajinsk\u00e1 mor\u00e1lka upad\u00e1 rychl\u00fdm tempem, mno\u017e\u00ed se p\u0159\u00edpady dezerce, a v\u0161em je jasn\u00e9, \u017ee bez rovnocenn\u00e9 v\u00fdzbroje nemaj\u00ed Ukrajinci \u017e\u00e1dnou \u0161anci! Ponechme stranou, \u017ee \u0158epa asi nem\u00e1 p\u0159\u00edstup k tajn\u00fdm informac\u00edm u\u017e\u0161\u00edho veden\u00ed NATO, proto\u017ee se sta\u010d\u00ed pod\u00edvat na jeho historickou argumentaci, a je n\u00e1m jasno. \u0158epa tvrd\u00ed, \u017ee mor\u00e1ln\u011b siln\u00ed Ukrajinci vyhraj\u00ed nad mor\u00e1ln\u011b padl\u00fdmi Rusy, stejn\u011b jako Caesar v roce 48 p\u0159.nl. v bitv\u011b u Pharsalu vyhr\u00e1l nad Pompeiem, kter\u00fd m\u011bl tak\u00e9 m\u00e9n\u011b voj\u00e1k\u016f, ale s lep\u0161\u00ed mor\u00e1lkou.<\/p>\n<p>To je podivn\u00e9 od vojensk\u00e9ho historika, proto\u017ee ten by m\u011bl v\u011bd\u011bt, \u017ee legion\u00e1\u0159i, kter\u00e9 si C\u00e9sar do bitvy p\u0159ivedl, byli ti nejlep\u0161\u00ed a nejzku\u0161en\u011bj\u0161\u00ed veter\u00e1ni zocelen\u00ed z galsk\u00fdch v\u00e1lek. Kde\u017eto Pompeus Magnus v bitv\u011b disponoval pouze n\u011bkolika pr\u016fm\u011brn\u00fdmi jednotkami legion\u00e1\u0159\u016f, a v\u011bt\u0161inu jeho arm\u00e1dy\u00a0 p\u0159edstavovaly tlupy nejr\u016fzn\u011bj\u0161\u00edch domorodc\u016f pod velen\u00edm sv\u00fdch n\u00e1\u010deln\u00edk\u016f. A ty nem\u011bly ani kvalitn\u00ed \u0159\u00edmskou v\u00fdzbroj t\u011b\u017ekood\u011bnce, ani v\u00fdcvik, ani extr\u00e9mn\u00ed bojov\u00e9 zku\u0161enosti. V bitv\u011b Pompeo za\u00fato\u010dil se svou mnohon\u00e1sobn\u011b siln\u011bj\u0161\u00ed j\u00edzdou na C\u00e9sar\u016fv t\u00fdl, a sou\u010dasn\u011b za\u010dali jeho legion\u00e1\u0159i a p\u011b\u0161\u00e1ci \u010deln\u011b \u00fato\u010dit na C\u00e9sarovu bitevn\u00ed linii. C\u00e9sar oba \u00fatoky p\u0159edpokl\u00e1dal, a jeho legion\u00e1\u0159i vykonaly nesm\u00edrn\u011b slo\u017eit\u00fd bitevn\u00ed man\u00e9vr \u2013 ze t\u0159\u00ed \u0159ad p\u011bchoty se pod \u00fatokem p\u0159eskupili na \u010dty\u0159i \u0159ady, a \u010dtvrt\u00e1 \u0159ada se obr\u00e1tila \u010delem vzad, a prob\u011bhla mezi koni ustupuj\u00edc\u00ed C\u00e9sarovi slab\u00e9 j\u00edzdy, a prudce za\u00fato\u010dila na po\u010detnou Pompeovu j\u00edzdu. Cel\u00fd man\u00e9vr byl dokonale p\u0159esn\u011b na\u010dasov\u00e1n, a legion\u00e1\u0159i vpadli na Pompeovi jezdce v okam\u017eiku, kdy jejich kon\u011b po \u00fatoku st\u00e1li tak\u0159ka na m\u00edst\u011b, a jezdci se sna\u017eili dorazit zbyl\u00e9 C\u00e9sarovi jezdce. Takov\u00e9mu \u00fatoku t\u011b\u017ekood\u011bnc\u016f-veter\u00e1n\u016f na stoj\u00edc\u00ed lehkou j\u00edzdu,(t\u011b\u017ek\u00e1 je\u0161t\u011b neexistovala), vy\u010derpanou po p\u0159edchoz\u00edm \u00fatoku tryskem, nemohli Pompeovi jezdci odolat, a byli zni\u010deni, a nebo v \u0161oku prchli. Zbytek bitvy byl pouh\u00fdm masakrem r\u016fzn\u00fdch pr\u00e1\u010dat a lu\u010di\u0161tn\u00edk\u016f a kopin\u00edk\u016f, kte\u0159\u00ed ze sv\u00e9 podstaty nemohli legion\u00e1\u0159\u016fm v sev\u0159en\u00fdch formac\u00edch nijak ubl\u00ed\u017eit, a masakrovalo se do t\u00e9 doby ne\u017e se Pompeovi voj\u00e1ci vzdali. C\u00e9sar bitvu vyhr\u00e1l, proto\u017ee disponoval 22-ti tis\u00edci, l\u00e9ty bitev zocelen\u00fdmi legion\u00e1\u0159i, se kter\u00fdmi se 32 000 legion\u00e1\u0159\u016f zelen\u00e1\u010d\u016f, a 20 tis\u00edc lehce ozbrojen\u00fdch domorodc\u016f, nemohlo nijak m\u011b\u0159it.\u00a0<a href=\"https:\/\/cs.wikipedia.org\/wiki\/Bitva_u_V%C3%ADdn%C4%9B\">Stejn\u011b jako Turci v bitv\u011b u V\u00eddn\u011b 1683<\/a>, nebyly Pompeovy jednotky schopn\u00e9 prov\u00e1d\u011bt ani jednoduch\u00e9 man\u00e9vry po boji\u0161ti, proto\u017ee jim chyb\u011bla l\u00e9ta v\u00fdcviku a praxe. Za rakousko-tureck\u00fdch v\u00e1lek od konce t\u0159icetilet\u00e9 v\u00e1lky b\u011b\u017en\u011b platilo, \u017ee evropsk\u00e9 arm\u00e1dy mohou \u00fasp\u011b\u0161n\u011b vzdorovat n\u011bkolika n\u00e1sobn\u00e9 tureck\u00e9 p\u0159esile, a to pr\u00e1v\u011b d\u00edky schopnosti man\u00e9vrovat jednotliv\u00fdmi \u010dtverci a \u0159adami p\u011bchoty a j\u00edzdy po boji\u0161ti, a vytv\u00e1\u0159et lok\u00e1ln\u00ed p\u0159evahu. P\u0159esto, \u017ee se ve stejn\u00e9 dob\u011b uzn\u00e1valo, \u017ee ture\u010dt\u00ed jani\u010d\u00e1\u0159i jsou mor\u00e1ln\u011b nad\u0159azeni evropsk\u00fdm \u017eoldn\u00e9\u0159\u016fm, a v boji z bl\u00edzka \u010dasto i lep\u0161\u00ed, v\u0161ichni evrop\u0161t\u00ed gener\u00e1lov\u00e9 t\u00e9 doby v\u011bd\u011bli, \u017ee jakmile bitva za\u010dne, Turci ztrat\u00ed schopnost man\u00e9vrovat, p\u0159esunovat se, \u00fato\u010dit z boku, p\u0159eskupovat se, a chovaj\u00ed se jen jako rozzu\u0159en\u00e9 st\u00e1do bizon\u016f. Evropan\u00e9, kte\u0159\u00ed za t\u0159icetilet\u00e9 v\u00e1lky vytvo\u0159ili syst\u00e9m formac\u00ed \u2013 prapor-pluk-brig\u00e1da-sbor-arm\u00e1da a dok\u00e1zali pohyb v\u0161ech t\u011bchto jednotek po boji\u0161ti sladit na \u00farove\u0148 dokonal\u00e9ho baletn\u00edho p\u0159edstaven\u00ed, od t\u00e9 doby nem\u011bli konkurenci, a i v\u00edt\u011bzstv\u00ed Ameri\u010dan\u016f v boji za svobodu, bylo sp\u00ed\u0161e v\u00fdsledkem spor\u016f mocnost\u00ed v Evrop\u011b, kter\u00e9 Brit\u00e1nii neumo\u017enily p\u0159esunout p\u0159es Atlantik dostate\u010dnou arm\u00e1du, ne\u017e schopnost\u00ed Ameri\u010dan\u016f porazit Evropany v bitv\u011b.<\/p>\n<p>Mor\u00e1lka je d\u016fle\u017eit\u00e1, ale bez v\u00fdcviku, profesionality a v\u00fdzbroje, nen\u00ed k ni\u010demu. Nejhor\u0161\u00ed ov\u0161em je, pokud n\u011bkdo vy\u010derp\u00e1 mor\u00e1ln\u00ed kredit sv\u00fdch voj\u00e1k\u016f v nesmysln\u00fdch boj\u00edch, kter\u00e9 ani nem\u016f\u017ee vyhr\u00e1t, a ani v nich nem\u016f\u017ee z\u00edskat dostatek drahocenn\u00e9ho \u010dasu pro v\u00fdcvik posil. Nechat zbyte\u010dn\u011b pob\u00edt sv\u00e9 voj\u00e1ky se nikomu nevyplat\u00ed.\u00a0Sou\u010dasn\u00e1 v\u00e1lka na Ukrajin\u011b je pop\u0159en\u00edm obecn\u011b uzn\u00e1van\u00fdch z\u00e1sad pro veden\u00ed v\u00e1lky, kter\u00e9 definoval u\u017e\u00a0<em>Sun-C v Um\u011bn\u00ed v\u00e1lky:<\/em><\/p>\n<p><em>(Bod 9) ..<\/em><em>Jestli\u017ee ve v\u0161ech ohledech v\u00fdrazn\u011b zaost\u00e1v\u00e1\u0161, je lep\u0161\u00ed se nep\u0159\u00edteli vyhnout\u2026(Bod 17)\u2026Zv\u00edt\u011bz\u00ed ten, kdo v\u00ed, kdy je vhodn\u00e9 bojovat, a kdy je lep\u0161\u00ed nebojovat\u2026<\/em>(aby bylo mo\u017en\u00e9 se d\u016fkladn\u011b p\u0159ipravit! I za cenu ztr\u00e1t \u00fazem\u00ed, kter\u00e1 nejsou rozhoduj\u00edc\u00ed.)<\/p>\n<p>Obdobn\u011b, by se s panem \u0158epou dalo diskutovat i o jeho dal\u0161\u00edch vidin\u00e1ch sv\u011bta, podle kter\u00fdch, Finsko zv\u00edt\u011bzilo nad SSSR v Zimn\u00ed v\u00e1lce 1939\/40!, Rusov\u00e9 prohr\u00e1li u Slavkova 1805 kv\u016fli sv\u00e9 nadutosti, a hlavn\u011b, o tvrzen\u00ed, \u017ee po\u010detn\u011b slab\u0161\u00ed Francouzi a Angli\u010dan\u00e9 porazili v prvn\u00ed bitv\u011b na Marn\u011b po\u010detn\u011b siln\u011bj\u0161\u00ed Prusy, a zachr\u00e1nili tak Pa\u0159\u00ed\u017e, kter\u00fdmi argumentuje pro sv\u00e9 tvrzen\u00ed o budouc\u00edm v\u00edt\u011bzstv\u00ed Ukrajinc\u016f nad Rusy. Pan \u0158epa by si m\u011bl doplnit vzd\u011bl\u00e1n\u00ed, kdy\u017e u\u017e se vyd\u00e1v\u00e1 za vojensk\u00e9ho historika, a u\u010d\u00ed na Univerzit\u011b obrany, nebo\u0165 podle v\u0161eobecn\u011b uzn\u00e1van\u00e9 presti\u017en\u00ed\u00a0<a href=\"https:\/\/gallica.bnf.fr\/ark:\/12148\/bpt6k6272525s#\"><span class=\"title\">Les arm\u00e9es fran\u00e7aises dans la Grande guerre.<\/span><\/a>\u00a0byl na Marn\u011b pom\u011br sil 1 082 000 Brit\u016f a Francouz\u016f proti 900 000 N\u011bmc\u016f, a tedy se tam \u017e\u00e1dn\u00e9 v\u00edt\u011bzstv\u00ed Davida nad Goli\u00e1\u0161em nekonalo, ale obr\u00e1cen\u011b! By\u0165 v tomto p\u0159\u00edpad\u011b d\u00edky Prusk\u00e9 p\u0159edv\u00e1le\u010dn\u00e9 nadutosti, kdy Junke\u0159i odm\u00edtli vycvi\u010dit a p\u0159ipravit pro \u00fatok na Francii dodate\u010dnou arm\u00e1du, jak bylo spr\u00e1vn\u011b Gener\u00e1ln\u00edm \u0161t\u00e1bem vypo\u010d\u00edt\u00e1no, a kter\u00e1 m\u011bla na Marnu podle pl\u00e1nu tak\u00e9 ma\u0161\u00edrovat, ale nema\u0161\u00edrovala, nebo\u0165 by v n\u00ed funkce d\u016fstojn\u00edk\u016f museli vykon\u00e1vat oby\u010dejn\u00ed ob\u010dan\u00e9, a ne p\u0159\u00edslu\u0161n\u00edci n\u011bmeck\u00e9 aristokracie!<\/p>\n<p><em>Sun-C: V\u00fdsledek v\u00e1lky ur\u010duje zejm\u00e9na \u0158\u00e1d v\u011bc\u00ed. \u0158\u00e1d v\u011bc\u00ed je dokonal\u00e1 shoda lidu a vl\u00e1dce. Lid jej n\u00e1sleduje bez ohledu na vlastn\u00ed \u017eivot a nelek\u00e1 se \u017e\u00e1dn\u00e9ho nebezpe\u010d\u00ed!\u00a0<\/em><\/p>\n<p>Sta\u010d\u00ed si p\u0159e\u010d\u00edst zpr\u00e1vu \u00fa\u010detn\u00edho dvora Evropsk\u00e9 Unie o korupci na Ukrajin\u011b (viz minul\u00e9 d\u00edly), a snadno pochop\u00edte, \u017ee \u0158\u00e1d v\u011bc\u00ed na Ukrajin\u011b neexistuje! K tomu n\u00e1rodnostn\u00ed slo\u017een\u00ed Ukrajiny, a je\u0161t\u011b v\u00edce pou\u017e\u00edv\u00e1n\u00ed Ru\u0161tiny jako komunika\u010dn\u00edho jazyka zna\u010dnou \u010d\u00e1st\u00ed Ukrajinc\u016f z\u0159eteln\u011b oslabuje jednotu Ukrajiny. V takov\u00e9m to p\u0159\u00edpad\u011b je opravdu velmi riskantn\u00ed bojovat, nato\u017e v\u00e9st opot\u0159ebov\u00e1vac\u00ed v\u00e1lku zalo\u017eenou na vysok\u00fdch po\u010dtech ob\u011bt\u00ed \u017eivot\u016f vlastn\u00ed populace. Takov\u00e1to strategie se m\u016f\u017ee rychle zvrhnout v naprost\u00fd opak zam\u00fd\u0161len\u00e9ho c\u00edle!<\/p>\n<p>Co by je\u0161t\u011b nem\u011blo zapadnout je v\u010derej\u0161\u00ed po\u017eadavek Zelensk\u00e9ho poradce Podolyaka,<a href=\"https:\/\/www.ukrinform.net\/rubric-ato\/3503567-ukraine-needs-up-to-300-mlr-systems-to-effectively-regain-ground-official.html\">\u00a0kter\u00fd ozn\u00e1mil<\/a>, \u017ee Ukrajina nutn\u011b pot\u0159ebuje 300 raketomet\u016f MLRS, aby mohla rovnocenn\u011b bojovat s Ruskem.\u00a0<a href=\"https:\/\/www.globalfirepower.com\/armor-mlrs-total.php\">Pro va\u0161i p\u0159edstavu toto \u010d\u00edslo 300 MLRS p\u0159edstavuje skoro 20% v\u0161ech MLRS, kter\u00fdmi NATO disponuje<\/a>, ale samotn\u00e9 Rusko p\u0159itom m\u016f\u017ee proti Ukrajin\u011b nasadit 3400 MLRS. V\u00fdcvik trv\u00e1 6 m\u011bs\u00edc\u016f!<\/p>\n<p><a href=\"https:\/\/www.michalapetr.com\/mip-61-brusel-vyzval-vlady-eu-aby-prestaly-lidem-pomahat-s-uhradou-drahych-energii-a-nezvysovaly-lidem-mzdy\/\">ZDROJ<\/a><\/p>\n<p>&nbsp;<\/p>\n","protected":false},"excerpt":{"rendered":"<p>Podle m\u00e9di\u00ed m\u00e1 skoro ka\u017ed\u00fd \u010cech, Slov\u00e1k i Evropan probl\u00e9my s\u00a0rostouc\u00ed drahotou, a zejm\u00e9na mu&#8230;<\/p>\n","protected":false},"author":2,"featured_media":870,"comment_status":"closed","ping_status":"closed","sticky":false,"template":"","format":"standard","meta":[],"categories":[6],"tags":[640,506,41,1242,2452],"_links":{"self":[{"href":"https:\/\/www.infokuryr.cz\/n\/wp-json\/wp\/v2\/posts\/11448"}],"collection":[{"href":"https:\/\/www.infokuryr.cz\/n\/wp-json\/wp\/v2\/posts"}],"about":[{"href":"https:\/\/www.infokuryr.cz\/n\/wp-json\/wp\/v2\/types\/post"}],"author":[{"embeddable":true,"href":"https:\/\/www.infokuryr.cz\/n\/wp-json\/wp\/v2\/users\/2"}],"replies":[{"embeddable":true,"href":"https:\/\/www.infokuryr.cz\/n\/wp-json\/wp\/v2\/comments?post=11448"}],"version-history":[{"count":0,"href":"https:\/\/www.infokuryr.cz\/n\/wp-json\/wp\/v2\/posts\/11448\/revisions"}],"wp:featuredmedia":[{"embeddable":true,"href":"https:\/\/www.infokuryr.cz\/n\/wp-json\/wp\/v2\/media\/870"}],"wp:attachment":[{"href":"https:\/\/www.infokuryr.cz\/n\/wp-json\/wp\/v2\/media?parent=11448"}],"wp:term":[{"taxonomy":"category","embeddable":true,"href":"https:\/\/www.infokuryr.cz\/n\/wp-json\/wp\/v2\/categories?post=11448"},{"taxonomy":"post_tag","embeddable":true,"href":"https:\/\/www.infokuryr.cz\/n\/wp-json\/wp\/v2\/tags?post=11448"}],"curies":[{"name":"wp","href":"https:\/\/api.w.org\/{rel}","templated":true}]}}