{"id":11447,"date":"2022-06-11T04:21:58","date_gmt":"2022-06-11T02:21:58","guid":{"rendered":"http:\/\/www.infokuryr.cz\/n\/?p=11447"},"modified":"2022-06-11T04:21:58","modified_gmt":"2022-06-11T02:21:58","slug":"neskutecna-arogance","status":"publish","type":"post","link":"https:\/\/www.infokuryr.cz\/n\/2022\/06\/11\/neskutecna-arogance\/","title":{"rendered":"Neskute\u010dn\u00e1 arogance"},"content":{"rendered":"<div id=\"fb-root\"><\/div>\n<p>Mluv\u010d\u00ed rodiny Aidena Aslina (jednoho ze v\u010dera odsouzen\u00fdch \u017eold\u00e1k\u016f) na Sky News:<\/p>\n<p><strong>\u201eNikdo s britsk\u00fdm pasem by nem\u011bl b\u00fdt postaven p\u0159ed tribun\u00e1l sov\u011btsk\u00e9 \u00e9ry a pot\u00e9 odsouzen k smrti\u201c<\/strong>!<\/p>\n<p>No \u2026 a s rusk\u00fdm pasem tedy m\u016f\u017ee?<\/p>\n<p>Vzpom\u00edn\u00e1m si, \u017ee jen p\u0159ed p\u00e1r t\u00fddny se ve stejn\u00e9 Sky News radovali z do\u017eivotn\u00edho trestu pro rusk\u00e9ho voj\u00e1ka a informovali o \u201eobrovsk\u00e9m symbolick\u00e9m v\u00fdznamu\u201c tototo rozsudku!<\/p>\n<p>A co se tedy zm\u011bnilo?\u00a0Tak\u017ee je to jenom o pasu?<em><strong>\ud83e\udd14<\/strong><\/em><\/p>\n<p><iframe loading=\"lazy\" id=\"telegram-post-SolovievLive-111291\" src=\"https:\/\/t.me\/SolovievLive\/111291?embed=1&amp;single=1\" width=\"100%\" height=\"\" frameborder=\"0\" scrolling=\"no\" data-gtm-yt-inspected-10=\"true\" data-mce-fragment=\"1\"><\/iframe><\/p>\n<p>Jak rychle, kv\u016fli zpr\u00e1v\u00e1m o rozsudku smrti pro britsk\u00e9 \u017eold\u00e1ky, u jejich krajan\u016f vyplula na povrch ta nejoby\u010dejn\u011bj\u0161\u00ed nacionalistick\u00e1 arogance: \u0159\u00edkaj\u00ed, \u017ee\u00a0<strong>nikdo s pasem Spojen\u00e9ho kr\u00e1lovstv\u00ed by nem\u011bl b\u00fdt ob\u017ealovan\u00fd.<\/strong><\/p>\n<p>Pro za\u010d\u00e1tek \u2013\u00a0<strong>nikdo s britsk\u00fdm pasem by nem\u011bl jet na Ukrajinu bojovat za re\u017eim \u201egangu nacist\u016f a narkoman\u016f\u201c<\/strong>.\u00a0Pak by nebyl ani soud ani rozsudek.<\/p>\n<p>N\u011bkdo by m\u011bl t\u011bmto arogantn\u00edm ostrovan\u016fm vysv\u011btlit, \u017ee jejich \u010das po Churchillovi je nen\u00e1vratn\u011b pry\u010d a d\u011bl\u00e1n\u00ed ramen p\u0159i vzpom\u00ednce na minulou velikost vypad\u00e1 prost\u011b sm\u011b\u0161n\u011b.<\/p>\n<p><iframe loading=\"lazy\" id=\"telegram-post-kedmi-18013\" src=\"https:\/\/t.me\/kedmi\/18013?embed=1\" width=\"100%\" height=\"\" frameborder=\"0\" scrolling=\"no\" data-gtm-yt-inspected-10=\"true\" data-mce-fragment=\"1\"><\/iframe><\/p>\n<p><img decoding=\"async\" loading=\"lazy\" class=\"alignnone size-full wp-image-1185\" src=\"http:\/\/www.infokuryr.cz\/n\/wp-content\/uploads\/2021\/04\/kuryr-podpis.png\" alt=\"\" width=\"84\" height=\"24\" \/><\/p>\n<div class=\"wpdiscuz-post-rating-wrap wpd-custom-field\">\n<div class=\"wpd-rating\" title=\"Ohodnotit p\u0159\u00edsp\u011bvek\">\n<div class=\"wpd-rating-wrap\"><\/div>\n<\/div>\n<\/div>\n","protected":false},"excerpt":{"rendered":"<p>Mluv\u010d\u00ed rodiny Aidena Aslina (jednoho ze v\u010dera odsouzen\u00fdch \u017eold\u00e1k\u016f) na Sky News: \u201eNikdo s britsk\u00fdm&#8230;<\/p>\n","protected":false},"author":2,"featured_media":11323,"comment_status":"closed","ping_status":"closed","sticky":false,"template":"","format":"standard","meta":[],"categories":[7],"tags":[2570,303,1870],"_links":{"self":[{"href":"https:\/\/www.infokuryr.cz\/n\/wp-json\/wp\/v2\/posts\/11447"}],"collection":[{"href":"https:\/\/www.infokuryr.cz\/n\/wp-json\/wp\/v2\/posts"}],"about":[{"href":"https:\/\/www.infokuryr.cz\/n\/wp-json\/wp\/v2\/types\/post"}],"author":[{"embeddable":true,"href":"https:\/\/www.infokuryr.cz\/n\/wp-json\/wp\/v2\/users\/2"}],"replies":[{"embeddable":true,"href":"https:\/\/www.infokuryr.cz\/n\/wp-json\/wp\/v2\/comments?post=11447"}],"version-history":[{"count":0,"href":"https:\/\/www.infokuryr.cz\/n\/wp-json\/wp\/v2\/posts\/11447\/revisions"}],"wp:featuredmedia":[{"embeddable":true,"href":"https:\/\/www.infokuryr.cz\/n\/wp-json\/wp\/v2\/media\/11323"}],"wp:attachment":[{"href":"https:\/\/www.infokuryr.cz\/n\/wp-json\/wp\/v2\/media?parent=11447"}],"wp:term":[{"taxonomy":"category","embeddable":true,"href":"https:\/\/www.infokuryr.cz\/n\/wp-json\/wp\/v2\/categories?post=11447"},{"taxonomy":"post_tag","embeddable":true,"href":"https:\/\/www.infokuryr.cz\/n\/wp-json\/wp\/v2\/tags?post=11447"}],"curies":[{"name":"wp","href":"https:\/\/api.w.org\/{rel}","templated":true}]}}