{"id":11441,"date":"2022-06-11T03:57:24","date_gmt":"2022-06-11T01:57:24","guid":{"rendered":"http:\/\/www.infokuryr.cz\/n\/?p=11441"},"modified":"2022-06-11T03:57:24","modified_gmt":"2022-06-11T01:57:24","slug":"v-bruselu-maji-novou-vlajku-kombinaci-ukrajinske-a-duhove","status":"publish","type":"post","link":"https:\/\/www.infokuryr.cz\/n\/2022\/06\/11\/v-bruselu-maji-novou-vlajku-kombinaci-ukrajinske-a-duhove\/","title":{"rendered":"V Bruselu maj\u00ed novou vlajku \u2013 kombinaci ukrajinsk\u00e9 a duhov\u00e9\u2026."},"content":{"rendered":"<div id=\"fb-root\"><\/div>\n<p><strong>V Bruselu maj\u00ed novou vlajku sv\u00fdch hlavn\u00edch favorit\u016f, kombinaci ukrajinsk\u00e9 a duhov\u00e9 vlajky. Gratulujeme, je\u0161t\u011b bych si m\u011bli ud\u011blat m\u00edsto pro p\u0159id\u00e1n\u00ed zelen\u00e9ho p\u016flm\u011bs\u00edce, jako symbolu isl\u00e1msk\u00e9 nad\u0159azenosti.<\/strong><\/p>\n<p><img decoding=\"async\" loading=\"lazy\" class=\"alignnone size-full wp-image-1185\" src=\"http:\/\/www.infokuryr.cz\/n\/wp-content\/uploads\/2021\/04\/kuryr-podpis.png\" alt=\"\" width=\"84\" height=\"24\" \/><\/p>\n<p>&nbsp;<\/p>\n<p>&nbsp;<\/p>\n","protected":false},"excerpt":{"rendered":"<p>V Bruselu maj\u00ed novou vlajku sv\u00fdch hlavn\u00edch favorit\u016f, kombinaci ukrajinsk\u00e9 a duhov\u00e9 vlajky. Gratulujeme, je\u0161t\u011b&#8230;<\/p>\n","protected":false},"author":2,"featured_media":11442,"comment_status":"closed","ping_status":"closed","sticky":false,"template":"","format":"standard","meta":[],"categories":[7],"tags":[640,71,2568],"_links":{"self":[{"href":"https:\/\/www.infokuryr.cz\/n\/wp-json\/wp\/v2\/posts\/11441"}],"collection":[{"href":"https:\/\/www.infokuryr.cz\/n\/wp-json\/wp\/v2\/posts"}],"about":[{"href":"https:\/\/www.infokuryr.cz\/n\/wp-json\/wp\/v2\/types\/post"}],"author":[{"embeddable":true,"href":"https:\/\/www.infokuryr.cz\/n\/wp-json\/wp\/v2\/users\/2"}],"replies":[{"embeddable":true,"href":"https:\/\/www.infokuryr.cz\/n\/wp-json\/wp\/v2\/comments?post=11441"}],"version-history":[{"count":0,"href":"https:\/\/www.infokuryr.cz\/n\/wp-json\/wp\/v2\/posts\/11441\/revisions"}],"wp:featuredmedia":[{"embeddable":true,"href":"https:\/\/www.infokuryr.cz\/n\/wp-json\/wp\/v2\/media\/11442"}],"wp:attachment":[{"href":"https:\/\/www.infokuryr.cz\/n\/wp-json\/wp\/v2\/media?parent=11441"}],"wp:term":[{"taxonomy":"category","embeddable":true,"href":"https:\/\/www.infokuryr.cz\/n\/wp-json\/wp\/v2\/categories?post=11441"},{"taxonomy":"post_tag","embeddable":true,"href":"https:\/\/www.infokuryr.cz\/n\/wp-json\/wp\/v2\/tags?post=11441"}],"curies":[{"name":"wp","href":"https:\/\/api.w.org\/{rel}","templated":true}]}}