{"id":11417,"date":"2022-06-10T02:40:09","date_gmt":"2022-06-10T00:40:09","guid":{"rendered":"http:\/\/www.infokuryr.cz\/n\/?p=11417"},"modified":"2022-06-10T02:40:09","modified_gmt":"2022-06-10T00:40:09","slug":"zpravy-ohledne-usa-z-tiskove-konference-mf-ciny-z-9-cervna","status":"publish","type":"post","link":"https:\/\/www.infokuryr.cz\/n\/2022\/06\/10\/zpravy-ohledne-usa-z-tiskove-konference-mf-ciny-z-9-cervna\/","title":{"rendered":"Zpr\u00e1vy ohledn\u011b USA z tiskov\u00e9 konference MF \u010c\u00edny z 9. \u010dervna"},"content":{"rendered":"<div id=\"fb-root\"><\/div>\n<p>12. \u010dervna je \u201eSv\u011btov\u00fd den proti d\u011btsk\u00e9 pr\u00e1ci\u201c, kter\u00fd stanovila Mezin\u00e1rodn\u00ed organizace pr\u00e1ce. Mluv\u010d\u00ed \u010d\u00ednsk\u00e9ho ministerstva zahrani\u010d\u00ed Zhao Lijian (\u010cao Li-\u0165ien) 9. \u010dervna na tiskov\u00e9 konferenci vyzval Spojen\u00e9 st\u00e1ty, kter\u00e9 byly opakovan\u011b kritizov\u00e1ny Mezin\u00e1rodn\u00ed organizac\u00ed pr\u00e1ce za v\u00e1\u017en\u00fd probl\u00e9m d\u011btsk\u00e9 pr\u00e1ce, aby se v\u00e1\u017en\u011b p\u0159em\u00fd\u0161lely a \u00fa\u010dinn\u011b \u0159e\u0161ily sv\u00e9 vlastn\u00ed probl\u00e9my o poru\u0161ov\u00e1n\u00ed pr\u00e1v d\u011btsk\u00e9 pr\u00e1ce, co nejrychleji schv\u00e1lily \u00damluvu OSN o Pr\u00e1va d\u011bt\u00ed a dob\u0159e zajistit z\u00e1konn\u00e1 pr\u00e1va d\u011bt\u00ed sv\u00e9 zem\u011b.<\/p>\n<p>Zhao Lijian z\u00e1rove\u0148 dodal, \u017ee tragick\u00e1 zku\u0161enost d\u011btsk\u00fdch pracovn\u00edch s\u00edl ve Spojen\u00fdch st\u00e1tech je jen \u0161pi\u010dkou ledovce systematick\u00e9ho poru\u0161ov\u00e1n\u00ed lidsk\u00fdch pr\u00e1v ve Spojen\u00fdch st\u00e1tech.<\/p>\n<p>Pokud jde o nov\u00e9 kolo prodej vojensk\u00fdch zbran\u00ed Spojen\u00fdch st\u00e1t\u016f do Tchaj-wanu, mluv\u010d\u00ed Zhao Lijian uvedl, \u017ee prodej zbran\u00ed Spojen\u00fdch st\u00e1t\u016f do \u010d\u00ednsk\u00e9ho regionu Tchaj-wanu v\u00e1\u017en\u011b poru\u0161uje z\u00e1sadu Jedn\u00e9 \u010c\u00edny a ustanoven\u00ed t\u0159\u00ed \u010d\u00ednsko-americk\u00fdch spole\u010dn\u00fdch komunik\u00e9, zejm\u00e9na komunik\u00e9 ze 17. srpna, v\u00e1\u017en\u011b po\u0161kozuje suverenitu a bezpe\u010dnostn\u00ed z\u00e1jmy \u010c\u00edny a v\u00e1\u017en\u011b po\u0161kozuje \u010d\u00ednsko-americk\u00e9 vztahy a m\u00edr a stabilitu Tchajwansk\u00e9ho pr\u016flivu. \u010c\u00edna je tomu rozhodn\u011b proti a d\u016frazn\u011b ho odsuzuje.<\/p>\n<p>V reakci na ned\u00e1vn\u00e9m prohl\u00e1\u0161en\u00ed velitele americk\u00e9 tichomo\u0159sk\u00e9 arm\u00e1dy ohledn\u011b \u010d\u00ednsko-indick\u00e9 hranici mluv\u010d\u00ed Zhao LIjian \u0159ekl, \u201ev sou\u010dasnosti se situace na \u010d\u00ednsko-indick\u00e9 hranici v podstat\u011b stabilizovala a frontov\u00e1 vojska obou arm\u00e1d jsou u\u017e ve v\u011bt\u0161in\u011b oblast\u00ed na z\u00e1pad\u011b \u010d\u00ednsko-indick\u00e9 hranice bez kontaktu. Ot\u00e1zka \u010d\u00ednsko-indick\u00e9 hranice je z\u00e1le\u017eitost\u00ed mezi \u010c\u00ednou a Indi\u00ed, a ob\u011b strany maj\u00ed v\u016fli a schopnost \u0159e\u0161it p\u0159\u00edslu\u0161n\u00e9 ot\u00e1zky prost\u0159ednictv\u00edm jedn\u00e1n\u00ed a dialogu. P\u0159\u00edslu\u0161n\u00ed ameri\u010dt\u00ed vedouc\u00ed p\u0159edstavitel\u00e9 v tom p\u0159ednesli nevhodn\u00e9 projevy a provokovali, co\u017e je ostuda. Douf\u00e1me, \u017ee mohou ud\u011blat v\u00edce v\u011bc\u00ed, kter\u00e9 p\u0159isp\u011bj\u00ed k region\u00e1ln\u00edmu m\u00edru a stabilit\u011b.\u201c<\/p>\n<p>Podle zpr\u00e1vy, americk\u00fd poradce pro n\u00e1rodn\u00ed bezpe\u010dnost Sullivan 8. \u010dervna \u0159ekl, \u017ee Spojen\u00e9 st\u00e1ty zv\u00fd\u0161\u00ed investice do sv\u00e9ho regionu a summit Ameriky p\u0159inese lidem tohoto regionu praktick\u00e9 plodn\u00e9 v\u00fdsledky, investice Spojen\u00fdch st\u00e1t\u016f maj\u00ed v\u011bt\u0161\u00ed vliv ne\u017e \u010d\u00ednsk\u00e9 projekty. \u00da\u0159edn\u00edk B\u00edl\u00e9ho domu sd\u011blil, \u017ee nejlep\u0161\u00edm zp\u016fsobem, jak omezuje z\u00e1jmy \u010c\u00edny v tomto regionu, je aktivn\u011b budov\u00e1n\u00ed ekonomick\u00e9 vize pro Spojen\u00e9 st\u00e1ty.<\/p>\n<p>K tomu Zhao Lijian na tiskov\u00e9 konferenci uvedl, \u017ee zem\u011b Latinsk\u00e9 Ameriky a Karibiku maj\u00ed pr\u00e1vo zvolit si vlastn\u00ed cesty rozvoje a partnery.<\/p>\n<p>8. \u010dervna m\u00edstn\u00edho \u010dasu Rada Mezin\u00e1rodn\u00ed agentury pro atomovou energii (MAAE) schv\u00e1lila rezoluci o zaji\u0161t\u011bn\u00ed a dohledu \u00cdr\u00e1nu, kterou p\u0159edlo\u017eily Spojen\u00e9 st\u00e1ty, Brit\u00e1ni\u00ed, Francie a N\u011bmecko, \u010c\u00edna a Rusko hlasovaly proti.<\/p>\n<p>Zhao Lijian 9. \u010dervna na tiskov\u00e9 konferenci uvedl, \u017ee \u010c\u00edna se stav\u00ed proti tomu, \u017ee p\u0159\u00edslu\u0161n\u00e9 zem\u011b tla\u010dily na radu MAAE, aby p\u0159ijala rezoluci o tlaku na \u00cdr\u00e1n, proto\u017ee tlak nepom\u016f\u017ee v \u0159e\u0161en\u00ed probl\u00e9mu, ale provokuje konflikt, podkope diplomatick\u00e9 \u00fasil\u00ed a povede k eskalaci nap\u011bt\u00ed.<\/p>\n<p><img decoding=\"async\" loading=\"lazy\" class=\"alignnone size-full wp-image-1185\" src=\"http:\/\/www.infokuryr.cz\/n\/wp-content\/uploads\/2021\/04\/kuryr-podpis.png\" alt=\"\" width=\"84\" height=\"24\" \/><\/p>\n<p>&nbsp;<\/p>\n","protected":false},"excerpt":{"rendered":"<p>12. \u010dervna je \u201eSv\u011btov\u00fd den proti d\u011btsk\u00e9 pr\u00e1ci\u201c, kter\u00fd stanovila Mezin\u00e1rodn\u00ed organizace pr\u00e1ce. Mluv\u010d\u00ed \u010d\u00ednsk\u00e9ho&#8230;<\/p>\n","protected":false},"author":2,"featured_media":1793,"comment_status":"closed","ping_status":"closed","sticky":false,"template":"","format":"standard","meta":[],"categories":[7],"tags":[30,1370,37],"_links":{"self":[{"href":"https:\/\/www.infokuryr.cz\/n\/wp-json\/wp\/v2\/posts\/11417"}],"collection":[{"href":"https:\/\/www.infokuryr.cz\/n\/wp-json\/wp\/v2\/posts"}],"about":[{"href":"https:\/\/www.infokuryr.cz\/n\/wp-json\/wp\/v2\/types\/post"}],"author":[{"embeddable":true,"href":"https:\/\/www.infokuryr.cz\/n\/wp-json\/wp\/v2\/users\/2"}],"replies":[{"embeddable":true,"href":"https:\/\/www.infokuryr.cz\/n\/wp-json\/wp\/v2\/comments?post=11417"}],"version-history":[{"count":0,"href":"https:\/\/www.infokuryr.cz\/n\/wp-json\/wp\/v2\/posts\/11417\/revisions"}],"wp:featuredmedia":[{"embeddable":true,"href":"https:\/\/www.infokuryr.cz\/n\/wp-json\/wp\/v2\/media\/1793"}],"wp:attachment":[{"href":"https:\/\/www.infokuryr.cz\/n\/wp-json\/wp\/v2\/media?parent=11417"}],"wp:term":[{"taxonomy":"category","embeddable":true,"href":"https:\/\/www.infokuryr.cz\/n\/wp-json\/wp\/v2\/categories?post=11417"},{"taxonomy":"post_tag","embeddable":true,"href":"https:\/\/www.infokuryr.cz\/n\/wp-json\/wp\/v2\/tags?post=11417"}],"curies":[{"name":"wp","href":"https:\/\/api.w.org\/{rel}","templated":true}]}}