{"id":11385,"date":"2022-06-09T02:58:58","date_gmt":"2022-06-09T00:58:58","guid":{"rendered":"http:\/\/www.infokuryr.cz\/n\/?p=11385"},"modified":"2022-06-09T02:58:58","modified_gmt":"2022-06-09T00:58:58","slug":"skandal-okolo-zariznuti-slovnaftu-se-prohlubuje","status":"publish","type":"post","link":"https:\/\/www.infokuryr.cz\/n\/2022\/06\/09\/skandal-okolo-zariznuti-slovnaftu-se-prohlubuje\/","title":{"rendered":"Skand\u00e1l okolo za\u0159\u00edznut\u00ed Slovnaftu se prohlubuje&#8230;"},"content":{"rendered":"<div id=\"fb-root\"><\/div>\n<h4>Skand\u00e1l okolo za\u0159\u00edznut\u00ed Slovnaftu se prohlubuje a ministr hospod\u00e1\u0159stv\u00ed pr\u00e1skl na slovensk\u00e9ho premi\u00e9ra \u010din, kter\u00fd podle pr\u00e1vn\u00edk\u016f balancuje na hran\u011b ma\u0159en\u00ed \u00fakolu ve\u0159ejn\u00e9ho \u010dinitele a dokonce pr\u00fd i vlastizrady! Eduard Heger m\u011bl \u00fadajn\u011b ignorovat varov\u00e1n\u00ed Richarda Sul\u00edka, \u017ee Slovnaft bez exportu produkt\u016f z rusk\u00e9 ropy m\u016f\u017ee skon\u010dit, ale premi\u00e9r na to reagoval slovy, \u017ee a\u0165 to Sul\u00edk \u0159e\u0161\u00ed s \u010cechy a Ma\u010fary, on to pr\u00fd u\u017e \u0159e\u0161it nebude! Je takov\u00fd krok premi\u00e9ra ji\u017e v pozici nep\u0159\u00e1telsk\u00e9ho aktu v\u016f\u010di vlastn\u00ed zemi?<\/h4>\n<p>Situace na Slovensku okolo skand\u00e1lu se Slovnaftem a jeho varov\u00e1n\u00edm, \u017ee bez exportu produkt\u016f z rusk\u00e9 ropy do Evropy m\u016f\u017ee podnik skon\u010dit a zav\u0159\u00edt sv\u00e9 br\u00e1ny, se nad\u00e1le prohlubuje a eskaluje. Slovensk\u00fd ministr hospod\u00e1\u0159stv\u00ed\u00a0<strong>Richard Sul\u00edk toti\u017e v \u00fater\u00fd na tiskov\u00e9 konferenci odp\u00e1lil naprostou bombu, kter\u00e1 ve sv\u011btov\u00e9 politice a diplomacii nem\u00e1 obdoby.<\/strong>\u00a0Ministr se toti\u017e stal v posledn\u00edch dnech ter\u010dem obrovsk\u00fdch \u00fatok\u016f ze strany slovensk\u00fdch ob\u010dan\u016f, ale i politik\u016f a novin\u00e1\u0159\u016f, \u017ee ohrozil palivovou bezpe\u010dnost Slovenska.\u00a0A to pr\u00fd t\u00edm, \u017ee v Bruselu nedojednal v\u00fdjimku pro Slovnaft v tom smyslu, aby rafin\u00e9rie mohla nejen dov\u00e1\u017eet ruskou ropu, ale i vyv\u00e1\u017eet do EU produkty a v\u00fdrobky z t\u00e9to ropy.<\/p>\n<p>&nbsp;<\/p>\n<div id=\"rumble_v155meb\">\n<div id=\"vid_v155meb\" class=\"rumble_v155meb-Rumble-cls\" tabindex=\"-1\">\n<div class=\"bigPlayUI ctp\">\n<div class=\"bigPlayUIInner ctp\"><div class='videoWrapper'>\r\n\t            <iframe src='https:\/\/rumble.com\/embed\/pj.v155meb\/' frameborder='0' allowfullscreen><\/iframe>\r\n\t        <\/div><\/div>\n<\/div>\n<\/div>\n<\/div>\n<p>&nbsp;<\/p>\n<p>Kdy\u017e se ale koncem minul\u00e9ho t\u00fddne uk\u00e1zalo, jak\u00e9 parametry embarga v Bruselu dojednal slovensk\u00fd premi\u00e9r Eduard Heger, strhlo se obrovsk\u00e9 peklo na Slovensku.\u00a0<strong>Slovnaft toti\u017e nedok\u00e1\u017ee pokra\u010dovat ve v\u00fdrob\u011b, pokud nepojede jeho produk\u010dn\u00ed za\u0159\u00edzen\u00ed alespo\u0148 na 50 a\u017e 65% objemu<\/strong>, jen\u017ee tolik benz\u00ednu a nafty se na Slovensku nespot\u0159ebuje, dv\u011b t\u0159etiny produkce jdou toti\u017e na export. Tak\u017ee bez exportu nebude moci Slovnaft vyr\u00e1b\u011bt ani t\u011bch zhruba 30 a\u017e 35% produkce pro dom\u00e1c\u00ed trh. O kauze jsme p\u0159inesli \u010dl\u00e1nek\u00a0<strong><a href=\"https:\/\/aeronet.news\/slovnaft-je-zdesen-ze-6-sankcniho-baliku-eu-proti-slovensku-protoze-proti-rusku-namiren-vubec-neni-a-za-8-mesicu-bude-hrozit-ze-nejvetsi-byvala-ceskoslovenska-rafinerie-ve-stredni-evrope-zavre\/\">zde<\/a><\/strong>.<\/p>\n<h6><span style=\"font-size: 18pt;\">Slovensk\u00fd premi\u00e9r ignoroval vlastn\u00edho ministra a z\u0159ejm\u011b zp\u016fsobil situaci, kter\u00e1 ohro\u017euje slovenskou palivovou bezpe\u010dnosti<\/span><\/h6>\n<p>Jen\u017ee tento t\u00fdden v \u00fater\u00fd odp\u00e1lil ministr hospod\u00e1\u0159stv\u00ed Richard Sul\u00edk informaci, ze kter\u00e9 jde Slov\u00e1k\u016fm doslova hlava kolem.\u00a0<strong>Ministr na tiskovce ve videu v\u00fd\u0161e uk\u00e1zal vyti\u0161t\u011bn\u00fd obr\u00e1zek z mobiln\u00edho telefonu, kter\u00fd zachycuje konverzaci v podob\u011b SMS zpr\u00e1v mezi Sul\u00edkem a premi\u00e9rem Hegerem.<\/strong>\u00a0V t\u011bch esemesk\u00e1ch Richard Sul\u00edk varoval Hegera, \u017ee t\u011bch 8 m\u011bs\u00edc\u016f nam\u00edsto p\u016fvodn\u00edho pl\u00e1nu 3 let na odklad embarga na ruskou ropu m\u016f\u017ee b\u00fdt probl\u00e9m.<\/p>\n<p>Slovnaft je toti\u017e z\u00e1visl\u00fd na exportu produkce z rusk\u00e9 ropy do EU z t\u00e9m\u011b\u0159 dvou t\u0159etin sv\u00e9 v\u00fdroby, tak\u017ee pokud nebude moci Slovnaft vyv\u00e1\u017eet v\u00fdrobky z rusk\u00e9 ropy do EU, tak m\u016f\u017ee Slovnaft \u00fapln\u011b skon\u010dit a zav\u0159e br\u00e1ny podniku, proto\u017ee rafin\u00e9rie nem\u016f\u017ee fyzik\u00e1ln\u011b fungovat na men\u0161\u00ed objem tzv. rafina\u010dn\u00ed vlo\u017eky ne\u017e 50% a\u017e 65% objemu produkce. Podp\u0159edseda strany Hlas-SD Erik Tom\u00e1\u0161 to dob\u0159e popsal na slovensk\u00e9 televizi TA3, video n\u00ed\u017ee.<\/p>\n<p><iframe loading=\"lazy\" src=\"https:\/\/www.youtube.com\/embed\/yWnR_Ls_hEE?feature=oembed\" width=\"100%\" height=\"394\" frameborder=\"0\" allowfullscreen=\"allowfullscreen\" data-mce-fragment=\"1\"><\/iframe><\/p>\n<p>Jen\u017ee takov\u00fd obrovsk\u00fd objem se nikdy na Slovensku nespot\u0159ebuje. Slovnaft nem\u016f\u017ee vyr\u00e1b\u011bt jen 30 a\u017e 35% produkce, proto\u017ee to je p\u0159\u00edli\u0161 m\u00e1lo na to, aby technologick\u00e9 za\u0159\u00edzen\u00ed na rafinaci fungovalo. Sul\u00edk tedy slovensk\u00e9ho premi\u00e9ra varoval, \u017ee v Bruselu by m\u011bl pro Slovnaft a obecn\u011b pro Slovensko dojednat jak odklad na 3 roky, tak i pr\u00e1vo Slovnaftu vyv\u00e1\u017eet produkci z rusk\u00e9 ropy do EU.\u00a0<strong>Tou produkc\u00ed se mysl\u00ed p\u0159edev\u0161\u00edm diesel a benz\u00edn pro \u010derpac\u00ed stanice v \u010cR, v Polsku a v Rakousku.<\/strong>\u00a0Jen\u017ee, premi\u00e9r Heger na to v esemesce reagoval \u0161okuj\u00edc\u00edm zp\u016fsobem. A poslouchejte dob\u0159e, proto\u017ee tohle je doslova z u\u010debnice KGB o tzv. subverzi ciz\u00edho st\u00e1tu a politik\u016f, aby pracovali proti sv\u00e9 vlastn\u00ed zemi.<\/p>\n<h6><span style=\"font-size: 18pt;\">Slovensko si dojednalo m\u00edsto o\u010dek\u00e1van\u00fdch 3 let jenom 8 m\u011bs\u00edc\u016f odkladu a Slovnaft nebude sm\u011bt vyv\u00e1\u017eet produkci z rusk\u00e9 ropy<\/span><\/h6>\n<p>Premi\u00e9r Heger odpov\u011bd\u011bl Sul\u00edkovi esemeskou, \u017ee tohle t\u00e9ma ji\u017e v Bruselu otev\u00edrat nebude, a \u017ee pokud to Sul\u00edk chce \u0159e\u0161it, a\u0165 se obr\u00e1t\u00ed na \u010cechy a na Ma\u010fary! Ano, sly\u0161\u00edte spr\u00e1vn\u011b. Slovensk\u00fd premi\u00e9r s v\u011bdom\u00edm, \u017ee po\u0161kozuje palivovou bezpe\u010dnost Slovenska, odpov\u011bd\u011bl vlastn\u00edmu ministrovi, \u017ee\u00a0<strong>pokud chce zachr\u00e1nit provoz a produkci Slovnaftu a zabr\u00e1nit zastaven\u00ed v\u00fdroby v podniku, \u017ee se m\u00e1 obr\u00e1tit na premi\u00e9ry ciz\u00edch zem\u00ed, na \u010desk\u00e9 a ma\u010farsk\u00e9 politiky.<\/strong>\u00a0Tento neuv\u011b\u0159iteln\u00fd \u010din tak vedl k tomu, \u017ee slovensk\u00fd premi\u00e9r nam\u00edsto 3-let\u00e9ho odkladu embarga na ruskou ropu zkr\u00e1til odklad pouze na 8 m\u011bs\u00edc\u016f, z\u0159ejm\u011b proto, aby se zal\u00edbil a zavd\u011b\u010dil americk\u00e9mu ministerstvu zahrani\u010d\u00ed.<\/p>\n<figure id=\"attachment_52004\" class=\"wp-caption aligncenter\" style=\"width: 691px;\"><a href=\"https:\/\/aeronet.news\/wp-content\/uploads\/EduardHegerDavos.jpg\"><img decoding=\"async\" loading=\"lazy\" class=\"wp-image-52004 \" src=\"https:\/\/aeronet.news\/wp-content\/uploads\/EduardHegerDavos-1024x651.jpg\" sizes=\"(max-width: 700px) 100vw, 700px\" srcset=\"https:\/\/aeronet.news\/wp-content\/uploads\/EduardHegerDavos-1024x651.jpg 1024w, https:\/\/aeronet.news\/wp-content\/uploads\/EduardHegerDavos-300x191.jpg 300w, https:\/\/aeronet.news\/wp-content\/uploads\/EduardHegerDavos-768x488.jpg 768w, https:\/\/aeronet.news\/wp-content\/uploads\/EduardHegerDavos-700x445.jpg 700w, https:\/\/aeronet.news\/wp-content\/uploads\/EduardHegerDavos-100x65.jpg 100w, https:\/\/aeronet.news\/wp-content\/uploads\/EduardHegerDavos-561x357.jpg 561w, https:\/\/aeronet.news\/wp-content\/uploads\/EduardHegerDavos-760x483.jpg 760w, https:\/\/aeronet.news\/wp-content\/uploads\/EduardHegerDavos.jpg 1280w\" alt=\"\" width=\"691\" height=\"439\" \/><\/a><figcaption class=\"wp-caption-text\">Slovensk\u00fd premi\u00e9r Eduard Heger v Davosu<\/figcaption><\/figure>\n<p>A nav\u00edc doslova za\u0159\u00edzl Slovnaft, proto\u017ee Heger v Bruselu nevyjednal pro rafin\u00e9rii \u017e\u00e1dnou v\u00fdjimku na export produkce Slovnaftu do EU. Nehnul pro z\u00e1chranu palivov\u00e9 bezpe\u010dnosti Slovenska podle v\u0161eho ani prstem, ale dokonce se z\u0159ejm\u011b zaslou\u017eil i o zkr\u00e1cen\u00ed lh\u016fty ze 3 let na 8 m\u011bs\u00edc\u016f, co\u017e prost\u011b Slovensko neustoj\u00ed.<\/p>\n<p><strong>Za tak kr\u00e1tkou dobu ani Slovnaft nemus\u00ed stihnout p\u0159estav\u011bt technologick\u00e9 za\u0159\u00edzen\u00ed z t\u011b\u017ek\u00e9 rusk\u00e9 ropy na lehk\u00fd Brent. A to i proto, \u017ee Slovnaft ji\u017e uvedl v m\u00e9di\u00edch, \u017ee bude na p\u0159estavbu pot\u0159ebovat dotace z Evropsk\u00e9 unie<\/strong>, kter\u00e9 jsou sice v pl\u00e1nu, ale v d\u016fsledku byrokracie se o nich ani je\u0161t\u011b neza\u010dalo jednat. Re\u00e1ln\u011b tak Slovensku hroz\u00ed, \u017ee Slovnaft nebude m\u00edt 1. 2. 2023 p\u0159estav\u011bnou technologii rafin\u00e9rie na lehkou ropu a na Slovensku vypukne palivov\u00e1 krize.<\/p>\n<h6><span style=\"font-size: 18pt;\">Ministr hospod\u00e1\u0159stv\u00ed si za\u010dal podle v\u0161eho kr\u00fdt z\u00e1da, aby teoreticky v budoucnu trestn\u00ed odpov\u011bdnost nespadla na jeho hlavu<\/span><\/h6>\n<p>Richard Sul\u00edk m\u00e1 pochopiteln\u011b strach a obavy, jinak by s tou esemeskou na pap\u00ed\u0159e ven na ve\u0159ejnost nevy\u0161el. Jedn\u00e1 se evidentn\u011b o snahu zbavit se zodpov\u011bdnosti za n\u011bco, co opravdu zav\u00e1n\u00ed vlastizradou.\u00a0<strong>Pokud premi\u00e9r v\u011bd\u011bl dop\u0159edu, \u017ee Slovnaft nedok\u00e1\u017ee vyr\u00e1b\u011bt paliva jen pro dom\u00e1c\u00ed trh kv\u016fli kapacitn\u00ed limitaci na \u00farovni technologick\u00e9ho za\u0159\u00edzen\u00ed, potom byl premi\u00e9r povinen v Bruselu zablokovat a vetovat embargo<\/strong>\u00a0na ruskou ropu, a to a\u017e do chv\u00edle, ne\u017e Slovensko dostane tu v\u00fdjimku, aby Slovnaft mohl produkty z rusk\u00e9 ropy vyv\u00e1\u017eet do EU po celou dobu platnosti v\u00fdjimky, a to po dobu 3 let. Premi\u00e9r mus\u00ed v\u011bd\u011bt, \u017ee Slovnaft nedok\u00e1\u017ee za 8 m\u011bs\u00edc\u016f, a to nav\u00edc v n\u00e1vaznosti na dota\u010dn\u00ed r\u00e1mec z EU, p\u0159estav\u011bt sv\u00e9 rafina\u010dn\u00ed za\u0159\u00edzen\u00ed na lehkou ropu.<\/p>\n<figure id=\"attachment_52007\" class=\"wp-caption aligncenter\" style=\"width: 690px;\"><a href=\"https:\/\/aeronet.news\/wp-content\/uploads\/RichardSulikMOL.jpg\"><img decoding=\"async\" loading=\"lazy\" class=\"wp-image-52007 \" src=\"https:\/\/aeronet.news\/wp-content\/uploads\/RichardSulikMOL-1024x635.jpg\" sizes=\"(max-width: 700px) 100vw, 700px\" srcset=\"https:\/\/aeronet.news\/wp-content\/uploads\/RichardSulikMOL-1024x635.jpg 1024w, https:\/\/aeronet.news\/wp-content\/uploads\/RichardSulikMOL-300x186.jpg 300w, https:\/\/aeronet.news\/wp-content\/uploads\/RichardSulikMOL-768x476.jpg 768w, https:\/\/aeronet.news\/wp-content\/uploads\/RichardSulikMOL-700x434.jpg 700w, https:\/\/aeronet.news\/wp-content\/uploads\/RichardSulikMOL-576x357.jpg 576w, https:\/\/aeronet.news\/wp-content\/uploads\/RichardSulikMOL-779x483.jpg 779w, https:\/\/aeronet.news\/wp-content\/uploads\/RichardSulikMOL.jpg 1280w\" alt=\"\" width=\"690\" height=\"428\" \/><\/a><figcaption class=\"wp-caption-text\">Ministr Richard Sul\u00edk ukazuje dopis od ma\u010farsk\u00e9 firmy MOL, majitele Slovnaftu<\/figcaption><\/figure>\n<p>A p\u0159esto podle v\u0161eho pr\u00e1v\u011b premi\u00e9r ten 3-let\u00fd odklad ze z\u00e1hadn\u00fdch d\u016fvod\u016f zkr\u00e1til na 8 m\u011bs\u00edc\u016f a ani p\u0159es varov\u00e1n\u00ed Sul\u00edka nesjednal v\u00fdjimku pro export produkce Slovnaftu do EU. Tohle podle pr\u00e1vn\u00edka, na kter\u00e9ho jsme se znovu obr\u00e1tili, opravdu balancuje na hran\u011b vlastizrady, pokud se napln\u00ed sc\u00e9n\u00e1\u0159 a na Slovensku vypukne palivov\u00e1 krize.<\/p>\n<p><strong>V\u011bdom\u00e9 uveden\u00ed Slovenska do palivov\u00e9 krize, s v\u011bdom\u00edm, \u017ee nejv\u011bt\u0161\u00ed poskytovatel paliv nedok\u00e1\u017ee vyr\u00e1b\u011bt jen pro dom\u00e1c\u00ed trh, je opravdu krok, kter\u00fd je mo\u017en\u00e9 pova\u017eovat za nep\u0159\u00e1telsk\u00fd krok proti Slovensku<\/strong>\u00a0a proti ob\u010dan\u016fm a jejich palivov\u00e9 bezpe\u010dnosti. A je-li takov\u00fd krok proveden premi\u00e9rem zem\u011b \u00famysln\u011b ve prosp\u011bch agendy ciz\u00ed zem\u011b nebo nadn\u00e1rodn\u00ed agendy, balancuje takov\u00fd krok na hran\u011b vlastizrady.<\/p>\n<h6><span style=\"font-size: 18pt;\">Podle pr\u00e1vn\u00edka podez\u0159en\u00ed na ma\u0159en\u00ed \u00fakolu ve\u0159ejn\u00e9ho \u010dinitele p\u0159i spr\u00e1v\u011b st\u00e1tu, anebo dokonce vlastizrada, pokud motivac\u00ed byl zahrani\u010dn\u00ed vliv<\/span><\/h6>\n<p>Podle pr\u00e1vn\u00edka ale p\u0159ipad\u00e1 v \u00favahu i m\u00edrn\u011bj\u0161\u00ed kvalifikace, a to nedbalostn\u00ed trestn\u00fd \u010din ma\u0159en\u00ed \u00fakolu ve\u0159ejn\u00e9ho \u010dinitele, na Slovensku je to\u00a0\u00a7 327 Tr. Z. v n\u00e1vaznosti na dal\u0161\u00ed p\u0159edpisy, co\u017e pln\u011b odpov\u00edd\u00e1 tomu, \u010deho se slovensk\u00fd premi\u00e9r dopustil. Pokud v\u0161ak tento nedbalostn\u00ed \u010din nevznikl nedbalost\u00ed, ale byl motivov\u00e1n osobn\u00edm z\u00e1jmem ve vztahu zavd\u011b\u010dit se ciz\u00ed mocnosti, ciz\u00ed zemi, mezin\u00e1rodn\u00edmu spole\u010denstv\u00ed koalice zem\u00ed proti Rusku, a to i s v\u011bdom\u00edm toho, \u017ee budou ohro\u017eeny z\u00e1jmy a energetick\u00e1 bezpe\u010dnost, potom je v\u0161e jinak.<\/p>\n<p><strong>Potom by se u\u017e nejednalo o nedbalostn\u00ed trestn\u00fd \u010din, ale skute\u010dn\u011b a doopravdy o vlastizradu, tedy o \u010dinnost ve prosp\u011bch ciz\u00ed mocnosti s c\u00edlem po\u0161kodit z\u00e1jmy vlastn\u00ed zem\u011b, \u010di bezpe\u010dnost obyvatelstva.<\/strong>\u00a0To by musela zjistit prokuratura a vy\u0161et\u0159ov\u00e1n\u00ed, jak\u00e1 byla motivace premi\u00e9ra, dod\u00e1v\u00e1 k tomu n\u00e1\u0161 kolega pr\u00e1vn\u00edk. Richard Sul\u00edk si je zjevn\u011b v\u011bdom roviny mo\u017en\u00e9ho trestn\u00e9ho \u010dinu p\u0159i spr\u00e1v\u011b ve\u0159ejn\u00e9ho z\u00e1jmu z pozice ve\u0159ejn\u00fdch \u010dinitel\u016f, proto\u017ee sankce proti Rusku balancuj\u00ed na velice tenk\u00e9 hran\u011b trestn\u00ed odpov\u011bdnosti politik\u016f k vlastn\u00ed zemi.<\/p>\n<figure id=\"attachment_51957\" class=\"wp-caption aligncenter\" style=\"width: 698px;\"><a href=\"https:\/\/aeronet.news\/wp-content\/uploads\/DruzbaPipelineRiver.jpg\"><img decoding=\"async\" loading=\"lazy\" class=\"wp-image-51957 \" src=\"https:\/\/aeronet.news\/wp-content\/uploads\/DruzbaPipelineRiver-1024x682.jpg\" sizes=\"(max-width: 700px) 100vw, 700px\" srcset=\"https:\/\/aeronet.news\/wp-content\/uploads\/DruzbaPipelineRiver-1024x682.jpg 1024w, https:\/\/aeronet.news\/wp-content\/uploads\/DruzbaPipelineRiver-300x200.jpg 300w, https:\/\/aeronet.news\/wp-content\/uploads\/DruzbaPipelineRiver-768x512.jpg 768w, https:\/\/aeronet.news\/wp-content\/uploads\/DruzbaPipelineRiver-700x466.jpg 700w, https:\/\/aeronet.news\/wp-content\/uploads\/DruzbaPipelineRiver-536x357.jpg 536w, https:\/\/aeronet.news\/wp-content\/uploads\/DruzbaPipelineRiver-725x483.jpg 725w, https:\/\/aeronet.news\/wp-content\/uploads\/DruzbaPipelineRiver.jpg 1280w\" alt=\"\" width=\"698\" height=\"465\" \/><\/a><figcaption class=\"wp-caption-text\">Ropovod z Ruska brzy p\u0159estane fungovat, bohat\u00ed lid\u00e9 v EU za\u010dnou jezdit v elektrick\u00fdch SUV autech a ti ostatn\u00ed na kolob\u011b\u017ek\u00e1ch<\/figcaption><\/figure>\n<p>Sankce toti\u017e dopadaj\u00ed nam\u00edsto na Rusko hlavn\u011b na evropsk\u00e9 zem\u011b, a to nen\u00ed \u00fapln\u011b p\u0159esn\u00e9 tvrzen\u00ed, nejsou to zem\u011b, ale p\u0159edev\u0161\u00edm dom\u00e1cnosti, obyvatelstvo a rovn\u011b\u017e pr\u016fmysl.\u00a0<strong>A politici, pokud v z\u00e1jmu mezin\u00e1rodn\u00ed agendy ciz\u00edch zem\u00ed, tedy mocnost\u00ed a spolk\u016f, up\u0159ednostn\u00ed z\u00e1jem zahrani\u010dn\u00edch subjekt\u016f nad z\u00e1jmy vlastn\u00edho obyvatelstva, potom takov\u00e9 kroky opravdu balancuj\u00ed na hran\u011b, a to jak ma\u0159en\u00ed \u00fakolu ve\u0159ejn\u00e9ho \u010dinitele, tak i vlastizrady.<\/strong>\u00a0Ve chv\u00edli, kdy budou paliva na p\u0159\u00edd\u011bl v prvn\u00ed f\u00e1z\u00ed, a v pozd\u011bj\u0161\u00ed f\u00e1zi u\u017e nebudou pro ve\u0159ejnost v\u016fbec, jenom pro vozy z\u00e1chrann\u00fdch slu\u017eeb, hasi\u010d\u016f, policie, z\u00e1sobov\u00e1n\u00ed potravinami a hromadn\u00e9 dopravy, tak v t\u00e9 chv\u00edli se za\u010dnou hledat vin\u00edci. A to i n\u011bkolik let zp\u011btn\u011b.<\/p>\n<p>Nedivil bych se, \u017ee mnoho \u010dlen\u016f sou\u010dasn\u00e9 slovensk\u00e9 vl\u00e1dy po p\u0159\u00ed\u0161t\u00edch volb\u00e1ch skon\u010d\u00ed v emigraci v USA. Za\u0159\u00edznout v p\u0159\u00edm\u00e9m p\u0159enosu nejv\u011bt\u0161\u00ed rafin\u00e9rii v zemi, kter\u00e1 sou\u010dasn\u011b st\u00e1tu odv\u00e1d\u011bla jedny z nejv\u011bt\u0161\u00edch dan\u00ed do st\u00e1tn\u00edch rozpo\u010dt\u016f, je toti\u017e bu\u010f politick\u00e1 sebevra\u017eda v d\u016fsledku nedbalosti a tot\u00e1ln\u00edho diletantismu ve\u0159ejn\u00e9ho \u010dinitele, anebo \u00famysln\u00fd trestn\u00fd \u010din vlastizrady v z\u00e1jmu ciz\u00ed z\u00e1mo\u0159sk\u00e9 mocnosti. Situaci na Slovensku proto budeme pozorn\u011b sledovat.<\/p>\n<p>-VK- \u0160\u00e9fredaktor AE News<\/p>\n<p><a href=\"https:\/\/aeronet.news\/video-skandal-okolo-zariznuti-slovnaftu-se-prohlubuje-a-ministr-hospodarstvi-praskl-na-slovenskeho-premiera-cin-ktery-podle-pravniku-balancuje-na-hrane-mareni-ukolu-verejneho-cinitele\/\">ZDROJ<\/a><\/p>\n<p>&nbsp;<\/p>\n","protected":false},"excerpt":{"rendered":"<p>Skand\u00e1l okolo za\u0159\u00edznut\u00ed Slovnaftu se prohlubuje a ministr hospod\u00e1\u0159stv\u00ed pr\u00e1skl na slovensk\u00e9ho premi\u00e9ra \u010din, kter\u00fd&#8230;<\/p>\n","protected":false},"author":2,"featured_media":11386,"comment_status":"closed","ping_status":"closed","sticky":false,"template":"","format":"standard","meta":[],"categories":[7],"tags":[1009,203,2516,1798],"_links":{"self":[{"href":"https:\/\/www.infokuryr.cz\/n\/wp-json\/wp\/v2\/posts\/11385"}],"collection":[{"href":"https:\/\/www.infokuryr.cz\/n\/wp-json\/wp\/v2\/posts"}],"about":[{"href":"https:\/\/www.infokuryr.cz\/n\/wp-json\/wp\/v2\/types\/post"}],"author":[{"embeddable":true,"href":"https:\/\/www.infokuryr.cz\/n\/wp-json\/wp\/v2\/users\/2"}],"replies":[{"embeddable":true,"href":"https:\/\/www.infokuryr.cz\/n\/wp-json\/wp\/v2\/comments?post=11385"}],"version-history":[{"count":0,"href":"https:\/\/www.infokuryr.cz\/n\/wp-json\/wp\/v2\/posts\/11385\/revisions"}],"wp:featuredmedia":[{"embeddable":true,"href":"https:\/\/www.infokuryr.cz\/n\/wp-json\/wp\/v2\/media\/11386"}],"wp:attachment":[{"href":"https:\/\/www.infokuryr.cz\/n\/wp-json\/wp\/v2\/media?parent=11385"}],"wp:term":[{"taxonomy":"category","embeddable":true,"href":"https:\/\/www.infokuryr.cz\/n\/wp-json\/wp\/v2\/categories?post=11385"},{"taxonomy":"post_tag","embeddable":true,"href":"https:\/\/www.infokuryr.cz\/n\/wp-json\/wp\/v2\/tags?post=11385"}],"curies":[{"name":"wp","href":"https:\/\/api.w.org\/{rel}","templated":true}]}}