{"id":11383,"date":"2022-06-09T01:15:29","date_gmt":"2022-06-08T23:15:29","guid":{"rendered":"http:\/\/www.infokuryr.cz\/n\/?p=11383"},"modified":"2022-06-08T20:07:45","modified_gmt":"2022-06-08T18:07:45","slug":"syrska-a-ruska-valecna-letadla-provedla-vojenska-cviceni","status":"publish","type":"post","link":"https:\/\/www.infokuryr.cz\/n\/2022\/06\/09\/syrska-a-ruska-valecna-letadla-provedla-vojenska-cviceni\/","title":{"rendered":"Syrsk\u00e1 a rusk\u00e1 v\u00e1le\u010dn\u00e1 letadla provedla vojensk\u00e1 cvi\u010den\u00ed"},"content":{"rendered":"<div id=\"fb-root\"><\/div>\n<p>Syrsk\u00e1 a rusk\u00e1 v\u00e1le\u010dn\u00e1 letadla v \u00fater\u00fd provedla vojensk\u00e1 cvi\u010den\u00ed uprost\u0159ed rostouc\u00edch izraelsk\u00fdch \u00fader\u016f, podle vojensk\u00e9ho prohl\u00e1\u0161en\u00ed vydan\u00e9ho syrsk\u00fdm ministerstvem obrany.<\/p>\n<p>Cvi\u010den\u00ed a hl\u00eddky se konaly pobl\u00ed\u017e Izraelem okupovan\u00fdch Golansk\u00fdch v\u00fd\u0161in v ji\u017en\u00ed S\u00fdrii a tak\u00e9 v severn\u00ed a v\u00fdchodn\u00ed \u010d\u00e1sti S\u00fdrie.<\/p>\n<p>Dva rusk\u00e9 proudov\u00e9 letouny SU-35 a \u0161est syrsk\u00fdch bojov\u00fdch letoun\u016f MiG se z\u00fa\u010dastnily cvi\u010den\u00ed, ve kter\u00fdch se st\u0159etly s nep\u0159\u00e1telsk\u00fdmi virtu\u00e1ln\u00edmi letouny a drony.<\/p>\n<p>\u010c\u00e1sti cvi\u010den\u00ed byly poprv\u00e9 provedeny ve\u010der, kde se syrsk\u00fdm trysk\u00e1\u010d\u016fm poda\u0159ilo zni\u010dit virtu\u00e1ln\u00ed c\u00edle, stoj\u00ed v prohl\u00e1\u0161en\u00ed.<\/p>\n<p><span style=\"font-size: 18pt;\"><strong>Minist\u0159i obrany z Ruska a Turecka jednali o S\u00fdrii, v\u00fdvozu obil\u00ed z Ukrajiny<\/strong><\/span><\/p>\n<p>Minist\u0159i obrany z Ruska a Turecka v \u00fatern\u00ed v\u00fdzv\u011b diskutovali o potenci\u00e1ln\u00edm koridoru pro v\u00fdvoz obil\u00ed z Ukrajiny a tak\u00e9 ze severn\u00ed S\u00fdrie, uvedlo tureck\u00e9 ministerstvo obrany.<\/p>\n<p>Tureck\u00fd ministr obrany Hulusi Akar b\u011bhem hovoru \u0159ekl rusk\u00e9mu prot\u011bj\u0161ku Sergei Shoigu, \u017ee \u201ebude poskytnuta nezbytn\u00e1 reakce na akce zam\u011b\u0159en\u00e9 na naru\u0161en\u00ed stability dosa\u017een\u00e9 v regionu a p\u0159\u00edtomnost terorist\u016f v regionu nen\u00ed p\u0159ijateln\u00e1,\u201c uvedlo tureck\u00e9 ministerstvo obrany v prohl\u00e1\u0161en\u00ed.<\/p>\n<p>V\u00fdzva p\u0159ich\u00e1z\u00ed pot\u00e9, co tureck\u00fd prezident Tayyip Erdogan p\u0159ed dv\u011bma t\u00fddny ozn\u00e1mil, \u017ee jeho zem\u011b zah\u00e1j\u00ed nov\u00e9 vojensk\u00e9 ofenzivy na sever S\u00fdrie zam\u011b\u0159en\u00e9 na kurdsk\u00e9 milice YPG.<\/p>\n<p>Turecko sd\u00edl\u00ed mo\u0159skou hranici s Ruskem a Ukrajinou v \u010cern\u00e9m mo\u0159i a pracuje na zprost\u0159edkov\u00e1n\u00ed. V\u00fdzva p\u0159ich\u00e1z\u00ed tak\u00e9 den p\u0159edt\u00edm, ne\u017e se minist\u0159i zahrani\u010d\u00ed obou zem\u00ed sejdou v Anka\u0159e k jedn\u00e1n\u00ed o \u00fasil\u00ed veden\u00e9m OSN otev\u0159\u00edt bezpe\u010dn\u00fd koridor pro ukrajinsk\u00e9 z\u00e1silky obil\u00ed a S\u00fdrii.<\/p>\n<p>Rusko-ukrajinsk\u00e9 konflikty od \u00fanora zastavily v\u00fdvoz obil\u00ed z Kyjeva do \u010cern\u00e9ho mo\u0159e, co\u017e ohro\u017euje glob\u00e1ln\u00ed potravinovou krizi.<\/p>\n<p>Akar a Shoigu vyhodnotily \u201ev\u0161echna opat\u0159en\u00ed, kter\u00e1 lze p\u0159ijmout, pokud jde o bezpe\u010dnou p\u0159epravu obil\u00ed, slune\u010dnice a v\u0161ech dal\u0161\u00edch zem\u011bd\u011blsk\u00fdch produkt\u016f,\u201c uvedlo tureck\u00e9 ministerstvo obrany.<\/p>\n<p>Akar ji\u017e d\u0159\u00edve uvedl, \u017ee Turecko je v kontaktu s Ruskem a Ukrajinou k brzk\u00e9mu ukon\u010den\u00ed \u00fasil\u00ed.<\/p>\n<p><img decoding=\"async\" loading=\"lazy\" class=\"alignnone size-full wp-image-1185\" src=\"http:\/\/www.infokuryr.cz\/n\/wp-content\/uploads\/2021\/04\/kuryr-podpis.png\" alt=\"\" width=\"84\" height=\"24\" \/><\/p>\n<p>&nbsp;<\/p>\n","protected":false},"excerpt":{"rendered":"<p>Syrsk\u00e1 a rusk\u00e1 v\u00e1le\u010dn\u00e1 letadla v \u00fater\u00fd provedla vojensk\u00e1 cvi\u010den\u00ed uprost\u0159ed rostouc\u00edch izraelsk\u00fdch \u00fader\u016f, podle&#8230;<\/p>\n","protected":false},"author":2,"featured_media":2818,"comment_status":"closed","ping_status":"closed","sticky":false,"template":"","format":"standard","meta":[],"categories":[7],"tags":[304,2023,22,147,55],"_links":{"self":[{"href":"https:\/\/www.infokuryr.cz\/n\/wp-json\/wp\/v2\/posts\/11383"}],"collection":[{"href":"https:\/\/www.infokuryr.cz\/n\/wp-json\/wp\/v2\/posts"}],"about":[{"href":"https:\/\/www.infokuryr.cz\/n\/wp-json\/wp\/v2\/types\/post"}],"author":[{"embeddable":true,"href":"https:\/\/www.infokuryr.cz\/n\/wp-json\/wp\/v2\/users\/2"}],"replies":[{"embeddable":true,"href":"https:\/\/www.infokuryr.cz\/n\/wp-json\/wp\/v2\/comments?post=11383"}],"version-history":[{"count":1,"href":"https:\/\/www.infokuryr.cz\/n\/wp-json\/wp\/v2\/posts\/11383\/revisions"}],"predecessor-version":[{"id":11384,"href":"https:\/\/www.infokuryr.cz\/n\/wp-json\/wp\/v2\/posts\/11383\/revisions\/11384"}],"wp:featuredmedia":[{"embeddable":true,"href":"https:\/\/www.infokuryr.cz\/n\/wp-json\/wp\/v2\/media\/2818"}],"wp:attachment":[{"href":"https:\/\/www.infokuryr.cz\/n\/wp-json\/wp\/v2\/media?parent=11383"}],"wp:term":[{"taxonomy":"category","embeddable":true,"href":"https:\/\/www.infokuryr.cz\/n\/wp-json\/wp\/v2\/categories?post=11383"},{"taxonomy":"post_tag","embeddable":true,"href":"https:\/\/www.infokuryr.cz\/n\/wp-json\/wp\/v2\/tags?post=11383"}],"curies":[{"name":"wp","href":"https:\/\/api.w.org\/{rel}","templated":true}]}}