{"id":11375,"date":"2022-06-09T01:11:12","date_gmt":"2022-06-08T23:11:12","guid":{"rendered":"http:\/\/www.infokuryr.cz\/n\/?p=11375"},"modified":"2022-06-08T18:41:15","modified_gmt":"2022-06-08T16:41:15","slug":"nikaragua-povolila-pritomnost-ruske-armady-pro-humanitarni-ucely","status":"publish","type":"post","link":"https:\/\/www.infokuryr.cz\/n\/2022\/06\/09\/nikaragua-povolila-pritomnost-ruske-armady-pro-humanitarni-ucely\/","title":{"rendered":"Nikaragua povolila p\u0159\u00edtomnost rusk\u00e9 arm\u00e1dy pro humanit\u00e1rn\u00ed \u00fa\u010dely"},"content":{"rendered":"<div id=\"fb-root\"><\/div>\n<h2 class=\"article__second-title\"><span>Nikaragujsk\u00fd prezident Ortega povolil p\u0159\u00edtomnost rusk\u00e9 arm\u00e1dy pro humanit\u00e1rn\u00ed \u00fa\u010dely<\/span><\/h2>\n<p>Nikaragujsk\u00fd prezident Daniel Ortega povolil v zemi do\u010dasnou p\u0159\u00edtomnost zahrani\u010dn\u00ed arm\u00e1dy a to z Ruska, pro humanit\u00e1rn\u00ed \u00fa\u010dely, vypl\u00fdv\u00e1 z v\u00fdnosu hlavy st\u00e1tu v ofici\u00e1ln\u00edch novin\u00e1ch \u00fa\u0159ad\u016f <a href=\"https:\/\/www.lagaceta.gob.ni\/la-gaceta-n%C2%BA-104-mi%C3%A9rcoles-08-de-junio-de-2022\/\">La Gaceta<\/a>\u00a0.<\/p>\n<p>&#8222;Vstup ciz\u00ed arm\u00e1dy, lod\u00ed a letadel pro humanit\u00e1rn\u00ed \u00fa\u010dely je povolen.\u00a0 Na \u00fazem\u00ed zem\u011b je povoleno proj\u00ed\u017ed\u011bt a um\u00edstit arm\u00e1du, lod\u011b a letadla zem\u00ed za\u0159azen\u00fdch do konference ozbrojen\u00fdch sil St\u0159edn\u00ed Ameriky (Guatemala, Salvador, Honduras, Dominik\u00e1nsk\u00e1 republika), USA, Rusku, Mexiku, Venezuele, Kub\u011b za vz\u00e1jemnou v\u00fdm\u011bnu a humanit\u00e1rn\u00ed podporu ve spole\u010dn\u00fdch z\u00e1jmech v mimo\u0159\u00e1dn\u00fdch situac\u00edch,\u201c p\u00ed\u0161e se v dokumentu.<\/p>\n<p>Up\u0159es\u0148uje se, \u017ee takov\u00e9 povolen\u00ed bude platn\u00e9 ve druh\u00e9 polovin\u011b leto\u0161n\u00edho roku.<\/p>\n<p>Dekret tak\u00e9 uv\u00e1d\u00ed, \u017ee rusk\u00e1 arm\u00e1da se bude moci \u00fa\u010dastnit humanit\u00e1rn\u00edch cvi\u010den\u00ed, vyhled\u00e1v\u00e1n\u00ed a z\u00e1chrany osob v mimo\u0159\u00e1dn\u00fdch situac\u00edch a p\u0159i p\u0159\u00edrodn\u00edch katastrof\u00e1ch, jako\u017e i cvi\u010den\u00ed pro boj s kriminalitou na mo\u0159i ve vod\u00e1ch\u00a0<a href=\"http:\/\/ria.ru\/location_Nicaragua\/\">Nikaraguy.<\/a><\/p>\n<p><img decoding=\"async\" loading=\"lazy\" class=\"alignnone size-full wp-image-1185\" src=\"http:\/\/www.infokuryr.cz\/n\/wp-content\/uploads\/2021\/04\/kuryr-podpis.png\" alt=\"\" width=\"84\" height=\"24\" \/><\/p>\n<p>&nbsp;<\/p>\n","protected":false},"excerpt":{"rendered":"<p>Nikaragujsk\u00fd prezident Ortega povolil p\u0159\u00edtomnost rusk\u00e9 arm\u00e1dy pro humanit\u00e1rn\u00ed \u00fa\u010dely Nikaragujsk\u00fd prezident Daniel Ortega povolil&#8230;<\/p>\n","protected":false},"author":2,"featured_media":11376,"comment_status":"closed","ping_status":"closed","sticky":false,"template":"","format":"standard","meta":[],"categories":[7],"tags":[80,1562,165,22],"_links":{"self":[{"href":"https:\/\/www.infokuryr.cz\/n\/wp-json\/wp\/v2\/posts\/11375"}],"collection":[{"href":"https:\/\/www.infokuryr.cz\/n\/wp-json\/wp\/v2\/posts"}],"about":[{"href":"https:\/\/www.infokuryr.cz\/n\/wp-json\/wp\/v2\/types\/post"}],"author":[{"embeddable":true,"href":"https:\/\/www.infokuryr.cz\/n\/wp-json\/wp\/v2\/users\/2"}],"replies":[{"embeddable":true,"href":"https:\/\/www.infokuryr.cz\/n\/wp-json\/wp\/v2\/comments?post=11375"}],"version-history":[{"count":1,"href":"https:\/\/www.infokuryr.cz\/n\/wp-json\/wp\/v2\/posts\/11375\/revisions"}],"predecessor-version":[{"id":11377,"href":"https:\/\/www.infokuryr.cz\/n\/wp-json\/wp\/v2\/posts\/11375\/revisions\/11377"}],"wp:featuredmedia":[{"embeddable":true,"href":"https:\/\/www.infokuryr.cz\/n\/wp-json\/wp\/v2\/media\/11376"}],"wp:attachment":[{"href":"https:\/\/www.infokuryr.cz\/n\/wp-json\/wp\/v2\/media?parent=11375"}],"wp:term":[{"taxonomy":"category","embeddable":true,"href":"https:\/\/www.infokuryr.cz\/n\/wp-json\/wp\/v2\/categories?post=11375"},{"taxonomy":"post_tag","embeddable":true,"href":"https:\/\/www.infokuryr.cz\/n\/wp-json\/wp\/v2\/tags?post=11375"}],"curies":[{"name":"wp","href":"https:\/\/api.w.org\/{rel}","templated":true}]}}