{"id":11373,"date":"2022-06-09T01:10:29","date_gmt":"2022-06-08T23:10:29","guid":{"rendered":"http:\/\/www.infokuryr.cz\/n\/?p=11373"},"modified":"2022-06-08T18:31:52","modified_gmt":"2022-06-08T16:31:52","slug":"za-inflaci-je-odpovedny-fed-a-nikdo-jiny","status":"publish","type":"post","link":"https:\/\/www.infokuryr.cz\/n\/2022\/06\/09\/za-inflaci-je-odpovedny-fed-a-nikdo-jiny\/","title":{"rendered":"Za inflaci je odpov\u011bdn\u00fd Fed a nikdo jin\u00fd"},"content":{"rendered":"<div id=\"fb-root\"><\/div>\n<div class=\"elementor-element elementor-element-1fb4c2c elementor-widget elementor-widget-theme-post-content\" data-id=\"1fb4c2c\" data-element_type=\"widget\" data-widget_type=\"theme-post-content.default\">\n<div class=\"elementor-widget-container\">\n<p><strong>Podle koment\u00e1tor\u016f v mainstreamov\u00e9m tisku a r\u016fzn\u00fdch feder\u00e1ln\u00edch p\u0159edstavitel\u016f je inflace jako koronavirus.\u00a0\u0160\u00ed\u0159\u00ed se po cel\u00e9m sv\u011bt\u011b a zasahuje r\u016fzn\u00e9 zem\u011b r\u016fzn\u00fdmi zp\u016fsoby.\u00a0N\u011bkdy se v ur\u010dit\u00e9 zemi objev\u00ed jen m\u00edrn\u00e9 p\u0159\u00edznaky, ale n\u011bkdy se objev\u00ed i z\u00e1va\u017en\u011bj\u0161\u00ed p\u0159\u00edznaky, jako nap\u0159\u00edklad Covid.\u00a0Nyn\u00ed, kdy\u017e infla\u010dn\u00ed virus zas\u00e1hl Ameriku, mainstreamov\u00e1 m\u00e9dia a \u00fa\u0159ady vym\u00fd\u0161lej\u00ed nejr\u016fzn\u011bj\u0161\u00ed zp\u016fsoby, jak tento probl\u00e9m vy\u0159e\u0161it.<\/strong><\/p>\n<p><span>To v\u0161e je samoz\u0159ejm\u011b naprost\u00fd nesmysl.\u00a0Existuje jedna \u2013 a jedin\u00e1 \u2013 autorita odpov\u011bdn\u00e1 za inflaci pen\u011b\u017en\u00ed z\u00e1soby.\u00a0T\u00edm org\u00e1nem je Feder\u00e1ln\u00ed rezervn\u00ed syst\u00e9m (FED).<\/span><\/p>\n<p><span>Uve\u010fme v\u011bci do \u0161ir\u0161\u00edho kontextu.\u00a0Kdy\u017e se americk\u00fd ekonomick\u00fd a politick\u00fd syst\u00e9m transformoval na soci\u00e1ln\u00ed st\u00e1t a pozd\u011bji na st\u00e1t n\u00e1rodn\u00ed bezpe\u010dnosti, zast\u00e1nci tohoto nov\u00e9ho syst\u00e9mu soci\u00e1ln\u00edho a v\u00e1le\u010dn\u00e9ho st\u00e1tu v\u011bd\u011bli, \u017ee feder\u00e1ln\u00ed v\u00fddaje raketov\u011b porostou.<\/span><\/p>\n<p><span>Obvykle to znamen\u00e1 vy\u0161\u0161\u00ed dan\u011b.\u00a0To je jedin\u00fd zp\u016fsob, jak m\u016f\u017ee vl\u00e1da utr\u00e1cet pen\u00edze.\u00a0Aby z\u00edskala pen\u00edze na \u00fatratu, mus\u00ed je nejprve lidem odebrat ve form\u011b dan\u00ed.<\/span><\/p>\n<p><span>\u00da\u0159edn\u00edci ale v\u011bd\u00ed, \u017ee lidem vad\u00ed, \u017ee se jim ve form\u011b dan\u00ed bere st\u00e1le v\u00edce jejich p\u0159\u00edjm\u016f a \u00faspor.\u00a0St\u00e1tn\u00ed \u00fa\u0159edn\u00edci si tedy berou p\u016fj\u010dky a postupn\u011b se zadlu\u017euj\u00ed.<\/span><\/p>\n<p><span>Tento dluh ale mus\u00ed b\u00fdt nakonec splacen.\u00a0Zde vstupuje do hry Feder\u00e1ln\u00ed rezervn\u00ed syst\u00e9m.\u00a0Z tohoto d\u016fvodu byl zalo\u017een v roce 1913. Jejich zalo\u017een\u00edm byly vytvo\u0159eny podm\u00ednky pro spl\u00e1cen\u00ed st\u00e1tn\u00edho dluhu nov\u011b nati\u0161t\u011bn\u00fdmi pen\u011bzi.\u00a0To byl od za\u010d\u00e1tku \u00fa\u010del FEDu.<\/span><\/p>\n<p><span>P\u0159edstavte si, \u017ee jste osobn\u011b utratili tolik pen\u011bz, \u017ee dlu\u017e\u00edte spole\u010dnostem vyd\u00e1vaj\u00edc\u00edm kreditn\u00ed karty 250 000 USD.\u00a0P\u0159edstavte si, \u017ee m\u00e1te doma tiska\u0159sk\u00fd stroj, kter\u00fd m\u016f\u017eete pou\u017e\u00edt k tisku 100dolarov\u00fdch bankovek.\u00a0Jednodu\u0161e vytisknete 250 000 $ a pou\u017eijete nov\u011b vyti\u0161t\u011bn\u00e9 pen\u00edze na splacen\u00ed sv\u00e9ho dluhu.\u00a0Pak tiskn\u011bte st\u00e1le v\u00edce pen\u011bz, abyste mohli nad\u00e1le utr\u00e1cet podle sv\u00e9ho.\u00a0Nebylo by to hezk\u00e9?<\/span><\/p>\n<p><span>Jeden probl\u00e9m je samoz\u0159ejm\u011b v tom, \u017ee t\u00edm znehodnocujete pen\u00edze v\u0161ech ostatn\u00edch.\u00a0Dal\u0161\u00edm probl\u00e9mem je, \u017ee to, co d\u011bl\u00e1te, je nez\u00e1konn\u00e9.\u00a0Zlo\u010din se naz\u00fdv\u00e1 pad\u011bl\u00e1n\u00ed.<\/span><\/p>\n<p><span>To je v podstat\u011b to, co FED d\u011bl\u00e1 ji\u017e v\u00edce ne\u017e 100 let. Jednodu\u0161e vytiskl pen\u00edze, aby umo\u017enil \u00fa\u0159edn\u00edk\u016fm pokr\u00fdt soci\u00e1ln\u00ed a v\u00e1le\u010dn\u00e9 st\u00e1tn\u00ed v\u00fddaje a dluhy. Tato inflace pen\u011b\u017en\u00ed z\u00e1soby, desetilet\u00ed za dek\u00e1dou, sni\u017eovala hodnotu pen\u011bz v\u0161ech.<\/span><\/p>\n<p><span>Dnes je feder\u00e1ln\u00ed dluh 30 bilion\u016f dolar\u016f.\u00a0Neexistuje \u017e\u00e1dn\u00fd pl\u00e1n zda\u0148ovat lidi p\u0159\u00edmo, aby splatili tento dluh.\u00a0Tady vstupuje do hry FED. Va\u0161\u00edm \u00fakolem je vytisknout pen\u00edze na splacen\u00ed dluhu.\u00a0Jejich \u00fakolem je tak\u00e9 neust\u00e1le tisknout pen\u00edze, aby p\u0159edstavitel\u00e9 soci\u00e1ln\u00edho st\u00e1tu mohli nad\u00e1le utr\u00e1cet podle sv\u00e9ho, zejm\u00e9na na Ukrajin\u011b.<\/span><\/p>\n<p><span>Levn\u011bj\u0161\u00ed pen\u00edze se mohou projevit pouze jedn\u00edm zp\u016fsobem \u2013 vy\u0161\u0161\u00edmi cenami v\u011bc\u00ed, kter\u00e9 si za pen\u00edze lze koupit.\u00a0Jin\u00fdmi slovy, nafukov\u00e1n\u00edm pen\u011b\u017en\u00ed z\u00e1soby Feder\u00e1ln\u00ed rezervn\u00ed syst\u00e9m sni\u017euje hodnotu pen\u011bz v\u0161ech.\u00a0Toto znehodnocen\u00ed se odr\u00e1\u017e\u00ed ve vy\u0161\u0161\u00edch cen\u00e1ch.<\/span><\/p>\n<p><span>Mnoho koment\u00e1tor\u016f v mainstreamov\u00e9m tisku a mnoho feder\u00e1ln\u00edch \u00fa\u0159edn\u00edk\u016f to prost\u011b nech\u00e1pe, co\u017e odr\u00e1\u017e\u00ed indoktrinaci, kter\u00e9 se lidem dost\u00e1v\u00e1 ve ve\u0159ejn\u00e9m \u0161kolstv\u00ed, jak na \u0161kol\u00e1ch, tak na univerzit\u00e1ch.\u00a0Zam\u011b\u0159uj\u00ed se na rostouc\u00ed ceny a ozna\u010duj\u00ed to jako \u201einflaci\u201c.\u00a0Netu\u0161\u00ed, \u017ee rostouc\u00ed ceny jsou v\u00fdsledkem rozhodnut\u00ed Feder\u00e1ln\u00edho rezervn\u00edho syst\u00e9mu nafouknout pen\u011b\u017en\u00ed z\u00e1sobu, aby pokryly rostouc\u00ed v\u00fddaje a dluhy soci\u00e1ln\u00edho a v\u00e1le\u010dn\u00e9ho zp\u016fsobu \u017eivota.<\/span><\/p>\n<p><span>To je d\u016fvod, pro\u010d mainstreamov\u00fd tisk a \u00fa\u0159edn\u00edci p\u0159ich\u00e1zej\u00ed s sm\u011b\u0161n\u00fdmi n\u00e1vrhy, jako jsou cenov\u00e9 kontroly a tla\u010d\u00edtka \u201eWhip Inflation Now!\u201c, aby je lid\u00e9 nosili.\u00a0Jen se nedok\u00e1\u017eou p\u0159im\u011bt k tomu, aby vid\u011bli, \u017ee probl\u00e9mem inflace je samotn\u00fd Feder\u00e1ln\u00ed rezervn\u00ed syst\u00e9m a ve v\u011bt\u0161\u00ed m\u00ed\u0159e o\u0161kliv\u00e9 selh\u00e1n\u00ed soci\u00e1ln\u00edho a v\u00e1le\u010dn\u00e9ho st\u00e1tu, kter\u00fd dnes Ameri\u010dan\u00e9 p\u0159ijali a internalizovali.<\/span><\/p>\n<p><span>Pokra\u010dov\u00e1n\u00ed sou\u010dasn\u00e9ho kurzu neskon\u010d\u00ed pro americk\u00fd lid dob\u0159e.\u00a0Jedin\u00e9 skute\u010dn\u00e9 \u0159e\u0161en\u00ed tohoto m\u011bnov\u00e9ho chaosu je dvoj\u00ed: (1) zru\u0161it americk\u00fd soci\u00e1ln\u00ed a v\u00e1le\u010dn\u00fd st\u00e1t a obnovit svobodnou tr\u017en\u00ed ekonomiku a republiku s omezenou vl\u00e1dou a (2) zru\u0161it Feder\u00e1ln\u00ed rezervn\u00ed syst\u00e9m a obnovit zdrav\u00e9 pen\u00edze v Americe. .<\/span><\/p>\n<\/div>\n<\/div>\n<div class=\"elementor-element elementor-element-8c57238 quelle dc-has-condition dc-condition-empty elementor-widget elementor-widget-heading\" data-id=\"8c57238\" data-element_type=\"widget\" data-widget_type=\"heading.default\">\n<div class=\"elementor-widget-container\">\n<h3 class=\"elementor-heading-title elementor-size-default\"><span style=\"font-size: 8pt;\"><a href=\"https:\/\/www.fff.org\/2022\/06\/06\/the-fed-and-no-one-else-is-responsible-for-inflation\/\" target=\"_blank\" rel=\"nofollow noopener\">ZDROJ<\/a><\/span><\/h3>\n<p>&nbsp;<\/p>\n<\/div>\n<\/div>\n","protected":false},"excerpt":{"rendered":"<p>Podle koment\u00e1tor\u016f v mainstreamov\u00e9m tisku a r\u016fzn\u00fdch feder\u00e1ln\u00edch p\u0159edstavitel\u016f je inflace jako koronavirus.\u00a0\u0160\u00ed\u0159\u00ed se po&#8230;<\/p>\n","protected":false},"author":2,"featured_media":6977,"comment_status":"closed","ping_status":"closed","sticky":false,"template":"","format":"standard","meta":[],"categories":[7],"tags":[1324,426,683,371,90],"_links":{"self":[{"href":"https:\/\/www.infokuryr.cz\/n\/wp-json\/wp\/v2\/posts\/11373"}],"collection":[{"href":"https:\/\/www.infokuryr.cz\/n\/wp-json\/wp\/v2\/posts"}],"about":[{"href":"https:\/\/www.infokuryr.cz\/n\/wp-json\/wp\/v2\/types\/post"}],"author":[{"embeddable":true,"href":"https:\/\/www.infokuryr.cz\/n\/wp-json\/wp\/v2\/users\/2"}],"replies":[{"embeddable":true,"href":"https:\/\/www.infokuryr.cz\/n\/wp-json\/wp\/v2\/comments?post=11373"}],"version-history":[{"count":1,"href":"https:\/\/www.infokuryr.cz\/n\/wp-json\/wp\/v2\/posts\/11373\/revisions"}],"predecessor-version":[{"id":11374,"href":"https:\/\/www.infokuryr.cz\/n\/wp-json\/wp\/v2\/posts\/11373\/revisions\/11374"}],"wp:featuredmedia":[{"embeddable":true,"href":"https:\/\/www.infokuryr.cz\/n\/wp-json\/wp\/v2\/media\/6977"}],"wp:attachment":[{"href":"https:\/\/www.infokuryr.cz\/n\/wp-json\/wp\/v2\/media?parent=11373"}],"wp:term":[{"taxonomy":"category","embeddable":true,"href":"https:\/\/www.infokuryr.cz\/n\/wp-json\/wp\/v2\/categories?post=11373"},{"taxonomy":"post_tag","embeddable":true,"href":"https:\/\/www.infokuryr.cz\/n\/wp-json\/wp\/v2\/tags?post=11373"}],"curies":[{"name":"wp","href":"https:\/\/api.w.org\/{rel}","templated":true}]}}