{"id":11370,"date":"2022-06-09T01:08:10","date_gmt":"2022-06-08T23:08:10","guid":{"rendered":"http:\/\/www.infokuryr.cz\/n\/?p=11370"},"modified":"2022-06-08T18:25:55","modified_gmt":"2022-06-08T16:25:55","slug":"nizozemska-novinarka-konci-na-ukrajinskem-seznamu-smrti-po-odhaleni-valecnych-zlocinu","status":"publish","type":"post","link":"https:\/\/www.infokuryr.cz\/n\/2022\/06\/09\/nizozemska-novinarka-konci-na-ukrajinskem-seznamu-smrti-po-odhaleni-valecnych-zlocinu\/","title":{"rendered":"Nizozemsk\u00e1 novin\u00e1\u0159ka kon\u010d\u00ed na ukrajinsk\u00e9m &#8222;seznamu smrti&#8220; po odhalen\u00ed v\u00e1le\u010dn\u00fdch zlo\u010din\u016f!"},"content":{"rendered":"<div id=\"fb-root\"><\/div>\n<p><strong>Novin\u00e1\u0159ka Sonja van den Endeov\u00e1 byla minul\u00fd m\u011bs\u00edc p\u0159ed OSN sv\u011bdkem zlo\u010din\u016f sp\u00e1chan\u00fdch v Marioepolu, zejm\u00e9na ukrajinsk\u00fdm praporem Azov. &#8222;Byla jsem tam v Marioepolu.&#8220; Bylo roz\u0161\u00ed\u0159eno tolik fale\u0161n\u00fdch p\u0159\u00edb\u011bh\u016f, \u017ee v Marioepolu nen\u00ed jedin\u00fd holandsk\u00fd novin\u00e1\u0159. To jsou fale\u0161n\u00e9 p\u0159\u00edb\u011bhy v mainstreamov\u00fdch m\u00e9di\u00edch,\u201c povzdechne si.<\/strong><\/p>\n<p>\u201eAle kdy\u017e cestujete s ruskou arm\u00e1dou do \u201aodtr\u017een\u00fdch\u2018 republik Don\u011bck a Luhansk, jako jsem to ud\u011blala j\u00e1, abyste vid\u011bli, co se skute\u010dn\u011b d\u011bje, jste \u201asvobodn\u00fdm\u2018 Z\u00e1padem a ukrajinsko\/americk\u00fdm \u201aseznamem vra\u017ed pova\u017eov\u00e1ni za teroristu. \u201c, na\u0159\u00edk\u00e1 Van den Ende. Je to web Myrotvorets, co\u017e znamen\u00e1 \u201etv\u016frce m\u00edru\u201c.<\/p>\n<p>Poukazuje na to, \u017ee na tomto seznamu nep\u0159\u00e1tel jsou i ma\u010farsk\u00fd prezident Orban a Kissinger. <strong>Proto zat\u00edm z\u016fst\u00e1v\u00e1m v Rusku, proto\u017ee seznam financuje CIA a EU,&#8220; p\u00ed\u0161e novin\u00e1\u0159ka na sv\u00e9m\u00a0<\/strong><strong><a href=\"https:\/\/freesuriyah.eu\/?p=6510\" target=\"_blank\" rel=\"noreferrer noopener\" data-type=\"URL\" data-id=\"https:\/\/freesuriyah.eu\/?p=6510\">webu<\/a>\u00a0.<\/strong><\/p>\n<p>Tato str\u00e1nka obsahuje mimo jin\u00e9 vojensk\u00fd person\u00e1l, vl\u00e1dn\u00ed \u00fa\u0159edn\u00edky, u\u017eivatele soci\u00e1ln\u00edch s\u00edt\u00ed a novin\u00e1\u0159e.\u00a0Orban byl p\u0159id\u00e1n 6. dubna.\u00a0Web o n\u011bm hovo\u0159\u00ed jako o <strong>\u201espoluvin\u00edkovi rusk\u00fdch v\u00e1le\u010dn\u00fdch zlo\u010dinc\u016f\u201c.<\/strong><\/p>\n<p>Kissinger (99) zapsali pot\u00e9, co na Sv\u011btov\u00e9m ekonomick\u00e9m f\u00f3ru v Davosu promluvil, \u017ee rusk\u00e9 podn\u011bcov\u00e1n\u00ed je hrozbou pro stabilitu v Evrop\u011b.<\/p>\n<p>N\u011bkolika novin\u00e1\u0159\u016fm na seznamu bylo vyhro\u017eov\u00e1no.\u00a0Ukrajinsk\u00fd novin\u00e1\u0159 Oles Boezina zem\u0159el n\u011bkolik dn\u00ed pot\u00e9, co se jeho jm\u00e9no objevilo na seznamu.\u00a0Byl zast\u0159elen v Kyjev\u011b.<\/p>\n<p>N\u011bkter\u00e9 ukrajinsk\u00e9 soudy p\u0159ij\u00edmaj\u00ed informace shrom\u00e1\u017ed\u011bn\u00e9 spole\u010dnost\u00ed Myrotvorets jako d\u016fkaz.\u00a0Loni Evropsk\u00fd parlament po\u017e\u00e1dal Ukrajinu, aby str\u00e1nky zak\u00e1zala, ale prezident Zelenskyj \u0159ekl, \u017ee to nen\u00ed v jeho kompetenci. Ukrajinsk\u00e1 vl\u00e1da st\u00e1le nepodnikla \u017e\u00e1dn\u00e9 kroky proti tomuto \u201eseznamu smrti\u201c.<\/p>\n<p>&#8222;EU je sr\u00e1\u017eena dol\u016f vlastn\u00ed propagandou, v\u00e1lkami a krimin\u00e1ln\u00edmi aktivitami,&#8220; zd\u016fraznila Van den Ende.\u00a0 Ty jsou p\u0159ev\u00e1\u017en\u011b: &#8222;Nez\u00e1konn\u00e9, nespr\u00e1vn\u011b testovan\u00e9 o\u010dkov\u00e1n\u00ed, distribuce biologick\u00fdch zbran\u00ed, vytv\u00e1\u0159en\u00ed a podpora \u017eold\u00e1k\u016f, jako jsou d\u017eih\u00e1dist\u00e9 \u200b\u200ba neonacist\u00e9 na Bl\u00edzk\u00e9m v\u00fdchod\u011b a na Ukrajin\u011b, kte\u0159\u00ed zabili tis\u00edce lid\u00ed.&#8220;<\/p>\n<p><img decoding=\"async\" loading=\"lazy\" class=\"alignnone size-full wp-image-1185\" src=\"http:\/\/www.infokuryr.cz\/n\/wp-content\/uploads\/2021\/04\/kuryr-podpis.png\" alt=\"\" width=\"84\" height=\"24\" \/><\/p>\n<p>&nbsp;<\/p>\n","protected":false},"excerpt":{"rendered":"<p>Novin\u00e1\u0159ka Sonja van den Endeov\u00e1 byla minul\u00fd m\u011bs\u00edc p\u0159ed OSN sv\u011bdkem zlo\u010din\u016f sp\u00e1chan\u00fdch v Marioepolu,&#8230;<\/p>\n","protected":false},"author":2,"featured_media":11371,"comment_status":"closed","ping_status":"closed","sticky":false,"template":"","format":"standard","meta":[],"categories":[7],"tags":[41,2089,2552,82,26],"_links":{"self":[{"href":"https:\/\/www.infokuryr.cz\/n\/wp-json\/wp\/v2\/posts\/11370"}],"collection":[{"href":"https:\/\/www.infokuryr.cz\/n\/wp-json\/wp\/v2\/posts"}],"about":[{"href":"https:\/\/www.infokuryr.cz\/n\/wp-json\/wp\/v2\/types\/post"}],"author":[{"embeddable":true,"href":"https:\/\/www.infokuryr.cz\/n\/wp-json\/wp\/v2\/users\/2"}],"replies":[{"embeddable":true,"href":"https:\/\/www.infokuryr.cz\/n\/wp-json\/wp\/v2\/comments?post=11370"}],"version-history":[{"count":1,"href":"https:\/\/www.infokuryr.cz\/n\/wp-json\/wp\/v2\/posts\/11370\/revisions"}],"predecessor-version":[{"id":11372,"href":"https:\/\/www.infokuryr.cz\/n\/wp-json\/wp\/v2\/posts\/11370\/revisions\/11372"}],"wp:featuredmedia":[{"embeddable":true,"href":"https:\/\/www.infokuryr.cz\/n\/wp-json\/wp\/v2\/media\/11371"}],"wp:attachment":[{"href":"https:\/\/www.infokuryr.cz\/n\/wp-json\/wp\/v2\/media?parent=11370"}],"wp:term":[{"taxonomy":"category","embeddable":true,"href":"https:\/\/www.infokuryr.cz\/n\/wp-json\/wp\/v2\/categories?post=11370"},{"taxonomy":"post_tag","embeddable":true,"href":"https:\/\/www.infokuryr.cz\/n\/wp-json\/wp\/v2\/tags?post=11370"}],"curies":[{"name":"wp","href":"https:\/\/api.w.org\/{rel}","templated":true}]}}