{"id":11342,"date":"2022-06-08T01:13:35","date_gmt":"2022-06-07T23:13:35","guid":{"rendered":"http:\/\/www.infokuryr.cz\/n\/?p=11342"},"modified":"2022-06-15T08:01:50","modified_gmt":"2022-06-15T06:01:50","slug":"proc-platime-diky-babisovi-a-fialovi-nemcum-vypalne-200-miliard-rocne-mozna-vic-za-co","status":"publish","type":"post","link":"https:\/\/www.infokuryr.cz\/n\/2022\/06\/08\/proc-platime-diky-babisovi-a-fialovi-nemcum-vypalne-200-miliard-rocne-mozna-vic-za-co\/","title":{"rendered":"Pro\u010d plat\u00edme d\u00edky Babi\u0161ovi a Fialovi N\u011bmc\u016fm v\u00fdpaln\u00e9? 200 miliard ro\u010dn\u011b? Mo\u017en\u00e1 v\u00edc? Za co?"},"content":{"rendered":"<div id=\"fb-root\"><\/div>\n<div class=\"introtext\">\n<p><strong>Kdyby Babi\u0161ova a Fialova vl\u00e1da pracovala pro lidi, mohli by d\u016fchodci j\u00edst kavi\u00e1r na zlat\u00e9m podnose, maminky s d\u011btmi mohly l\u00e9tat na Sey\u0161ely a je\u0161t\u011b by zbylo. Tak sakra pro\u010d? Kdo za to m\u016f\u017ee?<\/strong><\/p>\n<\/div>\n<div class=\"fulltext\">\n<p>Mo\u017en\u00e1 se n\u011bkte\u0159\u00ed zeptaj\u00ed, kde se vzalo toto hausnumero. Samoz\u0159ejm\u011b z odhad\u016f, proto\u017ee vl\u00e1dy u\u017e dva roky taj\u00ed, co se za prapodivn\u00fdm hospoda\u0159en\u00edm ukr\u00fdv\u00e1 a pro\u010d &#8222;\u00fadajn\u011b&#8220; dle Fialy a Babi\u0161e mus\u00edme platit N\u011bmecku, pota\u017emu Bruselu a USA od\u0161kodn\u00e9, neboli v\u00fdpaln\u00e9!<\/p>\n<h3><span style=\"font-size: 18pt;\">N\u011bkolik \u00fadaj\u016f<\/span><\/h3>\n<div class=\"explanation wholeWidth\">\n<div class=\"explanationTitle\"><span style=\"font-size: 18pt;\"><strong>Pro\u010d?<\/strong><\/span><\/div>\n<div class=\"explanationContent\">\n<p>Rusko plyn prod\u00e1 N\u011bmecku za \u0161est \u010di sedm korun a n\u00e1m ho prod\u00e1 za v\u00fdpaln\u00e9 za 25 &#8211; 27 korun<\/p>\n<\/div>\n<\/div>\n<div class=\"explanation wholeWidth\">\n<div class=\"explanationTitle\"><strong><span style=\"font-size: 18pt;\">Pro\u010d?<\/span><\/strong><\/div>\n<div class=\"explanationContent\">\n<p>Rusko prod\u00e1v\u00e1 plyn N\u011bmecku za 6 &#8211; 7korun cca. A vl\u00e1da plat\u00ed za plyn do z\u00e1sobn\u00edk\u016f na zimu u\u017e 37 korun jako v\u00fdpaln\u00e9!<\/p>\n<\/div>\n<\/div>\n<div class=\"explanation wholeWidth\">\n<div class=\"explanationTitle\"><strong><span style=\"font-size: 18pt;\">Pro\u010d<\/span><\/strong><\/div>\n<div class=\"explanationContent\">\n<p>Cena za plyn je z dlouhodob\u00fdch smluv pro Ma\u010farsko je 250 USD\/tis. m3 a pro N\u011bmecko 270 USD\/tis. m3. Zato cena v \u010cR je p\u0159es 1 000 USD\/tis. m3 a cena st\u00e1le stoup\u00e1!<\/p>\n<\/div>\n<\/div>\n<div class=\"explanation wholeWidth\">\n<div class=\"explanationTitle\"><span style=\"font-size: 18pt;\"><strong>Pro\u010d?<\/strong><\/span><\/div>\n<div class=\"explanationContent\">\n<p>V\u00fdrobn\u00ed cena elekt\u0159iny dle Pavla Tyka\u010de je 0,15 K\u010d. My ale za na\u0161\u00ed elekt\u0159inu plat\u00edme N\u011bmecku kolem 11K\u010d, proto\u017ee m\u00e1me na\u0159\u00edzeno poslat ji &#8222;\u00fa\u010detn\u011b&#8220; do N\u011bmecka, tam n\u00e1m ji zvednou na 11K\u010d a my N\u011bmecku zaplat\u00edme v\u00fdpaln\u00e9 11 K\u010d cca.(Nov\u00fd z\u00e1kazn\u00edk zaplat\u00ed p\u0159i ro\u010dn\u00ed fixaci za elekt\u0159inu u\u017e 11,22 K\u010d za kilowatthodinu)<\/p>\n<\/div>\n<\/div>\n<p><span style=\"font-size: 18pt;\"><strong>PR\u00dd MUS\u00cdME, TVRDIL BABI\u0160 SE SCHILLEROVOU, NYN\u00cd P\u011aTIKOALICE FIALOVA! ALE PRO\u010c?<\/strong><\/span><\/p>\n<p>\u010ce\u0161t\u00ed ob\u010dan\u00e9 mus\u00ed platit extr\u00e9mn\u00ed \u00fa\u010dty za elekt\u0159inu dan\u00e9 burzou v n\u011bmeck\u00e9m Lipsku, proto\u017ee by n\u00e1m jinak N\u011bmci zastavili dod\u00e1vky\u00a0<strong>plynu.<\/strong>\u00a0Aspo\u0148 to zn\u00ed z \u00fast vl\u00e1dn\u00edch p\u0159edstavitel\u016f. Jen\u017ee&#8230; Podle\u00a0<strong>renomovan\u00e9ho experta na energetiku Pavla Jane\u010dka<\/strong>\u00a0jde o naprost\u00fd nesmysl. D\u016fvod? P\u0159es \u010cesko te\u010de plyn tak\u00e9 do Bavorska, tak\u017ee by t\u00edm N\u011bmci odst\u0159ihli i vlastn\u00ed spolkovou zemi. A nemo\u017enost vyv\u00e1zat se z lipsk\u00e9 burzy? \u201e\u010ceskou republiku\u00a0<strong>nic nenut\u00ed k tomu, aby elektrickou energii prod\u00e1vala p\u0159es lipskou burzu<\/strong>,\u201c \u0159\u00edk\u00e1 Jane\u010dek s t\u00edm, \u017ee je ot\u00e1zkou, zda m\u00e1 v\u011bt\u0161\u00ed moc ve st\u00e1t\u011b \u010desk\u00e1 vl\u00e1da nebo obchodn\u00ed z\u00e1jmy skupiny \u010cEZ. (<em>Dopl\u0148me tak\u00e9 pra\u017eskou s n\u011bmeck\u00fdmi cenami a dokonce v\u00edc<\/em>)<\/p>\n<p>\u010cesk\u00fd st\u00e1t by se m\u011bl v prodeji elekt\u0159iny spol\u00e9hat s\u00e1m na sebe, a nikoli na evropsk\u00fd trh. Je absurdn\u00ed, aby se ceny pro \u010desk\u00e9 spot\u0159ebitele odv\u00edjely od \u201epseudotrhu na lipsk\u00e9 burze a aby lid\u00e9 za to platili extr\u00e9mn\u00ed pen\u00edze\u201c. \u0159ekl i b\u00fdval\u00fd vl\u00e1dn\u00ed zmocn\u011bnec pro jadernou energetiku M\u00edl v ned\u011bln\u00edm Ot\u00e1zk\u00e1ch V\u00e1clava Moravce.<\/p>\n<p><strong>\u00a0A Jan Skope\u010dek (ODS)v po\u0159adu Partie absurditu dohr\u00e1l do tot\u00e1ln\u00ed zvr\u00e1cennosti<\/strong><\/p>\n<div class=\"info_box cela_sirka jpalert\">\n<div class=\"explanationContent\">Ten odm\u00edtl konec v\u00fdpaln\u00e9ho na lipsk\u00e9 burze s argumentem, \u017ee<strong>\u00a0by se n\u00e1m N\u011bmci pomstili a vypnuli by plyn<\/strong>, kter\u00fd od nich nakupujeme. Tak\u017ee necht\u011bn\u011b p\u0159iznal, \u017ee skute\u010dn\u00ed n\u00e1ckov\u00e9 a vyd\u011bra\u010di jsou op\u011bt N\u011bmci a nikoliv Rusov\u00e9?<\/div>\n<\/div>\n<p>Tak kdo \u010desk\u00e9mu n\u00e1rodu vysv\u011btl\u00ed, co se s n\u00e1mi dva roky hraje a pro\u010d tah\u00e1me za kr\u00e1tky konec a plat\u00edme a plat\u00edme?\u00a0<strong>Nav\u00edc plat\u00edme st\u00e1le m\u011bs\u00ed\u010dn\u011b dal\u0161\u00ed v\u00fdpaln\u00e9 Pfizeru<\/strong>\u00a0a to u\u017e se ml\u010d\u00ed, \u017ee v dividend\u00e1ch<strong>\u00a0jde ven dal\u0161\u00edch 300 miliard, ze kter\u00fdch krm\u00edme z\u00e1pad<\/strong>\u00a0&#8211; nap\u0159\u00edklad rakouskou spo\u0159itelnu, kter\u00e1 si nechala\u00a0podvodn\u00fd n\u00e1zev \u010cesk\u00e1 spo\u0159itelna a des\u00edtky miliard ro\u010dn\u011b pos\u00edl\u00e1 do Rakouska!<\/p>\n<p><strong>Takto to vypadalo s\u00a0dotacemi\u00a0v roce 2016 za Babi\u0161e, pota\u017emo pozd\u011bji Schillerov\u00e9 a dnes je to o v\u00fd\u0161e plyn a elekt\u0159inu je\u0161t\u011b hor\u0161\u00ed! L\u017eou r\u00e1no, v poledne i ve\u010der, l\u017eou v\u00edc ne\u017e komunisti!<br \/>\n<\/strong><\/p>\n<p><strong>Pr\u00fd n\u00e1s z\u00e1pad a Brusel dotuje, tvrd\u00ed i soudru\u017eka Jourov\u00e1!<\/strong><\/p>\n<p><strong>Jenom zapomenou \u0159\u00edct, \u017ee\u00a0v jedn\u00e9 polo\u017ece ano a v pades\u00e1ti prod\u011bl\u00e1v\u00e1me\u00a0a t\u011b\u017ece!<\/strong><\/p>\n<p><img decoding=\"async\" class=\"aligncenter\" src=\"https:\/\/www.skrytapravda.cz\/images\/blogy\/805\/ekonomika\/graf-dotac-a-vdaj_a00ac.webp\" alt=\"graf dotac a vdaj a00ac\" \/><\/p>\n<p>Tak\u017ee se \u010cesk\u00e1 republika stala krmelcem a slepic\u00ed, co sna\u0161\u00ed zlat\u00e1 vejce jako v\u00fdpaln\u00e9 z\u00e1padn\u00ed Evrop\u011b a USA a je\u0161t\u011b n\u00e1s znovu a znovu vyd\u00edraj\u00ed? To jsme v\u00e1\u017en\u011b v roce 1989 cht\u011bli, kdy\u017e jsme cinkali kl\u00ed\u010di? Co za to maj\u00ed politici jako Babi\u0161, Schillerov\u00e1, Fiala, Raku\u0161an, Pekarov\u00e1, Jourov\u00e1 a dal\u0161\u00ed, kter\u00e9 v tom jednozna\u010dn\u011b jedou?<\/p>\n<p>Mimochodem, v okam\u017eiku, kdy jsme o tom za\u010dali kolem roku 2014 ps\u00e1t, stala se Skryt\u00e1 Pravda dezinforma\u010dn\u00edm m\u00e9diem, kter\u00e9 pr\u00fd po\u0161kozuje \u010ceskou republiku, proto\u017ee tato data lid\u00e9 nesm\u011bj\u00ed v\u011bd\u011bt, jak\u00a0\u0159vala Witowsk\u00e1 na Okamuru!<\/p>\n<p><strong>Sakra, jsme u\u017e v\u00e1\u017en\u011b na likvidaci? A v\u0161imli jste si, jak jadern\u00e1 baba Dr\u00e1bov\u00e1 (bez serv\u00edtek) najednou dr\u017e\u00ed hubu?<\/strong><img decoding=\"async\" loading=\"lazy\" class=\"aligncenter\" src=\"https:\/\/www.skrytapravda.cz\/images\/blogy\/805\/2022\/osobnosti_a_osoby\/drabo_090f0.webp\" alt=\"drabo 090f0\" width=\"481\" height=\"450\" \/><\/p>\n<p>&nbsp;<\/p>\n<p>P\u0159ed dv\u011bma roky jsem napsal tuto p\u0159esmy\u010dku a dnes, v roce 2022 se zd\u00e1, \u017ee je to je\u0161t\u011b hor\u0161\u00ed:<\/p>\n<p><strong>Zd\u00e1 se, \u017ee i ti bl\u00e1zni z bl\u00e1zince se z tohoto bl\u00e1zince zbl\u00e1zn\u00ed!<\/strong><\/p>\n<\/div>\n<p><a href=\"https:\/\/www.skrytapravda.cz\/z-domova\/530-proc-platime-diky-babisovi-a-fialovi-nemcum-vypalne-200-miliard-rocne-mozna-vic-za-co\">Petr Pokorn\u00fd<\/a><\/p>\n<p>&nbsp;<\/p>\n","protected":false},"excerpt":{"rendered":"<p>Kdyby Babi\u0161ova a Fialova vl\u00e1da pracovala pro lidi, mohli by d\u016fchodci j\u00edst kavi\u00e1r na zlat\u00e9m&#8230;<\/p>\n","protected":false},"author":2,"featured_media":11343,"comment_status":"closed","ping_status":"closed","sticky":false,"template":"","format":"standard","meta":[],"categories":[6],"tags":[126,670,285,1497,429,1008,99],"_links":{"self":[{"href":"https:\/\/www.infokuryr.cz\/n\/wp-json\/wp\/v2\/posts\/11342"}],"collection":[{"href":"https:\/\/www.infokuryr.cz\/n\/wp-json\/wp\/v2\/posts"}],"about":[{"href":"https:\/\/www.infokuryr.cz\/n\/wp-json\/wp\/v2\/types\/post"}],"author":[{"embeddable":true,"href":"https:\/\/www.infokuryr.cz\/n\/wp-json\/wp\/v2\/users\/2"}],"replies":[{"embeddable":true,"href":"https:\/\/www.infokuryr.cz\/n\/wp-json\/wp\/v2\/comments?post=11342"}],"version-history":[{"count":0,"href":"https:\/\/www.infokuryr.cz\/n\/wp-json\/wp\/v2\/posts\/11342\/revisions"}],"wp:featuredmedia":[{"embeddable":true,"href":"https:\/\/www.infokuryr.cz\/n\/wp-json\/wp\/v2\/media\/11343"}],"wp:attachment":[{"href":"https:\/\/www.infokuryr.cz\/n\/wp-json\/wp\/v2\/media?parent=11342"}],"wp:term":[{"taxonomy":"category","embeddable":true,"href":"https:\/\/www.infokuryr.cz\/n\/wp-json\/wp\/v2\/categories?post=11342"},{"taxonomy":"post_tag","embeddable":true,"href":"https:\/\/www.infokuryr.cz\/n\/wp-json\/wp\/v2\/tags?post=11342"}],"curies":[{"name":"wp","href":"https:\/\/api.w.org\/{rel}","templated":true}]}}