{"id":11335,"date":"2022-06-08T01:06:10","date_gmt":"2022-06-07T23:06:10","guid":{"rendered":"http:\/\/www.infokuryr.cz\/n\/?p=11335"},"modified":"2022-06-07T18:17:58","modified_gmt":"2022-06-07T16:17:58","slug":"husty-informace-budete-se-zase-divit-co-vsechno-se-zase-deje","status":"publish","type":"post","link":"https:\/\/www.infokuryr.cz\/n\/2022\/06\/08\/husty-informace-budete-se-zase-divit-co-vsechno-se-zase-deje\/","title":{"rendered":"Hust\u00fd informace \u2013 Budete se zase divit, co v\u0161echno se zase d\u011bje!"},"content":{"rendered":"<div id=\"fb-root\"><\/div>\n<p>Dobr\u00fd den v\u00e1\u017een\u00ed div\u00e1ci v\u00edtejte u na\u0161\u00ed nejnov\u011bj\u0161\u00ed anal\u00fdzy (MAP 1187,<a href=\"https:\/\/www.facebook.com\/nestra.istra\/videos\/610315499987858\">\u00a0poslechnout si ji m\u016f\u017eete zde<\/a>). Dneska bude fakt hust\u00e1. Budeme se v\u011bnovat jak evropsk\u00fdm, tak ukrajinsk\u00fdm ud\u00e1lostem. Na Ukrajin\u011b do\u0161lo v\u010dera k dosud nejv\u011bt\u0161\u00edmu selh\u00e1n\u00ed ukrajinsk\u00e9 bojov\u00e9 mor\u00e1lky, kdy\u017e elitn\u00ed v\u00fdsadk\u00e1\u0159i i p\u011bchota hromadn\u011b odh\u00e1zeli v oblasti v\u00fdchodn\u011b od m\u011bsta Slavjansk zbran\u011b a opustili techniku a rychle p\u0159eplavali \u0159eku Severn\u00ed Don\u011bc, aby si zachr\u00e1nili hol\u00fd \u017eivot. Rusk\u00e9 jednotky chaosu na ukrajinsk\u00e9 stran\u011b okam\u017eit\u011b vyu\u017eily a v pat\u00e1ch za bezhlav\u011b prchaj\u00edc\u00edmi Ukrajinci spo\u0159\u00e1dan\u011b \u0159eku Severn\u00ed Don\u011bc p\u0159ekro\u010dily a vybudovaly kousek od strategick\u00e9ho m\u011bsta Slavjansk p\u0159edmost\u00ed.\u00a0 Pokud se ukrajinsk\u00e9 jednotky rychle nezkonsoliduj\u00ed, m\u016f\u017ee bitva o Donbas skon\u010dit ne\u010dekan\u011b rychle obrovsk\u00fdm ukrajinsk\u00fdm obkl\u00ed\u010den\u00edm. Nutno poznamenat, \u017ee \u0159eku Severn\u00ed Don\u011bc v oblasti m\u011bst Slavjansk, Kramatorsk, Lisi\u010dansk a Severodon\u011bck rusk\u00e9 jednotky u\u017e od dubna p\u0159ekro\u010dily nejm\u00e9n\u011b 4kr\u00e1t, ale poka\u017ed\u00e9 byly donuceny se se citeln\u00fdmi ztr\u00e1tami st\u00e1hnout na v\u00fdchodn\u00ed b\u0159eh. Ne\u017e se pust\u00edme dnes d\u00e1l.\u00a0 Jako v\u017edy d\u011bkuji v\u0161em za pomoc a dary, d\u00edky kter\u00fdm na\u0161e anal\u00fdzy mohou vznikat a jako obvykle na michalapetr.cz a michalapetr.com si m\u016f\u017eete dne\u0161n\u00ed anal\u00fdzu nejen p\u0159e\u010d\u00edst, ale i prohl\u00e9dnout si videomateri\u00e1ly a dal\u0161\u00ed d\u016fkazy o ud\u00e1lostech, kter\u00e9 dnes budeme podrobn\u011bji rozeb\u00edrat. Za chv\u00edli budu hovo\u0159it o \u010derstv\u00e9m obrovsk\u00e9m skand\u00e1lu s imigranty v severn\u00ed Italii, kte\u0159\u00ed po stovk\u00e1ch \u00fato\u010dili na nezletil\u00e9 d\u00edvky \u2013 videa m\u00e1te na na\u0161em port\u00e1le.<\/p>\n<p>&nbsp;<\/p>\n<p><img decoding=\"async\" loading=\"lazy\" class=\"wp-image-795 aligncenter\" src=\"https:\/\/www.michalapetr.com\/wp-content\/uploads\/2022\/06\/photo_2022-06-06_22-04-39.jpg\" sizes=\"(max-width: 1280px) 100vw, 1280px\" srcset=\"https:\/\/www.michalapetr.com\/wp-content\/uploads\/2022\/06\/photo_2022-06-06_22-04-39.jpg 1280w, https:\/\/www.michalapetr.com\/wp-content\/uploads\/2022\/06\/photo_2022-06-06_22-04-39-300x181.jpg 300w, https:\/\/www.michalapetr.com\/wp-content\/uploads\/2022\/06\/photo_2022-06-06_22-04-39-1030x622.jpg 1030w, https:\/\/www.michalapetr.com\/wp-content\/uploads\/2022\/06\/photo_2022-06-06_22-04-39-768x464.jpg 768w, https:\/\/www.michalapetr.com\/wp-content\/uploads\/2022\/06\/photo_2022-06-06_22-04-39-705x426.jpg 705w, https:\/\/www.michalapetr.com\/wp-content\/uploads\/2022\/06\/photo_2022-06-06_22-04-39-450x272.jpg 450w\" alt=\"\" width=\"782\" height=\"472\" \/><\/p>\n<p style=\"text-align: center;\">Je 7. \u010dervna\u00a0 \u00a0 hodin r\u00e1no a jdeme na to<\/p>\n<p>&nbsp;<\/p>\n<p>Za\u010dneme ve slunn\u00e9 It\u00e1lii.\u00a0Tamn\u00ed politici za\u010dali v\u010dera b\u00edt na poplach, proto\u017ee se stalo zase n\u011bco, co Brusel tvrdil, \u017ee se nikdy nestane.\u00a0<a href=\"https:\/\/www.ilgiornale.it\/news\/cronache\/molestie-sessuali-16enni-sul-treno-stavano-tornando-2039863.html\">P\u0159ed dv\u011bma dny stovky Severoafri\u010dan\u016f napadly ve vlaku za b\u00edl\u00e9ho dne \u0161estici nezletil\u00fdch 16-ti let\u00fdch d\u00edvek<\/a>, kter\u00e9 se vracely dom\u016f z v\u00fdletu do z\u00e1bavn\u00edho parku, a za\u010daly je sexu\u00e1ln\u011b napadat, vyhro\u017eovat jim, plivat po nich, a k\u0159i\u010det, \u017ee \u2013 B\u00edl\u00e9 \u017eeny tady na Severu It\u00e1lie, nemaj\u00ed, co pohled\u00e1vat. Severoafri\u010dan\u00e9 p\u0159i \u00fatoku ve vlaku oklopili d\u00edvky tak t\u011bsn\u011b, \u017ee n\u011bkter\u00e9 ztratily v\u011bdom\u00ed. D\u00edvky se Severoafri\u010dan\u016f tak b\u00e1ly, \u017ee se ani neodv\u00e1\u017eily zatelefonovat o pomoc na policii, t\u00edm sp\u00ed\u0161, \u017ee ital\u0161t\u00ed mu\u017ei vlak rad\u011bji na prvn\u00ed zast\u00e1vce opustili. Jedn\u00e9 d\u00edvce se sice poda\u0159ilo odeslat zpr\u00e1vu rodi\u010d\u016fm, a ti zalarmovali policii, jen\u017ee ta nep\u0159ijela,\u00a0<a class=\"mfp-iframe lightbox-added\" href=\"https:\/\/www.youtube.com\/watch?v=x9y-wWHiqj0&amp;t=84s\">proto\u017ee v oblasti napaden\u00ed d\u00edvek zu\u0159il podle italsk\u00fdch m\u00e9di\u00ed obrovsk\u00fd celodenn\u00ed chaos<\/a>, mnoha\u010detn\u00e9 rva\u010dky na no\u017ee, loupe\u017ee, kr\u00e1de\u017ee, vandalismus, a boj jednotliv\u00fdch skupin vandal\u016f pomoc\u00ed ostr\u00fdch rozbit\u00fdch lahv\u00ed. (<a href=\"https:\/\/tgverona.telenuovo.it\/cronaca\/2022\/06\/03\/caos-al-lago-di-garda-con-migliaia-di-giovani-binari-attraversati-folla-in-stazione-video\">Video z n\u00e1dra\u017e\u00ed<\/a>) Do m\u011bsta\u00a0<a href=\"https:\/\/cs.wikipedia.org\/wiki\/Peschiera_del_Garda\">Peschiera del Garda<\/a>\u00a0se organizovan\u011b sjelo n\u011bkolik tis\u00edc mlad\u00fdch vandal\u016f a\u00a0<a href=\"https:\/\/www.veronasera.it\/cronaca\/rissa-spiaggia-lago-garda-social-weekend-3-giugno-2022.html\">cel\u00fd den tam organizovan\u011b \u00fato\u010dili na turisty<\/a>, na n\u00e1v\u0161t\u011bvn\u00edky kav\u00e1ren, tancovali, dupali a poskakovali na st\u0159ech\u00e1ch zaparkovan\u00fdch osobn\u00edch automobil\u016f. Vyvol\u00e1vali rva\u010dky a ve zp\u016fsoben\u00e9m\u00a0<a href=\"https:\/\/www.repubblica.it\/cronaca\/2022\/06\/03\/news\/rissa_peschiera_del_garda-352318627\/\">zmatku kradli a loupili<\/a>. Italsk\u00e1 policie sice do m\u011bsta vyslala ozbrojen\u00e9 po\u0159\u00e1dkov\u00e9 jednotky, jak\u00e9 zn\u00e1te z Ham\u00e1\u010dkov\u00fdch akc\u00ed proti na\u0161im pokojn\u00fdm demonstrac\u00edm p\u0159ed dv\u011bma lety na Starom\u00e1ku,\u00a0 ale na rozv\u00e1\u0161n\u011bn\u00e9 raub\u00ed\u0159e jich bylo m\u00e1lo. Napaden\u00e9 d\u00edvky byly polici\u00ed vypro\u0161t\u011bny z vlaku a\u017e na jeho kone\u010dn\u00e9 stanici, a severoitalsk\u00e1 m\u00e9dia spustila okam\u017eit\u00fd vyrv\u00e1l, ke kter\u00e9mu se p\u0159idali i m\u00edstn\u00ed politici. Vy\u0161et\u0159ov\u00e1n\u00ed sexu\u00e1ln\u00edch \u00fatok\u016f stovky Severoafri\u010dan\u016f toti\u017e zjistilo, \u017ee ve vlaku n\u011bjakou n\u00e1hodou nebyly instalov\u00e1ny bezpe\u010dnostn\u00ed kamery, kter\u00e9 jsou v severoitalsk\u00fdch vlac\u00edch na\u0159\u00edzen\u00e9, aby zaznamenaly identitu sexu\u00e1ln\u00edch \u00fato\u010dn\u00edk\u016f a zadokumentovaly jejich zlo\u010diny a umo\u017enily policii je v\u010das pochytat a tra\u0165ov\u00fdm dispe\u010der\u016fm aby v\u010das uv\u011bdomili policejn\u00ed hl\u00eddky, aby podobn\u00fdm \u00fatok\u016fm v\u010das zabr\u00e1nily. Z toho pro n\u00e1s plyne ne\u010dekan\u00e9 pozn\u00e1n\u00ed \u2013 v Severn\u00ed It\u00e1lii u\u017e nemohou jezdit Italov\u00e9 a hlavn\u011b Italky ve vlac\u00edch, kter\u00e9 nejsou neust\u00e1le monitorov\u00e1ny kamerami, proto\u017ee se jinak mohou st\u00e1t ob\u011b\u0165mi z\u00e1va\u017en\u00e9 kriminality p\u00e1chan\u00e9 \u010dleny imigrantsk\u00fdch krimin\u00e1ln\u00edch gang\u016f. A ne\u010dekan\u00e9 pou\u010den\u00ed \u2013 pokud chceme, aby i na\u0161e d\u011bti mohly v budoucnu v bezpe\u010d\u00ed\u00a0 jezdit vlakem za z\u00e1bavou a na v\u00fdlety, tak jako jsme je\u0161t\u011b p\u0159ed p\u00e1r lety mohli jezdit my, nem\u016f\u017eeme u\u017e v leto\u0161n\u00edch volb\u00e1ch volit Pir\u00e1ty, STAN a TOP-09, proto\u017ee to jsou strany, kter\u00e9 zast\u00e1vaj\u00ed bruselskou politiku ni\u010d\u00edm ne\u0159\u00edzen\u00e9 imigrace. Imigrace bez kontroly toho zda je imigrant pracant, a nebo imigrant zlo\u010dinec! Kdy\u017e takov\u00e9 prov\u011brky m\u016f\u017ee prov\u00e1d\u011bt Brit\u00e1nie, Austr\u00e1lie i Japonsko, nech\u00e1pu pro\u010d je nelze d\u011blat v Evrop\u011b. Je to p\u0159eci ta nejjednodu\u0161\u0161\u00ed a nejlevn\u011bj\u0161\u00ed cesta k bezpe\u010dnosti na\u0161ich d\u011bt\u00ed, i samotn\u00fdch uprchl\u00edk\u016f.<\/p>\n<p>V anal\u00fdze<a href=\"http:\/\/michalapetr.cz\/doku.php#map_1069_eu_sok_molateni-report_o_kriminalite_uprchliku_desiva_cisla_vrazdy_zen_italie_2021_kruta_realita\">\u00a0MAP 1069<\/a>\u00a0jsme loni p\u0159inesli ot\u0159esn\u00e9 osudy cizinci v It\u00e1lii zamordovan\u00fdch Italek. V\u010dera jsme situaci prov\u011b\u0159ili a zjistili jsme, \u017ee z 22 letos\u00a0<a href=\"https:\/\/femminicidioitalia.info\/lista\/recente\">zamordovan\u00fdch \u017een v It\u00e1lii maj\u00ed cizinci na sv\u011bdom\u00ed 4<\/a>. Asi nejtristn\u011bj\u0161\u00ed je osud 23-let\u00e9 matky Anast\u00e1zie Bondarenkov\u00e9. Ta po vypuknut\u00ed v\u00e1lky utekla do It\u00e1lie i s 5 letou dcerou, zat\u00edm co jej\u00ed mu\u017e \u0161el bojoval za Ukrajinu. V p\u016flce b\u0159ezna 2022 bylo nalezeno t\u011blo Bondarenkov\u00e9 ve vyho\u0159el\u00e9m byt\u011b. P\u0159i pitv\u011b bylo zji\u0161t\u011bno, \u017ee byla p\u0159ed smrt\u00ed bita a \u0161krcena. N\u00e1sleduj\u00edc\u00ed forenzn\u00ed vy\u0161et\u0159ov\u00e1n\u00ed prok\u00e1zalo,<a href=\"https:\/\/femminicidioitalia.info\/2022\/marzo\/10\/anastasia-bondarenko-dmitro-trembach-napoli\">\u00a0\u017ee byt i s t\u011blem Bondarenkov\u00e9 \u00famysln\u011b podp\u00e1lil 26-let\u00fd Ukrajinec Dmytry Trembach<\/a>, kter\u00fd ji p\u0159edt\u00edm brut\u00e1ln\u011b zbil a u\u0161krtil. Trembach byt podp\u00e1lil, aby zakryl stopy sv\u00e9ho zlo\u010dinu, i s \u017eivou 5 letou dcerou Bondarenkov\u00e9. Tu ale z ho\u0159\u00edc\u00edho bytu je\u0161t\u011b p\u0159ed p\u0159\u00edjezdem policie a hasi\u010d\u016f z\u00e1zra\u010dn\u011b podle zpr\u00e1vy vy\u0161et\u0159uj\u00edc\u00edho soudce zachr\u00e1nila 60 let\u00e1 Ruska, kter\u00e1 se v m\u00edst\u011b Trembachova zlo\u010dinu vyskytovala.\u00a0<a href=\"https:\/\/www.theguardian.com\/world\/live\/2022\/jun\/06\/russia-ukraine-war-latest-putin-warns-of-new-targets-zelenskiy-visits-troops-on-eastern-front-live#pinned-post\">V\u010dera OSN projedn\u00e1vala sexu\u00e1ln\u00ed zlo\u010diny<\/a>\u00a0proti \u017een\u00e1m p\u0159i sou\u010dasn\u00e9 ukrajinsk\u00e9 v\u00e1lce. Mimo jin\u00e9 byla p\u0159ednesena zpr\u00e1va nazna\u010duj\u00edc\u00ed \u010dast\u00e9 \u00fatoky r\u016fzn\u00fdch podez\u0159el\u00fdch individu\u00ed na Ukrajinky v Evrop\u011b. Je velmi zaj\u00edmav\u00e9, \u017ee ve zpr\u00e1v\u011b nebyly zaznamen\u00e1ny \u00fatoky o kter\u00fdch jsme informovali \u2013\u00a0<a href=\"https:\/\/www.michalapetr.com\/mip-43-svetova-valka-o-obili-brusel-by-bez-draheho-obili-a-potravin-zkrachoval-potvrdili-svycari\/\">a to zn\u00e1siln\u011bn\u00ed ukrajinsk\u00fdch \u0161kolou povinn\u00fdch d\u00edvek afg\u00e1nsk\u00fdm \u010dlenem ostrahy ubytovny pro ukrajinsk\u00e9 uprchlice s d\u011btmi<\/a>\u00a0(18.5.2022, MIP 43), \u010di \u00fatoky na Ukrajinky, \u010dleny imigrantsk\u00fdch gang\u016f ve \u0161v\u00e9dsk\u00fdch uprchlick\u00fdch ubytovn\u00e1ch!<\/p>\n<p>Co za t\u00e9to situace\u00a0<a href=\"https:\/\/www.seznamzpravy.cz\/clanek\/volby-komunalni-komunalni-politici-slibuji-byty-ale-pozde-volici-uz-zase-miluji-satelity-203973\">p\u00e1chaj\u00ed vl\u00e1dn\u00ed strany TOP-09 a Pir\u00e1ti je naprosto d\u011bsiv\u00e9<\/a>. Mluv\u010d\u00ed t\u00e9to koalice, kter\u00e1 vl\u00e1dne Praze Marek V\u00e1cha v\u010dera na ot\u00e1zku jak se bude \u0159e\u0161it nedostatek byt\u016f pro \u010cechy ozn\u00e1mil, \u017ee net\u0159eba \u0159e\u0161it odkud lid\u00e9 do Prahy p\u0159ich\u00e1zej\u00ed, proto\u017ee cizinci jsou rovn\u011b\u017e obyvatel\u00e9 Prahy. Praha podle mluv\u010d\u00edho IPR Magistr\u00e1tu Prahy, kter\u00e9mu vl\u00e1dne TOP-09 a Pir\u00e1ti, m\u00e1 vysokou popt\u00e1vku po pracovn\u00edch sil\u00e1ch, a proto m\u00e1 b\u00fdt pro pracovn\u00ed s\u00edly zaji\u0161t\u011bna v\u00fdstavba byt\u016f, ale zda pracovn\u00edci, kte\u0159\u00ed budou v t\u011bchto bytech ubytov\u00e1ni budou \u010ce\u0161i a nebo cizinci je Pir\u00e1t\u016fm i TOP-09 jedno. Podle statistick\u00e9 anal\u00fdzy se loni do Prahy p\u0159ist\u011bhovalo 18 000 cizinc\u016f a 22 tis\u00edc \u010cech\u016f. Byt\u016f se postavilo jenom 7 000. To znamen\u00e1, \u017ee se postavil 1 byt na 5,7 p\u0159ist\u011bhovalc\u016f. Stejn\u00e1 zpr\u00e1va p\u0159itom tvrd\u00ed, \u017ee za zoufal\u00fdm nedostatkem byt\u016f v cel\u00e9m \u010cesku stoj\u00ed zahrani\u010dn\u00ed investo\u0159i, kte\u0159\u00ed skupuj\u00ed byty, a zahrani\u010dn\u00ed d\u011bln\u00edci, kte\u0159\u00ed je ob\u00fdvaj\u00ed. Tento trend u\u017e za\u010dal d\u00e1vno p\u0159ed ukrajinskou v\u00e1lkou a ta jej jen urychlila. V \u010d\u00edsle 5,7 nov\u00e9ho p\u0159ist\u011bhovalce na jeden nov\u00fd \u010desk\u00fd byt m\u00e1te odpov\u011b\u010f \u2013 zahrani\u010dn\u00ed investo\u0159i skupuj\u00ed \u010desk\u00e9 byty a ubytov\u00e1vaj\u00ed v nich cizince po v\u011bt\u0161\u00edch po\u010dtech ne\u017e p\u0159edstavuje pr\u016fm\u011brn\u00e1 \u010desk\u00e1 rodina. Ceny byt\u016f i n\u00e1jm\u016f rostou a \u010desk\u00e1 rodina nem\u00e1 \u0161anci ve m\u011bst\u011b bydlet. M\u00edsto nich v nov\u00fdch bytech bydl\u00ed levn\u00ed pracovn\u00edci, po kter\u00fdch je v Praze, Brn\u011b i Plzni hlad v montovn\u00e1ch, prodejn\u00edch \u0159et\u011bzc\u00edch a ve stavebnictv\u00ed. Jen\u017ee jak vid\u00edte, volit TOP-09 a nebo Pir\u00e1ty, je sebevra\u017eda m\u011bstsk\u00e9ho voli\u010de, t\u011bmto politick\u00fdm kari\u00e9rist\u016fm je jedno, jak \u0159ekl Marek V\u00e1cha, jimi dosazen\u00fd mluv\u010d\u00ed, jestli v nov\u00e9m byt\u011b bude bydlet ob\u010dan-voli\u010d, a nebo n\u011bjak\u00fd obyvatel-levn\u00fd pracant. V\u017edy\u0165 obyvatel nen\u00ed voli\u010d, a \u010d\u00edm m\u00e9n\u011b voli\u010d\u016f zbude, t\u00edm d\u00e9le se TOP-09 a Pir\u00e1ti udr\u017e\u00ed u koryt. Co na tom, \u017ee infrastrukturu, komunikace, \u0161koly, zdravotn\u00ed a nemocenskou p\u00e9\u010di plat\u00ed pro obyvatele ob\u010dan\u00e9 ze sv\u00fdch dan\u00ed. Vrcholem v\u0161eho je v\u016fdce Pir\u00e1tu Barto\u0161 a jeho n\u00e1pad,\u00a0<a href=\"https:\/\/www.seznamzpravy.cz\/clanek\/ekonomika-byznys-rozhovory-co-s-bytem-sverte-ho-obci-najde-si-najemnika-a-vam-bude-platit-rika-bartos-202010\">\u017ee st\u00e1t p\u0159evezme m\u011bstsk\u00e9 byty od ob\u010dan\u016f a bude je m\u00edsto nich pronaj\u00edmat, asi obyvatel\u016fm<\/a>.<\/p>\n<p>Dal\u0161\u00ed komedii v \u010cesku rozjelo p\u0159ed p\u00e1r dny hnut\u00ed STAN s TOP-09. Ob\u011b strany se nyn\u00ed p\u0159edh\u00e1n\u011bj\u00ed, kdo jsou v\u011bt\u0161\u00ed mafi\u00e1ni.\u00a0<a href=\"https:\/\/www.michalapetr.com\/mip-32-sok-rakusanovo-ministerstvo-vnitra-oznacilo-zpravy-tajnych-sluzeb-usa-a-velke-britanie-za-konspiracni-teorie\/\">V po\u0159adu MIP 32 jsme ozn\u00e1mili<\/a>, \u017ee p\u0159edsedou hnut\u00ed STAN Raku\u0161anem \u0159\u00edzen\u00e9 ministerstvo vnitra v \u00fa\u0159edn\u00edm lejstru ozna\u010dilo informace p\u0159iznan\u00e9 i britskou ministryn\u011b vnitra Pritti Pattel i sou\u010dasnou premi\u00e9rkou \u0160v\u00e9dska Magdalenou Anderssonovou o tom, \u017ee imigranti jsou zodpov\u011bdn\u00ed za obrovsk\u00fd n\u00e1r\u016fst trestn\u00e9 \u010dinnosti v jejich zem\u00edch, a \u017ee se v tom mus\u00ed ud\u011blat rychl\u00fd a tvrd\u00fd po\u0159\u00e1dek, za konspira\u010dn\u00ed teorie, a tvrdilo, \u017ee nen\u00ed \u017e\u00e1dn\u00e1 spojitost mezi imigrac\u00ed a zv\u00fd\u0161enou kriminalitou, a kdo tyhle zpr\u00e1vy v \u010cesku \u0161\u00ed\u0159\u00ed, je dezinform\u00e1tor! A to jsme je\u0161t\u011b netu\u0161ili, kam a\u017e to hnut\u00ed STAN a TOP-09 za p\u00e1r dn\u00ed dot\u00e1hnou. P\u0159edstavte si to \u2013\u00a0<a href=\"https:\/\/www.parlamentnilisty.cz\/zpravy\/kauzy\/Kalousek-otevrel-Pandorinu-skrinku-hnuti-STAN-Ziskali-jsme-vyslechy-kumpana-pana-Krejcire-A-nastalo-ticho-702580\">nejprve Kalousek vyt\u00e1hnul na hnut\u00ed STAN<\/a>, \u017ee si nech\u00e1v\u00e1 radit od arci-krimin\u00e1ln\u00edka Michala R\u00e9dla. Pak se na sc\u00e9n\u011b objevil pra\u017esk\u00fd politik Hlubu\u010dek, kter\u00fd levn\u011b k drah\u00fdm byt\u016fm ve \u0160pan\u011blsku p\u0159i\u0161el, a kter\u00fd se Michalem Redlem kamar\u00e1d\u00ed a nech\u00e1v\u00e1 si od n\u011bj radit. Hlubu\u010dek se \u00fatoku nezalekl a\u00a0<a href=\"https:\/\/www.seznamzpravy.cz\/clanek\/domaci-kauzy-misa-od-krejcire-znesvaril-koalicni-politiky-203039\">obvinil b\u00fdval\u00e9ho ministra spravedlnosti Posp\u00ed\u0161ila z TOP-09<\/a>, \u017ee ho p\u0159ed posledn\u00edmi volbami s R\u00e9dlem na spole\u010dn\u00e9m HOP-Lapu TOPky a STANU sezn\u00e1mil. Posp\u00ed\u0161il obvinil Hlubu\u010dka ze l\u017ei, ale po t\u00e9, co mluv\u010d\u00ed pra\u017esk\u00e9ho klubu STAN-TOP-09 verzi Hlubu\u010dka potvrdila, p\u0159iznal, \u017ee se s n\u00edm potkal, ale \u017ee jich tam bylo v\u00edc. Taky se Posp\u00ed\u0161il p\u0159iznal k p\u0159\u00e1telstv\u00ed s je\u0161t\u011b mazan\u011bj\u0161\u00edm kmotrem ne\u017e je R\u00e9dl, a to s plze\u0148sk\u00fdm Jura\u010dkou. Co je na tom v\u0161em legra\u010dn\u00ed \u2013 Michal R\u00e9dl byl superarbitrov\u00e1n pro blbost, m\u00e1 pap\u00edry na hlavu, a ty dostal, aby se nemohl v pozici ob\u017ealovan\u00e9ho zodpov\u00eddat p\u0159ed soudem z mafi\u00e1nsk\u00fdch trestn\u00edch kauz, proto\u017ee byl luxusn\u00edm b\u00edl\u00fdm kon\u011bm Radovana Krej\u010d\u00ed\u0159e. Kdy\u017e to shrnete, tak zjist\u00edte, \u017ee ministr vnitra Raku\u0161an \u0159\u00edd\u00ed partaj, kter\u00e1 si nech\u00e1v\u00e1 radit od krimin\u00e1ln\u00edka R\u00e9dla, kter\u00fd nemohl b\u00fdt soudem potrest\u00e1n za miliardov\u00e9 podvody a \u010dlenstv\u00ed v organizovan\u00e9 zlo\u010dineck\u00e9 skupin\u011b Radovana Krej\u010d\u00ed\u0159e, proto\u017ee trp\u00ed nevyl\u00e9\u010ditelnou du\u0161evn\u00ed poruchou. A \u017ee STAN se br\u00e1n\u00ed t\u00edm, za nic nem\u016f\u017ee, proto\u017ee byl s krimin\u00e1ln\u00edkem R\u00e9dlem, kter\u00fd byl superarbitrov\u00e1n pro blbost sezn\u00e1men b\u00fdval\u00fdm ministrem spravedlnosti Posp\u00ed\u0161ilem. A za\u010dne V\u00e1s mrazit \u2013 5.11.2008\u00a0<a href=\"https:\/\/cs.wikipedia.org\/wiki\/Seznam_ministr%C5%AF_spravedlnosti_%C4%8Cesk%C3%A9_republiky\">za ministrov\u00e1n\u00ed spravedlnosti Ji\u0159\u00edm Posp\u00ed\u0161ilem<\/a>\u00a0byl rozpu\u0161t\u011bn elitn\u00ed t\u00fdm prokur\u00e1tor\u016f,\u00a0<a href=\"https:\/\/www.novinky.cz\/krimi\/clanek\/elitni-zalobce-v-krejcirovych-kauzach-musel-skoncit-40211788\">kter\u00fd \u0161el po zlo\u010dinech dvojice Radovan Krej\u010d\u00ed\u0159 \u2013 Michal R\u00e9dl<\/a>! Kdy\u017e tito st\u00e1tn\u00ed z\u00e1stupci v roce 2004 postavili Krej\u010d\u00ed\u0159e p\u0159ed soud, aby ho vzal do vazby,\u00a0<a href=\"https:\/\/archiv.hn.cz\/c1-14546750-rekordni-kauce-40-milionu\">byl propu\u0161t\u011bn na rekordn\u00ed kauci<\/a>, a jeho advok\u00e1t se jmenoval Tom\u00e1\u0161 Sokol \u2013 b\u00fdval\u00fd ministr vnitra. Kdy\u017e Krej\u010d\u00ed\u0159e tito st\u00e1tn\u00ed z\u00e1stupci zatkli podruh\u00e9 18. \u010dervna 2005, a odvedli ho do jeho vily na domovn\u00ed prohl\u00eddku. Tak n\u011bjakou n\u00e1hodou t\u011bsn\u011b p\u0159ed Krej\u010d\u00ed\u0159ov\u00fdm \u00fat\u011bkem elitn\u00ed jednotka URNA, kter\u00e1 ho hl\u00eddala, aby neutekl, byla p\u0159es protesty t\u011bchto elitn\u00edch st\u00e1tn\u00edch z\u00e1stupc\u016f odvol\u00e1na a na m\u00edsto n\u00ed\u00a0<a href=\"https:\/\/reportermagazin.cz\/a\/wJU6T\/nejlevnejsi-krejciruv-zlocin\">byli do vily vysl\u00e1ni dva obvodn\u00ed policist\u00e9, aby hl\u00eddali dve\u0159e<\/a>, aby Krej\u010d\u00ed\u0159 neutekl. Jestli tady m\u00e1 okam\u017eit\u011b b\u00fdt n\u011bkdo superarbitrov\u00e1n pro blbost tak to jsou Raku\u0161an a Pekarov\u00e1-Adamov\u00e1, proto\u017ee jejich \u010deln\u00ed politici Hlubu\u010dek a Posp\u00ed\u0161il se p\u0159iznali, \u017ee se st\u00fdkaj\u00ed s mafi\u00e1nem, kter\u00fd byl superarbitrov\u00e1n pro blbost, aby se vyhnul v\u011bzen\u00ed, a dokonce si od n\u011bj je\u0161t\u011b nech\u00e1vaj\u00ed v p\u0159\u00edpad\u011b STANU i radit! Rozum\u00edte tomu, ministr vnitra \u010ceska Raku\u0161an \u0159\u00edd\u00ed stranu, kter\u00e1 m\u00e1 za poradce du\u0161evn\u011b chor\u00e9ho mafi\u00e1na, kter\u00fd nen\u00ed za sv\u00e9 trestn\u00e9 \u010diny odpov\u011bdn\u00fd, a se kter\u00fdm STAN sezn\u00e1mil b\u00fdval\u00fd ministr spravedlnosti Posp\u00ed\u0161il, za kter\u00e9ho \u00fa\u0159adov\u00e1n\u00ed byl rozehn\u00e1n t\u00fdm prokur\u00e1tor\u016f, kter\u00fd m\u011bl R\u00e9dla dostat do v\u011bzen\u00ed! To u\u017e nen\u00ed \u010cesk\u00e1 republika to je n\u011bjak\u00fd Mafi\u00e1nStan. A d\u011bje se to po\u0159\u00e1d \u2013 od Krej\u010d\u00ed\u0159e vedou stopy k ViktoriaGruppe, a k trestn\u00e9 \u010dinnosti, kterou kdy\u017e cht\u011bl kapit\u00e1n Jakubec z pra\u017esk\u00e9 policie rozkr\u00fdvat, tak ho od policie vy\u0161tvali,\u00a0<a href=\"https:\/\/radiozurnal.rozhlas.cz\/miliardovy-skandal-kolem-cepra-6352725\">proto\u017ee v t\u00e9 kauze je pokra\u010dov\u00e1n\u00ed Krej\u010d\u00ed\u0159ov\u00fdch zlo\u010din\u016f<\/a>, ale bez Krej\u010d\u00ed\u0159e. Jak u\u017e to v \u010cesku b\u00fdv\u00e1, jeho zlo\u010dineckou s\u00ed\u0165 si zprivatizovali ti co jsou nyn\u00ed u moci a asi nen\u00ed n\u00e1hodou, \u017ee si nech\u00e1vaj\u00ed radit od superarbitrovan\u00e9ho R\u00e9dla. Kam se hrabe \u010desk\u00fd n\u00e1rodn\u00ed hrdina \u0160vejk, toho sice taky superarbitrovali, ale radit c\u00edsa\u0159i a rakousk\u00e9 vl\u00e1d\u011b ho neposlali. Jak vid\u00edte, ani spisovatele Ha\u0161ka by p\u0159ed sto lety nenapadlo, \u017ee superarbitrovan\u00fd \u0160vejk by mohl b\u00fdt pov\u00fd\u0161en na tajn\u00e9ho c\u00edsa\u0159sk\u00e9ho radu. Takov\u00fd bordel nebyl mo\u017en\u00fd ani v Rakousku-Uhersku. Takov\u00fd bordel je mo\u017en\u00fd jenom v \u010cesku.<\/p>\n<p>Ostatn\u011b asi nen\u00ed n\u00e1hodou, \u017ee ti sam\u00ed politici, kte\u0159\u00ed si nech\u00e1vaj\u00ed radit od superarbitrovan\u00fdch mafi\u00e1n\u016f jsou nejv\u011bt\u0161\u00edmi sv\u011btov\u00fdmi spojenci ukrajinsk\u00fdch oligarch\u016f a odm\u00edtaj\u00ed Ukrajin\u011b vysv\u011btlit, \u017ee v\u00e1lku proti Rusku nem\u016f\u017ee vyhr\u00e1t do t\u00e9 doby ne\u017e se oligarch\u016f a nacist\u016f d\u016frazn\u011b zbav\u00ed.<\/p>\n<p>V\u010dera do\u0161lo v Lisi\u010dansku na Ukrajinsk\u00e9 stran\u011b k typick\u00e9mu incidentu, kter\u00fd nen\u00ed v posledn\u00edch dnech ojedin\u011bl\u00fd. Mlad\u00fd, sotva 18 let\u00fd klu\u010dina, kter\u00fd u\u017e dva m\u011bs\u00edce bojuje proti Rus\u016fm (<a href=\"https:\/\/t.me\/swodki\/111172\">pod\u00edvejte se na video, kr\u00e1sn\u00fd mlad\u00fd kluk<\/a>) nazval nekompetentn\u00edm zbab\u011blcem vy\u017eil\u00e9ho tlust\u00e9ho podplukovn\u00edka, kter\u00fd p\u0159ijel na boji\u0161t\u011b i s osobn\u00ed ochrankou a za\u010dal na\u0159izoval voj\u00e1k\u016fm, aby okam\u017eit\u011b ode\u0161li do prvn\u00ed linie a za\u00fato\u010dili na Rusy. Podplukovn\u00edk klu\u010d\u00edka po jeho slovech dvakr\u00e1t brut\u00e1ln\u011b ude\u0159il do tv\u00e1\u0159e a v\u0161echny ozna\u010dil za zbab\u011blce. Jen\u017ee kolegov\u00e9 voj\u00e1ci se kluka, kter\u00fd u\u017e odm\u00edt\u00e1 nasazovat sv\u016fj \u017eivot za tlust\u00e9 star\u00e9 nekompetentn\u00ed t\u00fdlov\u00e9 krysy zastali, a tak se podplukovn\u00edk rad\u011bji skryl za svou ochranku a zmizel. V Ukrajinsk\u00e9 arm\u00e1d\u011b v\u0159e nespokojenost. Voj\u00e1ci ch\u00e1pou, \u017ee nemohou bojovat s Rusy bez rovnocenn\u00e9 v\u00fdzbroje, a u\u017e odm\u00edtaj\u00ed um\u00edrat v sebevra\u017eedn\u00fdch boj\u00edch. Boje jsou krut\u00e9, a na stejn\u00e9m kan\u00e1le, na kter\u00e9m jste vid\u011bli klu\u010d\u00edkovo video najdete des\u00edtky portr\u00e9t\u016f a vzpom\u00ednek na padl\u00e9 Rusy, a to je jen vrchol pyramidy. Jen\u017ee Rusov\u00e9 st\u0159\u00edl\u00ed 10kr\u00e1t a\u017e 100kr\u00e1t \u010dast\u011bji, a tak jich mus\u00ed um\u00edrat m\u00e9n\u011b.<\/p>\n<p>Incident s klu\u010dinou nen\u00ed ojedin\u011bl\u00ed.\u00a0<a href=\"https:\/\/www.kp.ru\/daily\/27401.5\/4597856\/\">Klu\u010dina m\u011bl \u0161t\u011bst\u00ed, \u017ee Ukrajinsk\u00e1 Rada neschv\u00e1lila n\u00e1vrh Zelensk\u00e9ho komisa\u0159ky Mariany Zauhl\u00e9<\/a>, aby Ukrajin\u0161t\u00ed velitel\u00e9 mohli beztrestn\u011b st\u0159\u00edlet vlastn\u00ed voj\u00e1ky! Zauhl\u00e1 se po sv\u00e9m ne\u00fasp\u011bchu v parlamentu vypravila na frontu do Don\u011bcka, aby tam osobn\u011b dohl\u00ed\u017eela na sebevra\u017eedn\u00e9 Banzai-\u00fatoky proti Rus\u016fm.\u00a0<a href=\"https:\/\/www.understandingwar.org\/backgrounder\/russian-offensive-campaign-assessment-june-6\">V d\u016fsledku Banzaj-\u00fatoku na Severodon\u011bck<\/a>\u00a0ohl\u00e1sila jedna \u010d\u00e1st ukrajinsk\u00e9 vl\u00e1dy, \u017ee byl dobyt a Rusov\u00e9 vyhn\u00e1ni, a sou\u010dasn\u00e9 druh\u00e1 \u010d\u00e1st t\u00e9 sam\u00e9 vl\u00e1dy, \u017ee se nic dob\u00fdt nepoda\u0159ilo a ustupuje se!<\/p>\n<p><a href=\"https:\/\/topwar.ru\/197357-rossijskie-vojska-i-nm-dnr-prakticheski-polnostju-osvobodili-svjatogorsk-provoditsja-zachistka.html\">Rusov\u00e9 tvrd\u00ed, \u017ee \u00fasp\u011b\u0161n\u011b postupuj\u00ed<\/a>. Poradce\u00a0<a href=\"https:\/\/www.theguardian.com\/world\/live\/2022\/jun\/06\/russia-ukraine-war-latest-putin-warns-of-new-targets-zelenskiy-visits-troops-on-eastern-front-live?page=with:block-629e94f48f08c28a9854de96#block-629e94f48f08c28a9854de96\">Zelensk\u00e9ho Arestovi\u010d p\u0159iznal, \u017ee Ukrajina pot\u0159ebuje ne p\u00e1r,<\/a>\u00a0ale des\u00edtky a\u017e stovky raketomet\u016f HIMARS.\u00a0<a href=\"https:\/\/www.ukrinform.net\/rubric-ato\/3501252-retreat-from-sievierodonetsk-for-regrouping-will-not-be-a-tragedy-danilov.html\">Tajemn\u00edk Zelensk\u00e9ho Danilov<\/a>\u00a0u\u017e v US-m\u00e9di\u00edch p\u0159ipustil, \u017ee Ukrajina bude muset z Don\u011bcka ustoupit. Situace dosp\u011bla u\u017e tak daleko, \u017ee jeden z\u00a0<a href=\"https:\/\/www.theamericanconservative.com\/buchanan\/ukraines-interests-are-not-ours\/\">nejvlivn\u011bj\u0161\u00edch americk\u00fdch politick\u00fdch koment\u00e1tor\u016f Patric J. Buchanan obvinil Francii, N\u011bmecko a It\u00e1lii<\/a>, \u017ee se u\u017e dohodly, \u017ee Rusko z\u00edsk\u00e1 Krym, a dal\u0161\u00ed \u00fazem\u00ed, a \u017ee je t\u0159eba dotla\u010dit Zelensk\u00e9ho, aby co nejrychleji uzav\u0159el pat\u0159i\u010dn\u00fd m\u00edr! Buchanan tak\u00e9 argumentoval, \u017ee toto \u0159e\u0161en\u00ed prosazuje (neve\u0159ejn\u011b) i US administrativa!<\/p>\n<p>US administrativa vys\u00edl\u00e1 zmaten\u00e9 sign\u00e1ly \u2013\u00a0<a href=\"https:\/\/money.yahoo.com\/u-offer-comfort-letters-help-180849034.html\">nejprve velvyslankyn\u011b USA u OSN Linda Thomas-Greenfieldov\u00e1 ozn\u00e1mila<\/a>, \u017ee USA vydaj\u00ed povolen\u00edm v\u0161em majitel\u016fm lod\u00ed a poji\u0161\u0165ovn\u00e1m lod\u00ed pro neomezen\u00fd v\u00fdvoz rusk\u00e9ho obil\u00ed a hnojiv. A hned vz\u00e1p\u011bt\u00ed,\u00a0<a href=\"https:\/\/ubn.news\/us-diplomats-have-warned-african-countries-not-to-buy-stolen-grain-from-russia\/\">ministr zahrani\u010d\u00ed Blinken nech\u00e1 rozeslat do Afriky dopisy<\/a>, aby nekupovali rusk\u00e9 obil\u00ed, proto\u017ee mohlo b\u00fdt ukraden\u00e9 na Ukrajin\u011b.\u00a0<a href=\"https:\/\/www.kp.ru\/online\/news\/4778360\/\">Blinken obvinil tak\u00e9 Rusko z blokov\u00e1n\u00ed v\u00fdvozu obil\u00ed lod\u011bmi z Od\u011bsy<\/a>. Putin na opl\u00e1tku ozn\u00e1mil, \u017ee si Ukrajina p\u0159es Od\u011bsu m\u016f\u017ee vyv\u00e1\u017eet kolik chce obil\u00ed, a \u017ee v\u0161em lod\u00edm zaru\u010duje svobodnou plavbu bez rusk\u00e9ho vm\u011b\u0161ov\u00e1n\u00ed! Zelensk\u00fd na to ozn\u00e1m\u00ed, \u017ee Od\u011bsk\u00fd p\u0159\u00edstav\u00a0<a href=\"https:\/\/en.topwar.ru\/197355-zelenskij-otkazalsja-razminirovat-port-odessy-dlja-vyvoza-zerna-iz-za-opasenij-morskogo-desanta.html\">se nebude odminov\u00e1vat<\/a>, proto\u017ee by se v Od\u011bse vylodili Rusov\u00e9!\u00a0<a href=\"https:\/\/www.understandingwar.org\/backgrounder\/russian-offensive-campaign-assessment-june-6\">A sou\u010dasn\u011b s t\u00edm Ukrajina vyd\u00e1 prohl\u00e1\u0161en\u00ed<\/a>, \u017ee jej\u00ed ozbrojen\u00e9 s\u00edly odehnali v\u0161echny rusk\u00e9 lod\u011b 100 km od ukrajinsk\u00e9ho pob\u0159e\u017e\u00ed!<\/p>\n<p>Indie v\u010dera ozn\u00e1mila,<a href=\"https:\/\/energy.economictimes.indiatimes.com\/news\/oil-and-gas\/india-in-talks-to-increase-russian-oil-imports-from-rosneft\/92038559?redirect=1\">\u00a0\u017ee jedn\u00e1 s Ruskem o dal\u0161\u00edm zdvojn\u00e1soben\u00ed dod\u00e1vek Rusk\u00e9 ropy<\/a>. V sou\u010dasnosti Indie dov\u00e1\u017e\u00ed 740 000 barel\u016f ropy! Po zv\u00fd\u0161en\u00ed tedy Indie bude od Ruska odeb\u00edrat celkem 1,5 milionu barel\u016f ropy denn\u011b. Vzhledem k tomu, \u017ee Rusko\u00a0<a href=\"https:\/\/www.insightsonindia.com\/2022\/06\/06\/insights-into-editorial-the-european-unions-ban-on-russian-oil\/\">dod\u00e1valo do EU v roce 2021 denn\u011b pouze 2,3 milionu barel\u016f denn\u011b<\/a>, a vzhledem k tomu, \u017ee \u010c\u00edna za\u010dala nakupovat od Ruska je\u0161t\u011b v\u00edce ropy ne\u017e Indie u\u017e p\u0159ed m\u011bs\u00edcem \u2013 je mo\u017en\u00e9, \u017ee na EU u\u017e \u017e\u00e1dn\u00e1 rusk\u00e1 ropa ani nezbude, tud\u00ed\u017e nev\u00edm kde ji chce Fiala br\u00e1t,\u00a0<a href=\"https:\/\/zahranicni.hn.cz\/c1-67078600-vyjimka-pro-cesko-produkty-z-dovezene-ruske-ropy-muze-nakupovat-do-prosince-2023#:~:text=Sd%C3%ADlet-,V%C3%BDjimka%20pro%20%C4%8Cesko%3A%20produkty%20z%20dovezen%C3%A9%20rusk%C3%A9,m%C5%AF%C5%BEe%20nakupovat%20do%20prosince%202023&amp;text=Evropsk%C3%A1%20unie%20v%20p%C3%A1tek,rusk%C3%A9%20ropy%20od%20p%C5%99elomu%20roku.\">kdy\u017e u\u017e si vyjednal v\u00fdjimku\u00a0<\/a>na dovoz rusk\u00e9 ropy do roku 2023. \u010cesko je nep\u0159\u00e1telsk\u00fd st\u00e1t Ruska \u010d.3 po USA a Ukrajin\u011b. Nev\u00edm, nev\u00edm jestli n\u00e1m Rusko bude ropu prod\u00e1vat, kdy\u017e mu nadb\u00edhaj\u00ed p\u0159\u00e1tel\u0161t\u00ed kupci!<\/p>\n<p>Rusko m\u00e1 jin\u00e9 pl\u00e1ny.<a href=\"https:\/\/www.gazeta.ru\/politics\/news\/2022\/06\/07\/17883854.shtml?updated\">\u00a0V\u010dera ozn\u00e1milo, \u017ee Krym, Don\u011bck a Luhansk mu u\u017e nesta\u010d\u00ed<\/a>, d\u00e1l se bezpodm\u00edne\u010dn\u011b po\u017eaduje Cherson a Dn\u011bpropetrovsk (dosud dokonce neobsazen), a o dal\u0161\u00edm odstoupen\u00e9m \u00fazem\u00ed (asi Charkov a Od\u011bsa) je Rusko p\u0159ipraveno jednat! Situace je tedy z\u0159ejm\u00e1, Ukrajina je bez \u0161ance. Mo\u017en\u00e1 proto vydal Seznam manu\u00e1l:\u00a0<a href=\"https:\/\/www.seznamzpravy.cz\/clanek\/zahranicni-zpravy-z-bojiste-boj-o-severodonecku-je-neprehledny-zjevne-vsak-krvavy-205148\">Jak \u010d\u00edst zpr\u00e1vy o v\u00e1lce na Donbase!<\/a>\u00a0Tak si ho p\u0159e\u010dt\u011bte, a\u0165 jste v obraze, co m\u00e1te \u0159\u00edkat, abyste n\u011bkde nenarazili na n\u011bjak\u00e9ho bd\u011bl\u00e9ho a ostra\u017eit\u00e9ho vl\u00e1dn\u00edho \u00fa\u0159edn\u00edka!<\/p>\n<p>Je 05.17 hodin r\u00e1no 7. \u010dervna a j\u00e1 jdu do hajan. A\u017e se probud\u00edm, tak tento po\u0159ad nato\u010d\u00edm na video a zve\u0159ejn\u00edm. Pod nadpisem potom najdete odkaz, kde bude video zve\u0159ejn\u011bno. Nenato\u010d\u00edm ho d\u0159\u00edv n\u011b\u017e po 8 hodin\u00e1ch sp\u00e1nku a sn\u00eddani, co\u017e by mohlo b\u00fdt v 16 hodin! M\u011bjte se dr\u017ete se! A d\u011bkuji za pomoc. \u010cl\u00e1nek je ps\u00e1n zase jako vys\u00edlac\u00ed text, proto ten za\u010d\u00e1tek!<\/p>\n<p><a href=\"https:\/\/www.michalapetr.com\/mip-58-husty-informace-budete-se-zase-divit-co-se-zase-deje\/\">ZDROJ<\/a><\/p>\n<p>&nbsp;<\/p>\n","protected":false},"excerpt":{"rendered":"<p>Dobr\u00fd den v\u00e1\u017een\u00ed div\u00e1ci v\u00edtejte u na\u0161\u00ed nejnov\u011bj\u0161\u00ed anal\u00fdzy (MAP 1187,\u00a0poslechnout si ji m\u016f\u017eete zde)&#8230;.<\/p>\n","protected":false},"author":2,"featured_media":10154,"comment_status":"closed","ping_status":"closed","sticky":false,"template":"","format":"standard","meta":[],"categories":[6],"tags":[1042,506,666,220,122,26],"_links":{"self":[{"href":"https:\/\/www.infokuryr.cz\/n\/wp-json\/wp\/v2\/posts\/11335"}],"collection":[{"href":"https:\/\/www.infokuryr.cz\/n\/wp-json\/wp\/v2\/posts"}],"about":[{"href":"https:\/\/www.infokuryr.cz\/n\/wp-json\/wp\/v2\/types\/post"}],"author":[{"embeddable":true,"href":"https:\/\/www.infokuryr.cz\/n\/wp-json\/wp\/v2\/users\/2"}],"replies":[{"embeddable":true,"href":"https:\/\/www.infokuryr.cz\/n\/wp-json\/wp\/v2\/comments?post=11335"}],"version-history":[{"count":0,"href":"https:\/\/www.infokuryr.cz\/n\/wp-json\/wp\/v2\/posts\/11335\/revisions"}],"wp:featuredmedia":[{"embeddable":true,"href":"https:\/\/www.infokuryr.cz\/n\/wp-json\/wp\/v2\/media\/10154"}],"wp:attachment":[{"href":"https:\/\/www.infokuryr.cz\/n\/wp-json\/wp\/v2\/media?parent=11335"}],"wp:term":[{"taxonomy":"category","embeddable":true,"href":"https:\/\/www.infokuryr.cz\/n\/wp-json\/wp\/v2\/categories?post=11335"},{"taxonomy":"post_tag","embeddable":true,"href":"https:\/\/www.infokuryr.cz\/n\/wp-json\/wp\/v2\/tags?post=11335"}],"curies":[{"name":"wp","href":"https:\/\/api.w.org\/{rel}","templated":true}]}}