{"id":1123,"date":"2021-04-25T11:35:14","date_gmt":"2021-04-25T09:35:14","guid":{"rendered":"http:\/\/www.infokuryr.cz\/n\/?p=1123"},"modified":"2021-04-25T11:35:14","modified_gmt":"2021-04-25T09:35:14","slug":"projev-prezidenta-zemana-ke-kauze-vrbetice","status":"publish","type":"post","link":"https:\/\/www.infokuryr.cz\/n\/2021\/04\/25\/projev-prezidenta-zemana-ke-kauze-vrbetice\/","title":{"rendered":"Projev prezidenta Zemana ke kauze Vrb\u011btice"},"content":{"rendered":"<div id=\"fb-root\"><\/div>\n<div class=\"f_c3\">\n<p class=\"e_Q\">Dobr\u00fd den, v\u00e1\u017een\u00ed a mil\u00ed spoluob\u010dan\u00e9,<\/p>\n<\/div>\n<div class=\"f_c3\">\n<p class=\"e_Q\">p\u0159ed t\u00fddnem jsem byl informov\u00e1n p\u0159edsedou vl\u00e1dy a 1. m\u00edstop\u0159edsedou vl\u00e1dy o podez\u0159en\u00ed, \u017ee v\u00fdbuch v muni\u010dn\u00edm skladu Vrb\u011btice byl zp\u016fsoben dv\u011bma rusk\u00fdmi agenty. Pokl\u00e1d\u00e1m za svoji samoz\u0159ejmou povinnost se k tomuto podez\u0159en\u00ed vyj\u00e1d\u0159it, a pr\u00e1v\u011b proto jsem se nejd\u0159\u00edve seznamoval se v\u0161emi relevantn\u00edmi informacemi. Setkal jsem se mimo jin\u00e9 s policejn\u00edm prezidentem, nechal jsem si zpracovat celou \u0159adu anal\u00fdz a dnes p\u0159ed v\u00e1s p\u0159edstupuji jako \u010dlov\u011bk, kter\u00fd se domn\u00edv\u00e1, \u017ee m\u00e1 dostatek informac\u00ed, aby se k cel\u00e9 z\u00e1le\u017eitosti mohl vyj\u00e1d\u0159it s chladn\u00fdm rozumem a bez jak\u00e9koli hysterie.<\/p>\n<\/div>\n<div class=\"f_c3\">\n<p class=\"e_Q\">Za\u010dn\u011bme tedy za\u010d\u00e1tkem. V roce 2014 do\u0161lo ve Vrb\u011btic\u00edch v muni\u010dn\u00edm skladu ke dv\u011bma v\u00fdbuch\u016fm, kter\u00e9 byly \u010dasov\u011b odd\u011bleny zhruba jedn\u00edm m\u011bs\u00edcem. Tyto v\u00fdbuchy byly vy\u0161et\u0159ov\u00e1ny a z\u00e1v\u011br tehdej\u0161\u00edho vy\u0161et\u0159ov\u00e1n\u00ed zn\u011bl, \u017ee byly zp\u016fsobeny neodbornou manipulac\u00ed p\u0159i vysklad\u0148ov\u00e1n\u00ed muni\u010dn\u00edho materi\u00e1lu. Tato munice m\u011bla b\u00fdt dod\u00e1na do Bulharska. Bulharsk\u00fd obchodn\u00edk se zbran\u011bmi to pop\u0159el, ale usv\u011bd\u010duj\u00ed ho jednak kupn\u00ed smlouva a dokonce i ji\u017e vyplacen\u00e1 z\u00e1loha za tento odb\u011br. Proto takzvanou bulharskou stopu m\u016f\u017eeme pova\u017eovat za prok\u00e1zanou.<\/p>\n<\/div>\n<div class=\"f_c3\">\n<p class=\"e_Q\">Pak uplynulo zhruba \u0161est let a nic se ned\u011blo s\u00a0v\u00fdjimkou soudu, kde byli ob\u017ealov\u00e1ni n\u011bkte\u0159\u00ed pracovn\u00edci firmy Imex Group, ale p\u0159i tomto soudn\u00edm p\u0159el\u00ed\u010den\u00ed byli v\u0161ichni ob\u017ealovan\u00ed osvobozeni.<\/p>\n<\/div>\n<div class=\"f_c3\">\n<p class=\"e_Q\">Bezpe\u010dnostn\u00ed a informa\u010dn\u00ed slu\u017eba po \u0161est let ve sv\u00fdch v\u00fdro\u010dn\u00edch zpr\u00e1v\u00e1ch, v\u010detn\u011b jejich neve\u0159ejn\u00fdch \u010d\u00e1st\u00ed, nikdy nezmi\u0148ovala kauzu Vrb\u011btice. Teprve v posledn\u00edch asi t\u0159ech t\u00fddnech bylo vzneseno obvin\u011bn\u00ed v\u016f\u010di dv\u011bma rusk\u00fdm agent\u016fm, kte\u0159\u00ed p\u016fsobili na na\u0161em \u00fazem\u00ed se dv\u011bma kryc\u00edmi pasy, t\u00e1d\u017eick\u00fdm a moldavsk\u00fdm, a tito agenti byli obvin\u011bni, \u017ee zp\u016fsobili v\u00fdbuch ve Vrb\u011btic\u00edch. Mohu konstatovat, \u017ee ve zpr\u00e1v\u011b BIS se uv\u00e1d\u00ed, a tuto v\u011btu jsem si podtrhl, \u017ee neexistuj\u00ed d\u016fkazy ani sv\u011bdectv\u00ed, \u017ee by tito dva agenti byli ve vrb\u011btick\u00e9m are\u00e1lu. Koneckonc\u016f, kdy\u017e se zkoumal druh\u00fd are\u00e1l t\u011bsn\u011b p\u0159ed jeho v\u00fdbuchem, nebyl v n\u011bm nalezen \u017e\u00e1dn\u00fd v\u00fdbu\u0161n\u00fd syst\u00e9m. Z toho ov\u0161em nevypl\u00fdv\u00e1, \u017ee podez\u0159en\u00ed z jejich \u00fa\u010dasti nen\u00ed v\u00e1\u017en\u00e9. Jednak se mus\u00edme pt\u00e1t, co tady v\u016fbec d\u011blali? Zadruh\u00e9 to, \u017ee BIS neprok\u00e1zala jejich \u00fa\u010dast, neznamen\u00e1, \u017ee do vrb\u011btick\u00e9ho are\u00e1lu nevnikli. Policejn\u00ed vy\u0161et\u0159ov\u00e1n\u00ed pracuje s hypot\u00e9zou, \u017ee je tam mohl prov\u00e9zt jeden z majitel\u016f firmy Imex. Toto podez\u0159en\u00ed je zapot\u0159eb\u00ed bu\u010f vyvr\u00e1tit, nebo potvrdit. V ka\u017ed\u00e9m p\u0159\u00edpad\u011b, pokud by se prok\u00e1zalo, \u017ee tam byli, nen\u00ed o \u010dem diskutovat. Pokud by se alespo\u0148 prok\u00e1zalo, \u017ee byly jak\u00e9si e-maily, jimi\u017e se do\u017eadovali, aby do tohoto are\u00e1lu mohli vstoupit, je to rovn\u011b\u017e d\u016fvod k z\u00e1va\u017en\u00e9mu podez\u0159en\u00ed. Co by tam proboha m\u011bli d\u011blat! A proto\u017ee ka\u017ed\u00fd e-mail m\u00e1 svoji adresu, p\u0159edpokl\u00e1d\u00e1m, \u017ee dal\u0161\u00ed vy\u0161et\u0159ov\u00e1n\u00ed uk\u00e1\u017ee, s k\u00fdm si tito dva agenti dopisovali a jak dopadla jejich \u00fadajn\u00e1 \u017e\u00e1dost o \u00fa\u010dast ve vrb\u011btick\u00e9m are\u00e1lu.<\/p>\n<\/div>\n<div class=\"f_c3\">\n<p class=\"e_Q\">V\u00e1\u017een\u00ed spoluob\u010dan\u00e9, \u017e\u00e1dn\u00e1 suver\u00e9nn\u00ed zem\u011b si nem\u016f\u017ee dovolit, aby na jejich \u00fazem\u00ed dva agenti ciz\u00edho st\u00e1tu zp\u016fsobili teroristick\u00fd atent\u00e1t, p\u0159i n\u011bm\u017e zahynuli dva \u010de\u0161t\u00ed ob\u010dan\u00e9 a byla zp\u016fsobena miliardov\u00e1 \u0161koda. Na druh\u00e9 stran\u011b pracujeme se dv\u011bma ur\u010duj\u00edc\u00edmi verzemi. Tou prvn\u00ed, to jest p\u016fvodn\u00ed, \u017ee do\u0161lo k\u00a0v\u00fdbuchu v\u00a0d\u016fsledku neodborn\u00e9 manipulace s\u00a0v\u00fdbu\u0161n\u00fdm materi\u00e1lem a tou druhou, \u017ee se jednalo o\u00a0akci ciz\u00ed rozv\u011bdky. Beru ob\u011b dv\u011b tyto verze v\u00e1\u017en\u011b a p\u0159eji si, aby byly d\u016fkladn\u011b pro\u0161et\u0159eny. Policie \u010cesk\u00e9 republiky, ale i\u00a0Nejvy\u0161\u0161\u00ed st\u00e1tn\u00ed zastupitelstv\u00ed, kter\u00e9 tento p\u0159\u00edpad dozoruje, maj\u00ed moji plnou d\u016fv\u011bru. P\u0159eji si, jako vrchn\u00ed velitel ozbrojen\u00fdch sil, kam Policie \u010cesk\u00e9 republiky nepochybn\u011b pat\u0159\u00ed, aby na vy\u0161et\u0159ov\u00e1n\u00ed byla nasazena maxim\u00e1ln\u00ed kapacita a aby, a\u017e vy\u0161et\u0159ov\u00e1n\u00ed skon\u010d\u00ed, ob\u010dan\u00e9 \u010cesk\u00e9 republiky m\u011bli plnou informovanost a nic se neutajovalo.<\/p>\n<\/div>\n<div class=\"f_c3\">\n<p class=\"e_Q\">Douf\u00e1m, \u017ee se dov\u00edme pravdu. Dov\u00edme se, zda toto podez\u0159en\u00ed je opr\u00e1vn\u011bn\u00e9 a v\u00a0takov\u00e9m p\u0159\u00edpad\u011b, a\u010d podporuji korektn\u00ed vztahy se v\u0161emi v\u00fdznamn\u00fdmi zem\u011bmi, je zapot\u0159eb\u00ed, aby Rusk\u00e1 federace za tento p\u0159\u00edpadn\u00fd teroristick\u00fd \u010din zaplatila nap\u0159\u00edklad ne\u00fa\u010dast\u00ed Rosatomu v\u00a0tendru na Dukovany. Pokud naopak toto podez\u0159en\u00ed bude vyvr\u00e1ceno, pak z\u00a0toho vypl\u00fdv\u00e1, \u017ee \u0161lo o\u00a0zpravodajskou hru, kter\u00e1 m\u016f\u017ee m\u00edt v\u00e1\u017en\u00e9 d\u016fsledky pro n\u00e1\u0161 vnit\u0159n\u00ed politick\u00fd \u017eivot.<\/p>\n<\/div>\n<div class=\"f_bb\" data-dot=\"mol-self-promo\">\n<div class=\"mol-native-advert js-ad f_bg\">Po\u010dkejme tedy bez hysterie a spekulac\u00ed na v\u00fdsledky vy\u0161et\u0159en\u00ed a potom teprve rozhodn\u011bme.<\/div>\n<\/div>\n<div class=\"f_c3\">\n<p class=\"e_Q\">D\u011bkuji v\u00e1m za va\u0161i pozornost.<\/p>\n<\/div>\n<p>&nbsp;<\/p>\n","protected":false},"excerpt":{"rendered":"<p>Dobr\u00fd den, v\u00e1\u017een\u00ed a mil\u00ed spoluob\u010dan\u00e9, p\u0159ed t\u00fddnem jsem byl informov\u00e1n p\u0159edsedou vl\u00e1dy a 1&#8230;.<\/p>\n","protected":false},"author":2,"featured_media":962,"comment_status":"closed","ping_status":"closed","sticky":false,"template":"","format":"standard","meta":[],"categories":[6],"tags":[146,49,145,185],"_links":{"self":[{"href":"https:\/\/www.infokuryr.cz\/n\/wp-json\/wp\/v2\/posts\/1123"}],"collection":[{"href":"https:\/\/www.infokuryr.cz\/n\/wp-json\/wp\/v2\/posts"}],"about":[{"href":"https:\/\/www.infokuryr.cz\/n\/wp-json\/wp\/v2\/types\/post"}],"author":[{"embeddable":true,"href":"https:\/\/www.infokuryr.cz\/n\/wp-json\/wp\/v2\/users\/2"}],"replies":[{"embeddable":true,"href":"https:\/\/www.infokuryr.cz\/n\/wp-json\/wp\/v2\/comments?post=1123"}],"version-history":[{"count":0,"href":"https:\/\/www.infokuryr.cz\/n\/wp-json\/wp\/v2\/posts\/1123\/revisions"}],"wp:featuredmedia":[{"embeddable":true,"href":"https:\/\/www.infokuryr.cz\/n\/wp-json\/wp\/v2\/media\/962"}],"wp:attachment":[{"href":"https:\/\/www.infokuryr.cz\/n\/wp-json\/wp\/v2\/media?parent=1123"}],"wp:term":[{"taxonomy":"category","embeddable":true,"href":"https:\/\/www.infokuryr.cz\/n\/wp-json\/wp\/v2\/categories?post=1123"},{"taxonomy":"post_tag","embeddable":true,"href":"https:\/\/www.infokuryr.cz\/n\/wp-json\/wp\/v2\/tags?post=1123"}],"curies":[{"name":"wp","href":"https:\/\/api.w.org\/{rel}","templated":true}]}}