{"id":11209,"date":"2022-06-04T03:35:44","date_gmt":"2022-06-04T01:35:44","guid":{"rendered":"http:\/\/www.infokuryr.cz\/n\/?p=11209"},"modified":"2022-06-04T03:35:44","modified_gmt":"2022-06-04T01:35:44","slug":"nova-studie-vyvraci-famu-o-dlouhem-covide-nic-takoveho-neexistuje","status":"publish","type":"post","link":"https:\/\/www.infokuryr.cz\/n\/2022\/06\/04\/nova-studie-vyvraci-famu-o-dlouhem-covide-nic-takoveho-neexistuje\/","title":{"rendered":"Nov\u00e1 studie vyvrac\u00ed f\u00e1mu o \u201edlouh\u00e9m covid\u011b\u201c: Nic takov\u00e9ho neexistuje"},"content":{"rendered":"<div id=\"fb-root\"><\/div>\n<p><span>Americk\u00fd N\u00e1rodn\u00ed institut zdrav\u00ed (NIH) zve\u0159ejnil novou studii, kter\u00e1 pop\u00edr\u00e1 existenci takzvan\u00e9ho \u201edlouh\u00e9ho covidu\u201c.<\/span><\/p>\n<p><span>Realita je takov\u00e1, \u017ee lid\u00e9, kte\u0159\u00ed tvrd\u00ed, \u017ee trp\u00ed dlouhotrvaj\u00edc\u00edm covidem, si to v\u00edc ne\u017e pravd\u011bpodobn\u011b jen nam\u00fd\u0161lej\u00ed, prozradil vl\u00e1dn\u00ed org\u00e1n.\u00a0To, co maj\u00ed, je jednoduch\u00e1 \u00fazkost vyvolan\u00e1 strachem a paranoi\u00ed z koronaviru (Covid-19).<\/span><\/p>\n<h2><span>Co zjistila studie<\/span><\/h2>\n<p><span>Studie \u2013 m\u016f\u017eete si ji prohl\u00e9dnout sami na\u00a0<\/span><a href=\"https:\/\/www.acpjournals.org\/doi\/10.7326\/M21-4905\" target=\"_blank\" rel=\"noopener\"><span>tomto odkazu<\/span><\/a><span>\u00a0\u2013 vysv\u011btluje, \u017ee neexistuj\u00ed \u017e\u00e1dn\u00e9 spolehliv\u00e9 d\u016fkazy dokazuj\u00edc\u00ed existenci dlouhotrvaj\u00edc\u00edho covidu.\u00a0Krom\u011b toho, demograficky nejn\u00e1chyln\u011bj\u0161\u00ed k \u00fadajn\u00e9mu dlouh\u00e9mu covidu jsou \u017eeny s anamn\u00e9zou \u00fazkostn\u00fdch poruch.<\/span><\/p>\n<p><span>Kdy\u017e si d\u00e1me dv\u011b a dv\u011b dohromady, dlouh\u00fd covid je stav du\u0161evn\u00edho zdrav\u00ed, kter\u00fd je zcela odd\u011blen od jak\u00e9hokoli skute\u010dn\u00e9ho fyzick\u00e9ho probl\u00e9mu.<\/span><\/p>\n<p><span>Zd\u00e1 se, \u017ee ti, kte\u0159\u00ed jsou nejv\u00edce n\u00e1chyln\u00ed k jeho \u201echycen\u00ed\u201c, jsou ti, kte\u0159\u00ed nejv\u00edce propadnou vl\u00e1dn\u00edmu a medi\u00e1ln\u00edmu vym\u00fdv\u00e1n\u00ed mozk\u016f \u2013 a toto p\u0159izn\u00e1n\u00ed poch\u00e1z\u00ed \u0161okuj\u00edc\u00ed od ofici\u00e1ln\u00ed vl\u00e1dn\u00ed agentury.<\/span><\/p>\n<p><span>(Souvisej\u00edc\u00ed: P\u0159\u00edznaky dlouh\u00e9ho covidu mohou b\u00fdt jen jin\u00e9 ozna\u010den\u00ed pro\u00a0<\/span><a href=\"https:\/\/naturalnews.com\/2021-08-10-long-covid-code-for-long-term-vaccine-damage.html\"><span>po\u0161kozen\u00ed covidov\u00fdmi vakc\u00ednami<\/span><\/a><span>\u00a0.)<\/span><\/p>\n<p><em><span>\u201eByla identifikov\u00e1na v\u00fdrazn\u011b vy\u0161\u0161\u00ed pravd\u011bpodobnost rozvoje \u201edlouh\u00e9ho covidu\u201c u \u017een a speci\u00e1ln\u011b u \u017een s \u00fazkostn\u00fdmi poruchami,\u201c\u00a0<\/span><\/em><span>\u00a0napsala na Twitteru Dr.\u00a0Tracy H\u00f8eg, MD, PhD.<\/span><\/p>\n<p><em><span>\u201eStudii se p\u0159i diagnostick\u00e9m testov\u00e1n\u00ed nepoda\u0159ilo identifikovat objektivn\u00ed abnormality, kter\u00e9 by vysv\u011btlily p\u0159etrv\u00e1vaj\u00edc\u00ed symptomy.\u201c<\/span><\/em><\/p>\n<h2><span>Dlouh\u00fd covid je psychick\u00e1 porucha, ne skute\u010dn\u00e9 fyzick\u00e9 onemocn\u011bn\u00ed<\/span><\/h2>\n<p><span>Podle listu\u00a0<\/span><em><span>Daily Caller\u00a0<\/span><\/em><span>\u00a0se studie NIH z\u00fa\u010dastnilo 189 lid\u00ed s laboratorn\u011b potvrzen\u00fdm onemocn\u011bn\u00edm Covid-19.\u00a0V\u0161ichni byli nejm\u00e9n\u011b \u0161est t\u00fddn\u016f po nemoci, kdy se objevily p\u0159\u00edznaky.<\/span><\/p>\n<p><span>Tato skupina \u00fa\u010dastn\u00edk\u016f byla porovn\u00e1v\u00e1na se 120 \u00fa\u010dastn\u00edky v kontroln\u00ed skupin\u011b, kte\u0159\u00ed m\u011bli \u201enegativn\u00ed\u201c testy na protil\u00e1tky proti Covid-19.<\/span><\/p>\n<p><span>\u00da\u010dastn\u00edci absolvovali fyzik\u00e1ln\u00ed vy\u0161et\u0159en\u00ed, laboratorn\u00ed testy, dotazn\u00edky, kognitivn\u00ed testy a kardiopulmon\u00e1ln\u00ed vy\u0161et\u0159en\u00ed.\u00a0Na z\u00e1klad\u011b toho ve v\u011bt\u0161in\u011b p\u0159\u00edpad\u016f nebyla pozorov\u00e1na \u017e\u00e1dn\u00e1 identifikovateln\u00e1 p\u0159\u00ed\u010dina symptom\u016f \u201edlouh\u00e9ho covidu\u201c.<\/span><\/p>\n<p><span>Studie vysv\u011btluje, \u017ee 55% infikovan\u00fdch covidem hl\u00e1silo p\u0159\u00edznaky dlouh\u00e9ho covidu, zat\u00edmco pouze 13% kontroln\u00ed skupiny hl\u00e1silo n\u011bjak\u00e9 symptomy.\u00a0Pacienti s p\u0159\u00edznaky \u201edlouh\u00e9ho covidu\u201c hl\u00e1sili na standardizovan\u00fdch testech ni\u017e\u0161\u00ed kvalitu \u017eivota.<\/span><\/p>\n<p><em><span>\u201eVysv\u011btluj\u00edc\u00ed studie nena\u0161ly \u017e\u00e1dn\u00e9 d\u016fkazy o p\u0159etrv\u00e1vaj\u00edc\u00ed virov\u00e9 infekci, autoimunitu nebo abnorm\u00e1ln\u00ed imunitn\u00ed aktivaci u \u00fa\u010dastn\u00edk\u016f studie, kte\u0159\u00ed prod\u011blali onemocn\u011bn\u00ed Covid-19,\u201c\u00a0<\/span><\/em><span> uzav\u0159eli auto\u0159i studie.<\/span><\/p>\n<p><em><span>\u201eAbnorm\u00e1ln\u00ed n\u00e1lezy p\u0159i fyzick\u00e9m vy\u0161et\u0159en\u00ed a diagnostick\u00fdch testech nebyly zaznamen\u00e1ny.\u201c<\/span><\/em><\/p>\n<p><span>Zd\u00e1 se, \u017ee v\u0161echny d\u016fkazy poukazuj\u00ed na skute\u010dnost, \u017ee dlouhotrvaj\u00edc\u00ed covid je jen psychologick\u00e1 porucha zp\u016fsoben\u00e1 pandemick\u00fdm strachem.\u00a0Je-li tomu tak, pak ti, co toto cel\u00e9 vymysleli, sp\u00e1chali v\u00e1\u017en\u00e9 zlo\u010diny proti lidskosti, kter\u00e9 vy\u017eaduj\u00ed p\u0159\u00edsn\u00fd trest.<\/span><\/p>\n<h2><span>Pohledy \u010dten\u00e1\u0159\u016f na toto t\u00e9ma<\/span><\/h2>\n<p><em><span>\u201eLid\u00e9, tv\u00e1\u0159\u00edte se, \u017ee jste p\u0159ekvapeni?\u201c\u00a0<\/span><\/em><span>\u00a0napsal n\u011bkdo na port\u00e1lu\u00a0<\/span><em><span>Newspunch<\/span><\/em><span>\u00a0.<\/span><\/p>\n<p><em><span>\u201eMainstreamov\u00e1 propaganda nepublikuje nic, co nen\u00ed prosp\u011b\u0161n\u00e9 pro mizantropick\u00e9 parazity.\u00a0Ve skute\u010dnosti se v\u017edy sna\u017e\u00ed potla\u010dit a cenzurovat jak\u00e9koli informace, kter\u00e9 jsou prosp\u011b\u0161n\u00e9 pro lidstvo.\u201c<\/span><\/em><\/p>\n<p><span>Jin\u00fd \u017eertoval, \u017ee dal\u0161\u00edm na programu jsou \u201edlouh\u00e9 opi\u010d\u00ed ne\u0161tovice\u201c, jeliko\u017e se zd\u00e1, \u017ee glob\u00e1ln\u00ed architekti si vybrali opi\u010d\u00ed ne\u0161tovice jako sv\u016fj dal\u0161\u00ed plandemick\u00fd podvod na zinkasov\u00e1n\u00ed a zabit\u00ed koz (nebo ovc\u00ed?).<\/span><\/p>\n<p><em><span>&#8222;Chystaj\u00ed se tuto v\u011bc podojit do maxim\u00e1ln\u00ed m\u00edry,&#8220; odpov\u011bd\u011bl dal\u0161\u00ed.\u00a0\u201eBl\u00ed\u017e\u00ed se dopl\u0148uj\u00edc\u00ed volby do kongresu, tak\u017ee bu\u010fte p\u0159ipraveni.\u00a0V nab\u00eddce bude v\u00edce po\u0161tovn\u00edch hlasovac\u00edch l\u00edstk\u016f.\u201c\u00a0<\/span><\/em><span>\u00a0(pozn\u00e1mka: Hlasov\u00e1n\u00ed po\u0161tou se v USA poj\u00ed s mnoha podvody.)<\/span><\/p>\n<p><span>Dal\u0161\u00ed \u010dten\u00e1\u0159 pouk\u00e1zal (stejn\u011b jako my) na to, \u017ee dlouh\u00fd covid a pravd\u011bpodobn\u011b i mnoh\u00e9 p\u0159\u00edpady skute\u010dn\u00e9ho covidu nejsou nic jin\u00e9ho ne\u017e\u00a0<\/span><a href=\"https:\/\/www.badatel.net\/svet-trpi-hromadnou-halucinacnou-psychozou-ako-z-toho-von\/\"><span>masov\u00e1 halucina\u010dn\u00ed psych\u00f3za<\/span><\/a><span>\u00a0projevuj\u00edc\u00ed se jako fyzick\u00e1 nemoc.<\/span><\/p>\n<p><em><span>\u201eTohle je nau\u010den\u00e1 bezmocnost,\u201c\u00a0<\/span><\/em><span>\u00a0dodala tat\u00e1\u017e osoba.<\/span><\/p>\n<p><em><span>\u201ePsychosomatick\u00e1 hypochondrie.\u00a0Bl\u00e1zniv\u00e9 ob\u011bti ztr\u00e1ty kontroly mysli, ment\u00e1ln\u011b a emocion\u00e1ln\u011b zneu\u017e\u00edv\u00e1ny \u0161ikanov\u00e1n\u00edm, co\u017e u nich vy\u00fastilo do \u0161patn\u00e9ho zdravotn\u00edho stavu, deprese a sebevra\u017eedn\u00fdch my\u0161lenek.<\/span><\/em><\/p>\n<p><em><span>A toto v\u0161e jim zp\u016fsobili \u201edob\u0159\u00ed a respektovan\u00ed\u201c p\u0159edstavitel\u00e9 zdravotn\u00ed p\u00e9\u010de.\u201c<\/span><\/em><\/p>\n<h2><span>Z\u00e1v\u011br<\/span><\/h2>\n<p><span>Chcete k t\u00e9to konverzaci je\u0161t\u011b n\u011bco dodat?\u00a0Dejte n\u00e1m v\u011bd\u011bt v koment\u00e1\u0159\u00edch n\u00ed\u017ee.<\/span><\/p>\n<p><span>Nejnov\u011bj\u0161\u00ed zpr\u00e1vy o plandemii covidu naleznete na\u00a0<\/span><a href=\"http:\/\/pandemic.news\/\" target=\"_blank\" rel=\"noopener\"><span>Pandemic.news<\/span><\/a><span> .<\/span><\/p>\n<p><span>Autor: Ethan Huff, Zdroj:\u00a0<\/span><a href=\"https:\/\/www.naturalnews.com\/2022-06-01-study-theres-no-such-thing-long-covid.html\" target=\"_blank\" rel=\"noopener\"><span>naturalnews.com<\/span><\/a><span>\u00a0<\/span><\/p>\n<p>&nbsp;<\/p>\n","protected":false},"excerpt":{"rendered":"<p>Americk\u00fd N\u00e1rodn\u00ed institut zdrav\u00ed (NIH) zve\u0159ejnil novou studii, kter\u00e1 pop\u00edr\u00e1 existenci takzvan\u00e9ho \u201edlouh\u00e9ho covidu\u201c. Realita&#8230;<\/p>\n","protected":false},"author":2,"featured_media":5969,"comment_status":"closed","ping_status":"closed","sticky":false,"template":"","format":"standard","meta":[],"categories":[7],"tags":[23,1028,839],"_links":{"self":[{"href":"https:\/\/www.infokuryr.cz\/n\/wp-json\/wp\/v2\/posts\/11209"}],"collection":[{"href":"https:\/\/www.infokuryr.cz\/n\/wp-json\/wp\/v2\/posts"}],"about":[{"href":"https:\/\/www.infokuryr.cz\/n\/wp-json\/wp\/v2\/types\/post"}],"author":[{"embeddable":true,"href":"https:\/\/www.infokuryr.cz\/n\/wp-json\/wp\/v2\/users\/2"}],"replies":[{"embeddable":true,"href":"https:\/\/www.infokuryr.cz\/n\/wp-json\/wp\/v2\/comments?post=11209"}],"version-history":[{"count":0,"href":"https:\/\/www.infokuryr.cz\/n\/wp-json\/wp\/v2\/posts\/11209\/revisions"}],"wp:featuredmedia":[{"embeddable":true,"href":"https:\/\/www.infokuryr.cz\/n\/wp-json\/wp\/v2\/media\/5969"}],"wp:attachment":[{"href":"https:\/\/www.infokuryr.cz\/n\/wp-json\/wp\/v2\/media?parent=11209"}],"wp:term":[{"taxonomy":"category","embeddable":true,"href":"https:\/\/www.infokuryr.cz\/n\/wp-json\/wp\/v2\/categories?post=11209"},{"taxonomy":"post_tag","embeddable":true,"href":"https:\/\/www.infokuryr.cz\/n\/wp-json\/wp\/v2\/tags?post=11209"}],"curies":[{"name":"wp","href":"https:\/\/api.w.org\/{rel}","templated":true}]}}