{"id":11205,"date":"2022-06-04T03:29:45","date_gmt":"2022-06-04T01:29:45","guid":{"rendered":"http:\/\/www.infokuryr.cz\/n\/?p=11205"},"modified":"2022-06-04T03:29:45","modified_gmt":"2022-06-04T01:29:45","slug":"rusko-nebrani-vyvozu-ukrajinskeho-obili-ukrajina-musi-odminovat-sve-pristavy-rekl-vladimir-putin","status":"publish","type":"post","link":"https:\/\/www.infokuryr.cz\/n\/2022\/06\/04\/rusko-nebrani-vyvozu-ukrajinskeho-obili-ukrajina-musi-odminovat-sve-pristavy-rekl-vladimir-putin\/","title":{"rendered":"Rusko nebr\u00e1n\u00ed v\u00fdvozu ukrajinsk\u00e9ho obil\u00ed, Ukrajina mus\u00ed odminovat sv\u00e9 p\u0159\u00edstavy, \u0159ekl Vladimir Putin"},"content":{"rendered":"<div id=\"fb-root\"><\/div>\n<p><strong>Co se t\u00fd\u010de v\u00fdvozu ukrajinsk\u00e9ho obil\u00ed. Nebr\u00e1n\u00edme tomu. A existuje n\u011bkolik zp\u016fsob\u016f, jak obil\u00ed vyv\u00e1\u017eet, \u0159ekl Putin v rozhovoru pro televizn\u00ed kan\u00e1l Rossija 24.<\/strong><\/p>\n<p>Prvn\u00ed zp\u016fsob podle jeho slov spo\u010d\u00edv\u00e1 v tom, \u017ee \u201eje mo\u017en\u00e9 vyv\u00e1\u017eet p\u0159es p\u0159\u00edstavy, kter\u00e9 jsou pod kontrolou Ukrajiny, p\u0159edev\u0161\u00edm je to povod\u00ed \u010cern\u00e9ho mo\u0159e \u2013 Od\u011bsa a bl\u00edzk\u00e9 p\u0159\u00edstavy\u201c. Pokud Ukrajina vy\u010dist\u00ed p\u0159\u00edstavy od min, lod\u011b s obil\u00edm budou moci odtud vyplouvat bez jak\u00fdchkoliv probl\u00e9m\u016f, \u0159ekl rusk\u00fd prezident Vladimir Putin.<\/p>\n<p>\u201eNebyli jsme to my, kdo zaminoval p\u0159\u00edstup k p\u0159\u00edstavu. Ukrajina ho zaminovala. U\u017e jsem mnohokr\u00e1t \u0159\u00edkal v\u0161em na\u0161im koleg\u016fm: a\u0165 odminuj\u00ed a pros\u00edm, a\u0165 lod\u011b s obil\u00edm opust\u00ed p\u0159\u00edstavy. My zaru\u010dujeme klidn\u00fd a bezprobl\u00e9mov\u00fd pr\u016fchod. Ale \u017e\u00e1dn\u00e9 probl\u00e9my, pros\u00edm. Mus\u00ed odminovat a vyzvednout tam ze dna \u010cern\u00e9ho mo\u0159e lod\u011b, kter\u00e9 byly potopeny, aby bylo zt\u00ed\u017eeno proplouv\u00e1n\u00ed do t\u011bch p\u0159\u00edstav\u016f na jihu Ukrajiny,\u201c \u0159ekl Putin v po\u0159adu televizn\u00ed stanice Rossija 24.<\/p>\n<p>Mezi dal\u0161\u00edmi variantami jmenoval mo\u017enosti v\u00fdvozu obil\u00ed p\u0159es p\u0159\u00edstavy Ber\u010fansk a Mariupol, kter\u00e9 jsou pod ruskou kontrolou, p\u0159es Dunaj, Ma\u010farsko, Polsko nebo B\u011blorusko. Posledn\u00ed mo\u017enost je nejjednodu\u0161\u0161\u00ed a nejlevn\u011bj\u0161\u00ed, proto\u017ee obil\u00ed p\u016fjde p\u0159\u00edmo do p\u0159\u00edstav\u016f pobaltsk\u00fdch st\u00e1t\u016f, ale k tomu je nutn\u00e9 zru\u0161it protib\u011blorusk\u00e9 sankce, \u0159ekl Putin.<\/p>\n<p><strong>Rusko je p\u0159ipraveno zv\u00fd\u0161it export p\u0161enice<\/strong><\/p>\n<p>Rusko je p\u0159ipraveno zv\u00fd\u0161it v\u00fdvoz p\u0161enice na 50 milion\u016f tun, \u0159ekl rusk\u00fd prezident Vladimir Putin.<\/p>\n<p>\u201eV tomto zem\u011bd\u011blsk\u00e9m roce &#8211; 2021-2022 &#8211; vyvezeme 37 milion\u016f tun a v letech 2022-2023 si mysl\u00edm, \u017ee zv\u00fd\u0161\u00edme tento export na 50 milion\u016f tun,\u201c \u0159ekl Putin v rozhovoru pro televizn\u00ed kan\u00e1l Rossija 24.<\/p>\n<p><a href=\"https:\/\/cz.sputniknews.com\/20220603\/rusko-nebrani-vyvozu-ukrajinskeho-obili-ukrajina-musi-odminovat-sve-pristavy-rekl-vladimir-putin-18344433.html\">ZDROJ<\/a><\/p>\n<p>&nbsp;<\/p>\n","protected":false},"excerpt":{"rendered":"<p>Co se t\u00fd\u010de v\u00fdvozu ukrajinsk\u00e9ho obil\u00ed. Nebr\u00e1n\u00edme tomu. A existuje n\u011bkolik zp\u016fsob\u016f, jak obil\u00ed vyv\u00e1\u017eet,&#8230;<\/p>\n","protected":false},"author":2,"featured_media":8854,"comment_status":"closed","ping_status":"closed","sticky":false,"template":"","format":"standard","meta":[],"categories":[7],"tags":[2023,2006,22,26],"_links":{"self":[{"href":"https:\/\/www.infokuryr.cz\/n\/wp-json\/wp\/v2\/posts\/11205"}],"collection":[{"href":"https:\/\/www.infokuryr.cz\/n\/wp-json\/wp\/v2\/posts"}],"about":[{"href":"https:\/\/www.infokuryr.cz\/n\/wp-json\/wp\/v2\/types\/post"}],"author":[{"embeddable":true,"href":"https:\/\/www.infokuryr.cz\/n\/wp-json\/wp\/v2\/users\/2"}],"replies":[{"embeddable":true,"href":"https:\/\/www.infokuryr.cz\/n\/wp-json\/wp\/v2\/comments?post=11205"}],"version-history":[{"count":0,"href":"https:\/\/www.infokuryr.cz\/n\/wp-json\/wp\/v2\/posts\/11205\/revisions"}],"wp:featuredmedia":[{"embeddable":true,"href":"https:\/\/www.infokuryr.cz\/n\/wp-json\/wp\/v2\/media\/8854"}],"wp:attachment":[{"href":"https:\/\/www.infokuryr.cz\/n\/wp-json\/wp\/v2\/media?parent=11205"}],"wp:term":[{"taxonomy":"category","embeddable":true,"href":"https:\/\/www.infokuryr.cz\/n\/wp-json\/wp\/v2\/categories?post=11205"},{"taxonomy":"post_tag","embeddable":true,"href":"https:\/\/www.infokuryr.cz\/n\/wp-json\/wp\/v2\/tags?post=11205"}],"curies":[{"name":"wp","href":"https:\/\/api.w.org\/{rel}","templated":true}]}}