{"id":11199,"date":"2022-06-04T01:06:49","date_gmt":"2022-06-03T23:06:49","guid":{"rendered":"http:\/\/www.infokuryr.cz\/n\/?p=11199"},"modified":"2022-06-03T19:25:13","modified_gmt":"2022-06-03T17:25:13","slug":"jindrich-kulhavy-5000-neni-moc-ale-dost-to-stoji","status":"publish","type":"post","link":"https:\/\/www.infokuryr.cz\/n\/2022\/06\/04\/jindrich-kulhavy-5000-neni-moc-ale-dost-to-stoji\/","title":{"rendered":"Jind\u0159ich Kulhav\u00fd: 5000 nen\u00ed moc, ale dost to stoj\u00ed"},"content":{"rendered":"<div id=\"fb-root\"><\/div>\n<p><span class=\"anotation\">Vl\u00e1dn\u00ed tahanice o mimo\u0159\u00e1dn\u00fd jednor\u00e1zov\u00fd p\u0159\u00edsp\u011bvek na d\u011bti pro v\u011bt\u0161inu \u010desk\u00fdch rodin by m\u011bl p\u0159ij\u00edt st\u00e1tn\u00ed pokladnu na 9 mld. korun. To je dost pen\u011bz na to, kolik si jednotliv\u00e9 rodiny za ty pen\u00edze u\u017eij\u00ed. Nav\u00edc v\u00a0obdob\u00ed pr\u00e1zdnin, kdy by m\u011bl b\u00fdt vypl\u00e1cen, prost\u011b v\u011bt\u0161inou vy\u0161um\u00ed do baz\u00e9nu, dovolen\u00e9 \u010di podobn\u00fdch z\u00e1le\u017eitost\u00ed, ov\u0161em ekonomicky n\u00e1rod nijak nepozvedne. Ten naopak zadup\u00e1vaj\u00ed vysok\u00e9 ceny v\u0161eho a na podzim bude smrt\u00edc\u00ed topen\u00ed plynem i elekt\u0159inou. Pomalu za\u010dne mizet ve\u0161ker\u00e9 voln\u011b dostupn\u00e9 d\u0159evo, na severov\u00fdchodu se bude nakupovat polsk\u00e9 uhl\u00ed, mo\u017en\u00e1 dojde na dieselov\u00e9 elektrocentr\u00e1ly poh\u00e1n\u011bn\u00e9 kradenou naftou. V\u00edtejte v\u00a0Africe p\u0159em\u00edst\u011bn\u00e9 do Evropy.<\/span><\/p>\n<div id=\"pagetext\">\n<p>\u00a0 Doty\u010dn\u00fdch 5000,-K\u010d ur\u010den\u00fdch jako p\u0159\u00edsp\u011bvek pro d\u011bti ze soci\u00e1ln\u011b slab\u0161\u00edho prost\u0159ed\u00ed m\u016f\u017ee pomoci rodin\u00e1m, kter\u00e9 jich maj\u00ed hodn\u011b. A v\u011b\u0159te, \u017ee p\u0159edev\u0161\u00edm Romov\u00e9 si to pohl\u00eddaj\u00ed. Jinak ale plno lid\u00ed ani netu\u0161\u00ed, jak si pro tyto pen\u00edze doj\u00edt. V\u00a0podstat\u011b tedy nejde o \u017e\u00e1dnou zvl\u00e1\u0161tn\u00ed pomoc ob\u010dan\u016fm, ale o velmi drah\u00e9 promo p\u0159ed podzimn\u00edmi volbami, na kter\u00e9 si bude muset vl\u00e1da p\u016fj\u010dit. Samoz\u0159ejm\u011b v\u00a0kontextu s\u00a0vypl\u00e1cen\u00edm pen\u011bz Ukrajinc\u016fm, kte\u0159\u00ed mohou dost\u00e1vat t\u011bchto 5000,- p\u016fl roku jen tak za to, \u017ee utekli z\u00a0v\u011bt\u0161inou bezv\u00e1le\u010dn\u00e9 z\u00f3ny, p\u0159i\u010dem\u017e \u0159ada z\u00a0nich p\u0159ijela vskutku solidn\u00edm vozidlem a pra\u017esk\u00fd outlet Fashion arena v\u016fbec d\u00edky n\u00e1v\u0161t\u011bvnosti ukrajinsky hovo\u0159\u00edc\u00edch z\u00e1kazn\u00edk\u016f nesouc\u00edch hromady pln\u00fdch ta\u0161ek v\u016fbec nenapov\u00edd\u00e1 o tom, \u017ee by byli v\u00a0hmotn\u00e9 krizi, je st\u00e1tn\u00ed p\u0159\u00edsp\u011bvek pro na\u0161e d\u011bti sm\u011b\u0161n\u00fd.<\/p>\n<p>N\u011bmci u\u017e vystavili stopku, jen na\u0161i modro\u017elut\u00ed nacionalist\u00e9 ve vl\u00e1d\u011b podporuj\u00edc\u00ed neofa\u0161ismus p\u0159\u00edslu\u0161n\u00edk\u016f ukrajinsk\u00fdch bojov\u00fdch odd\u00edl\u016f rozd\u00e1vaj\u00ed nad\u00e1le z\u00a0d\u011brav\u00e9 st\u00e1tn\u00ed pokladny ve velk\u00e9m. Nyn\u00ed sice p\u0159i\u0161lo omezen\u00ed, ale to je \u0159ad\u011b lid\u00ed z\u00a0invazn\u00edch z\u00e1stup\u016f jedno, \u010dasto si tu koupili auto a vr\u00e1tili se zp\u011bt. Mimochodem ta auta nekupuj\u00ed proto, aby vozili na frontu sv\u00e9 voj\u00e1ky, prost\u011b s\u00a0nimi k\u0161eftuj\u00ed. Nora Fridrichov\u00e1 na \u010cT op\u011bt jen uk\u00e1zala svou pom\u00fdlenost a omezenost, kdy\u017e n\u011bco podobn\u00e9ho tvrdila. I v t\u00e9to situaci\u00a0je pl\u00e1nov\u00e1na integrace mal\u00fdch Ukrajinc\u016f do norm\u00e1ln\u00edch t\u0159\u00edd, nav\u00edc se uva\u017euje o v\u00fduce ukrajin\u0161tiny. To u\u017e hrani\u010d\u00ed se skute\u010dnou ztr\u00e1tou i posledn\u00ed \u0161petky rozumu.<\/p>\n<p>O pen\u00edze na d\u00e1vky se nyn\u00ed nejv\u00edce hl\u00e1s\u00ed ukrajinsko-ma\u010far\u0161t\u00ed Romov\u00e9. Doslova si st\u011b\u017euj\u00ed, \u017ee v\u00e1\u017eili tak dlouhou cestu a nic nedostali a nemohou se dostate\u010dn\u011b postarat o sv\u00e9 d\u011bti. To lze pova\u017eovat za drzost, nicm\u00e9n\u011b jejich hlas je stejn\u011b siln\u00fd, jako kdy\u017e si na\u0161i m\u00e9n\u011b p\u0159izp\u016fsobiv\u00ed spoluob\u010dan\u00e9 \u017e\u00e1daj\u00ed sv\u00e9, tedy \u00falitbu za to, \u017ee tu jsou a pat\u0159\u00ed k\u00a0v\u00edce op\u00e1len\u00fdm. Tak\u017ee se d\u00e1 \u010dekat, \u017ee jim vl\u00e1da nakonec p\u0159isp\u011bje. P\u0159inejmen\u0161\u00edm je krm\u00ed a star\u00e1 se o pohodov\u00fd pr\u016fb\u011bh jejich dovolen\u00e9. Tak\u017ee maj\u00ed co j\u00edst, kde kempovat, a je\u0161t\u011b d\u011blaj\u00ed sv\u016fj obvykl\u00fd nepo\u0159\u00e1dek. Nechceme nic p\u0159edj\u00edmat, ale mo\u017en\u00e1 ob\u010das n\u011bkde n\u011bco ukradnou, je to jejich p\u0159irozenost. O to v\u00edce si v\u00e1\u017e\u00edme t\u011bch, kte\u0159\u00ed se u n\u00e1s vymanili z\u00a0bludn\u00e9ho kruhu a dok\u00e1\u017eou b\u00fdt p\u0159\u00ednosem pro spole\u010dnost. To se v\u0161ak t\u011bchto kolem n\u00e1dra\u017e\u00ed a ve stanech net\u00fdk\u00e1.<\/p>\n<p>Utr\u00e1cen\u00ed vl\u00e1dy je skute\u010dn\u011b \u0161\u00edlen\u00e9. Na Ukrajinu pos\u00edl\u00e1 pen\u00edze, zbran\u011b, vojenskou techniku. Sice to jsou \u010dasto \u0161roty, ale kdo byl kdy na vojn\u011b a vzpomene si na technick\u00fd stav ulo\u017eenek, ten v\u00ed, o \u010dem je \u0159e\u010d. Nyn\u00ed se v\u0161ak uva\u017euje o modern\u00ed v\u00fdzbroji, d\u00e1 se tedy o\u010dek\u00e1vat, \u017ee Rusov\u00e9 budou nuceni nasadit modern\u011bj\u0161\u00ed techniku a konflikt urychlit. Zelen\u00fd tajtrdl\u00edk z\u00a0Kyjeva mezit\u00edm po\u017eaduje pomoc a dod\u00e1vky v\u0161eho, \u010d\u00edm by mohl prodlu\u017eovat boje a vys\u00e1vat z\u00e1rove\u0148 pom\u00fdlen\u00e9 politiky ovl\u00e1daj\u00edc\u00ed n\u011bkter\u00e9 st\u00e1ty. Zelenskyj u\u017e tu\u0161\u00ed, \u017ee v\u00a0p\u0159\u00edpad\u011b prohry bude muset ut\u00e9ct do exilu, proto\u017ee by pravd\u011bpodobn\u011b od Rus\u016f \u017e\u00e1dnou milost nedostal. Jeho vyjedn\u00e1vac\u00ed mo\u017enosti jsou mizern\u00e9 a za snahu v\u0161e to nejhor\u0161\u00ed, co zp\u016fsobuj\u00ed jeho jednotky, hodit na Rusy, mus\u00ed po\u010d\u00edtat s\u00a0jistou d\u00e1vkou intolerance. Mezit\u00edm se \u010d\u00e1st sv\u011bta odkl\u00e1n\u00ed od Z\u00e1padu, a i na davosk\u00e9m symp\u00f3ziu zvan\u00e9m Sv\u011btov\u00e9 ekonomick\u00e9 f\u00f3rum doch\u00e1z\u00ed k\u00a0\u0161t\u011bpen\u00ed. N\u011bkte\u0159\u00ed z\u00e1stupci zem\u00ed neochotn\u00fdch sk\u00e1kat dle Schwabeho not u\u017e se ve\u0159ejn\u011b distancovali od pl\u00e1n\u016f na Gren Deal, Great Reset a dal\u0161\u00edch blud\u016f tvo\u0159en\u00fdch sv\u011btovou smet\u00e1nkou. Ukrajina u\u017e tolik net\u00e1hne a s\u00a0v\u00fdjimkou Ameri\u010dan\u016f (st\u00e1le cht\u011bj\u00ed \u0161kodit Rusku), Pol\u00e1k\u016f, Slov\u00e1k\u016f a n\u00e1s ji m\u00e1 v\u011bt\u0161ina b\u011b\u017en\u00fdch lid\u00ed jaksi mimo sv\u00e9 zorn\u00e9 pole. Neplat\u00ed to jen pro liber\u00e1ln\u00ed politiky, kte\u0159\u00ed si z\u00a0Ukrajiny ud\u011blali \u017eivnost, a pro nad\u0161ence maj\u00edc\u00ed modro\u017elut\u00fd flek \u010di hadr v\u0161ude, kde to jen jde.<\/p>\n<p>Mil\u00e1 vl\u00e1do, t\u011bch 5000,- K\u010d, kter\u00fdmi n\u00e1s zase v\u00edce zadlu\u017e\u00edte, nikomu nepom\u016f\u017ee. U\u017eite\u010dn\u011bj\u0161\u00ed by bylo zav\u0159\u00edt otev\u0159enou dla\u0148 sm\u011b\u0159uj\u00edc\u00ed k\u00a0Ukrajinc\u016fm, zajet do Moskvy, omluvit se za vlastn\u00ed idiocii a dohodnout kontrakty na plyn, ropu a dal\u0161\u00ed komodity. Postupn\u011b to stejn\u011b ud\u011blaj\u00ed i ostatn\u00ed. A proto\u017ee se s\u00a0v\u00e1mi kolem Fialy nikdo nebude cht\u00edt bavit, m\u011bla by tam jet nov\u00e1 vl\u00e1da. A vy u\u017e t\u00e1hn\u011bte tam, kam pat\u0159\u00edte. T\u011bch p\u00e1r cel se snad voln\u00fdch najde.<\/p>\n<\/div>\n<p><a href=\"https:\/\/www.inadhled.live\/zajimavosti\/5000-neni-moc-ale-dost-to-stoji\/\">Jind\u0159ich Kulhav\u00fd<\/a><\/p>\n<p>&nbsp;<\/p>\n","protected":false},"excerpt":{"rendered":"<p>Vl\u00e1dn\u00ed tahanice o mimo\u0159\u00e1dn\u00fd jednor\u00e1zov\u00fd p\u0159\u00edsp\u011bvek na d\u011bti pro v\u011bt\u0161inu \u010desk\u00fdch rodin by m\u011bl p\u0159ij\u00edt&#8230;<\/p>\n","protected":false},"author":2,"featured_media":1024,"comment_status":"closed","ping_status":"closed","sticky":false,"template":"","format":"standard","meta":[],"categories":[6],"tags":[245,90,2515,99],"_links":{"self":[{"href":"https:\/\/www.infokuryr.cz\/n\/wp-json\/wp\/v2\/posts\/11199"}],"collection":[{"href":"https:\/\/www.infokuryr.cz\/n\/wp-json\/wp\/v2\/posts"}],"about":[{"href":"https:\/\/www.infokuryr.cz\/n\/wp-json\/wp\/v2\/types\/post"}],"author":[{"embeddable":true,"href":"https:\/\/www.infokuryr.cz\/n\/wp-json\/wp\/v2\/users\/2"}],"replies":[{"embeddable":true,"href":"https:\/\/www.infokuryr.cz\/n\/wp-json\/wp\/v2\/comments?post=11199"}],"version-history":[{"count":0,"href":"https:\/\/www.infokuryr.cz\/n\/wp-json\/wp\/v2\/posts\/11199\/revisions"}],"wp:featuredmedia":[{"embeddable":true,"href":"https:\/\/www.infokuryr.cz\/n\/wp-json\/wp\/v2\/media\/1024"}],"wp:attachment":[{"href":"https:\/\/www.infokuryr.cz\/n\/wp-json\/wp\/v2\/media?parent=11199"}],"wp:term":[{"taxonomy":"category","embeddable":true,"href":"https:\/\/www.infokuryr.cz\/n\/wp-json\/wp\/v2\/categories?post=11199"},{"taxonomy":"post_tag","embeddable":true,"href":"https:\/\/www.infokuryr.cz\/n\/wp-json\/wp\/v2\/tags?post=11199"}],"curies":[{"name":"wp","href":"https:\/\/api.w.org\/{rel}","templated":true}]}}