{"id":11188,"date":"2022-06-03T05:27:06","date_gmt":"2022-06-03T03:27:06","guid":{"rendered":"http:\/\/www.infokuryr.cz\/n\/?p=11188"},"modified":"2022-06-03T05:27:06","modified_gmt":"2022-06-03T03:27:06","slug":"americko-evropsky-konflikt-kvuli-valce-na-ukrajine-narusta","status":"publish","type":"post","link":"https:\/\/www.infokuryr.cz\/n\/2022\/06\/03\/americko-evropsky-konflikt-kvuli-valce-na-ukrajine-narusta\/","title":{"rendered":"Americko-evropsk\u00fd konflikt kv\u016fli v\u00e1lce na Ukrajin\u011b nar\u016fst\u00e1"},"content":{"rendered":"<div id=\"fb-root\"><\/div>\n<div class=\"elementor-element elementor-element-1fb4c2c elementor-widget elementor-widget-theme-post-content\" data-id=\"1fb4c2c\" data-element_type=\"widget\" data-widget_type=\"theme-post-content.default\">\n<div class=\"elementor-widget-container\">\n<p><span>Zat\u00edmco jednotn\u00e1 fronta NATO proti invazi Vladimira Putina na Ukrajinu z\u016fst\u00e1v\u00e1 ofici\u00e1ln\u011b nedot\u010dena, mezi Evropany a Ameri\u010dany se rozv\u00edj\u00ed viditeln\u00e1 divergence.<\/span><\/p>\n<p><span>Bidenova administrativa poskytla vojenskou pomoc v hodnot\u011b 40 miliard dolar\u016f, aby pomohla prezidentu Zelensk\u00e9mu vyhnat Rusy z Ukrajiny.\u00a0Francie a N\u011bmecko, kter\u00e9 se tento t\u00fdden p\u0159ipojily k nejnov\u011bj\u0161\u00edm sankc\u00edm EU na rusk\u00e9 banky a export ropy, mezit\u00edm diskutuj\u00ed s Putinem o mo\u017enostech p\u0159\u00edm\u011b\u0159\u00ed, kter\u00e9 by Rus\u016fm pravd\u011bpodobn\u011b ponechalo jejich zisky.<\/span><\/p>\n<p><span>Samotn\u00e1 ve\u0159ejn\u00e1 debata ve Spojen\u00fdch st\u00e1tech osciluje mezi jest\u0159\u00e1by, kte\u0159\u00ed cht\u011bj\u00ed porazit Putina, aby zni\u010dili d\u016fv\u011bryhodnost Ruska jako supervelmoci, a holubicemi, kter\u00e9 se sna\u017e\u00ed udr\u017eet v\u00e1lku a nezam\u00fd\u0161len\u00fd, ale ni\u010div\u00fd glob\u00e1ln\u00ed ekonomick\u00fd dopad proti zm\u00edrn\u011bn\u00ed sankc\u00ed uvalen\u00fdch na Rusko.<\/span><\/p>\n<p><span>Americk\u00fd st\u00e1tn\u00edk Henry Kissinger ned\u00e1vno na konferenci v Davosu \u0159ekl, \u017ee v\u00e1lka mus\u00ed skon\u010dit b\u011bhem p\u0159\u00ed\u0161t\u00edch dvou m\u011bs\u00edc\u016f, i kdyby to znamenalo postoupen\u00ed \u00fazem\u00ed Ukrajin\u011b, aby se zabr\u00e1nilo p\u0159\u00edm\u00e9mu konfliktu mezi V\u00fdchodem a Z\u00e1padem.\u00a0Na druh\u00e9 stran\u011b levicov\u00fd miliard\u00e1\u0159sk\u00fd aktivista George Soros na konferenci prohl\u00e1sil, \u017ee por\u00e1\u017eka Ruska je nezbytnost\u00ed.<\/span><\/p>\n<p><span>Postupn\u011b zazn\u00edvaj\u00ed pochybnosti o u\u017eite\u010dnosti un\u00e1hlen\u00e9ho p\u0159ijet\u00ed \u0160v\u00e9dska a Finska do NATO.\u00a0P\u0159istoupen\u00ed \u0160v\u00e9dska a Finska by prodlou\u017eilo pozemn\u00ed hranici aliance s Ruskem o 800 mil a trvale uzamklo Rusko za zd\u00ed NATO, ale p\u0159ich\u00e1z\u00ed s nov\u00fdmi z\u00e1vazky USA v Evrop\u011b a odv\u00e1d\u00ed pozornost od jej\u00edch probl\u00e9m\u016f v Evrop\u011b, Asii a na St\u0159edn\u00edm v\u00fdchod\u011b.<\/span><\/p>\n<p><span>Ambice Vladimira Putina obnovit b\u00fdval\u00e9 sov\u011btsk\u00e9 imp\u00e9rium ve v\u00fdchodn\u00ed a st\u0159edn\u00ed Evrop\u011b na Ukrajin\u011b zcela jist\u011b zem\u0159ely.\u00a0Rusko je sice st\u00e1le jadernou velmoc\u00ed, ale nen\u00ed pozemn\u00ed mocnost\u00ed schopnou vyhr\u00e1t konven\u010dn\u00ed v\u00e1lku proti NATO nebo jednotliv\u00fdm t\u011b\u017ece vyzbrojen\u00fdm zem\u00edm, jako je Finsko nebo Polsko.<\/span><\/p>\n<p><span>Bez bezpe\u010dnostn\u00ed dohody, kterou pot\u0159ebuje od Z\u00e1padu, historick\u00e9ho nep\u0159\u00edtele, se jej\u00ed bezpe\u010dnost zam\u011b\u0159\u00ed na spojenectv\u00ed s \u010c\u00ednou, \u00cdr\u00e1nem a mo\u017en\u00e1 Indi\u00ed, jej\u00ed schopnost kybernetick\u00e9 v\u00e1lky a nakonec jej\u00ed jadern\u00fd arzen\u00e1l.\u00a0Putin vyslal v tomto sm\u011bru sign\u00e1l minul\u00fd t\u00fdden \u00fasp\u011b\u0161n\u00fdm testem hypersonick\u00e9 st\u0159ely typu Zircon, proti kter\u00e9 Spojen\u00e9 st\u00e1ty nemaj\u00ed \u017e\u00e1dnou ochranu.<\/span><\/p>\n<p><span>Na Ukrajin\u011b americk\u00e1 vojensk\u00e1 \u0161t\u011bdrost znamen\u00e1, \u017ee Putin u\u017e nebojuje, aby vyhr\u00e1l, ale aby zajistil, \u017ee rusk\u00e1 d\u016fv\u011bryhodnost p\u0159e\u017eije m\u00edr, co\u017e znamen\u00e1, \u017ee rusky mluv\u00edc\u00ed \u010d\u00e1sti Ukrajiny, kter\u00e9 t\u011b\u017ek\u00e1 rusk\u00e1 arm\u00e1da dobyla navzdory t\u011b\u017ek\u00fdm ztr\u00e1t\u00e1m, z\u016fst\u00e1vaj\u00ed.<\/span><\/p>\n<p><span>Zat\u00edm se zd\u00e1, \u017ee Rusov\u00e9 nejsou schopni postoupit mnohem hloub\u011bji na Ukrajinu, ale dobrovoln\u011b se nevzdaj\u00ed toho, co dobyli.\u00a0Ukrajinc\u016fm se je zat\u00edm nepoda\u0159ilo odrazit.<\/span><\/p>\n<p><span>To, jak se Biden na v\u00e1lku d\u00edv\u00e1, bude kl\u00ed\u010dov\u00e9 nejen pro jeho nejbli\u017e\u0161\u00ed budoucnost, ale tak\u00e9 pro soudr\u017enost aliance NATO.\u00a0P\u0159ev\u00e1\u017e\u00ed cena za pon\u00ed\u017een\u00ed Putina \u2013 to v\u0161e na \u00fakor Ukrajiny \u2013 zhor\u0161uj\u00edc\u00ed se ekonomick\u00e9 dopady sankc\u00ed na sv\u011bt, kter\u00e9 poci\u0165uj\u00ed dokonce i Spojen\u00e9 st\u00e1ty?<\/span><\/p>\n<p><span>Biden zat\u00edm z\u016fst\u00e1v\u00e1 rozhodnut\u00fd.\u00a0Dokonce p\u0159ekvapil svou vlastn\u00ed vl\u00e1du t\u00edm, \u017ee sl\u00edbil, \u017ee bude Tchaj-wan vojensky br\u00e1nit, pokud na n\u011bj \u010c\u00edna za\u00fato\u010d\u00ed, p\u0159esto\u017ee USA nemaj\u00ed v\u016f\u010di Tchaj-wanu o nic v\u00edce smluvn\u00edch z\u00e1vazk\u016f ne\u017e v\u016f\u010di Ukrajin\u011b a z\u00e1m\u011brn\u011b se vyh\u00fdbaly uzav\u0159en\u00ed jak\u00fdchkoliv obrann\u00fdch smluv.<\/span><\/p>\n<p><span>Pokud bude Bidenova administrativa trvat na jasn\u00e9 por\u00e1\u017ece Ruska, nen\u00ed zaru\u010deno, \u017ee Evropan\u00e9 budou n\u00e1sledovat.\u00a0Zastaven\u00ed boj\u016f a m\u00edrov\u00e9 rozhovory se staly evropskou prioritou, i kdy\u017e pouze s plnou americkou \u00fa\u010dast\u00ed, co\u017e je v sou\u010dasnosti mimo Biden\u016fv radar.<\/span><\/p>\n<p><span>Biden s Putinem mluvit nebude, ale Evropan\u00e9 jsou v kontaktu.\u00a0N\u011bmeck\u00fd kancl\u00e9\u0159 Olaf Scholz a francouzsk\u00fd prezident Emmanuel Macron o v\u00edkendu uspo\u0159\u00e1dali konferen\u010dn\u00ed hovor s Putinem.\u00a0Prosadili p\u0159\u00edm\u011b\u0159\u00ed, jedn\u00e1n\u00ed mezi Putinem a Zelensk\u00fdm a zru\u0161en\u00ed rusk\u00e9 n\u00e1mo\u0159n\u00ed blok\u00e1dy Od\u011bsy, aby mohl b\u00fdt obnoven kl\u00ed\u010dov\u00fd ukrajinsk\u00fd export p\u0161enice.<\/span><\/p>\n<p><span>Zelenskyj stoj\u00ed p\u0159ed dilematem, zda se postavit na stranu ochotn\u00fdch Evropan\u016f, kte\u0159\u00ed mu nab\u00eddli vytou\u017een\u00e9 \u010dlenstv\u00ed v EU, nebo na stranu Ameri\u010dan\u016f, na jejich\u017e rostouc\u00ed vojensk\u00e9 pomoci z\u00e1vis\u00ed ka\u017ed\u00e1 \u0161ance, jakkoli mal\u00e1, vyst\u011bhovat Rusy ze zem\u011b.<\/span><\/p>\n<p><span>V\u00ed, \u017ee Ameri\u010dan\u00e9 jsou nest\u00e1l\u00ed spojenci \u2013 viz Afgh\u00e1nist\u00e1n ponechan\u00fd Talibanu, Ir\u00e1k ponechan\u00fd \u00cdr\u00e1nu a Libye ponechan\u00e1 sv\u00e9mu osudu \u2013 kte\u0159\u00ed vyu\u017e\u00edvaj\u00ed ukrajinskou trag\u00e9dii pro sv\u00e9 vlastn\u00ed c\u00edle.\u00a0V ur\u010dit\u00e9m okam\u017eiku se Zelenskyj bude muset rozhodnout, zda je pro dlouhodob\u00e9 z\u00e1jmy Ukrajiny nejlep\u0161\u00ed vzd\u00e1len\u00e9 USA nebo sousedn\u00ed Evropa.<\/span><\/p>\n<p><span>Zelensk\u00e9ho obt\u00ed\u017en\u00e9 mo\u017enosti tak\u00e9 nab\u00edzej\u00ed Putinovi z\u00e1chrann\u00e9 lano.\u00a0D\u00e1vaj\u00ed mu \u0161anci postavit Evropany proti Ameri\u010dan\u016fm, ale tak\u00e9 p\u0159ipomenout t\u011bm Rus\u016fm znepokojen\u00fdm pr\u016fb\u011bhem v\u00e1lky, \u017ee jejich hlavn\u00edm nep\u0159\u00edtelem jsou st\u00e1le Spojen\u00e9 st\u00e1ty, nikoli jejich obchodn\u00ed partne\u0159i z EU.<\/span><\/p>\n<p><span>EU v pond\u011bl\u00ed schv\u00e1lila nov\u00e9 sankce proti Rusku, kter\u00e9 podle p\u0159edsedkyn\u011b Komise Ursuly von der Leyenov\u00e9 sn\u00ed\u017e\u00ed v\u00fdvoz ropy do Evropy do konce roku o 90 procent.\u00a0D\u016fle\u017eit\u00e9 je, \u017ee embargo nem\u00e1 vliv na rusk\u00fd export plynu, na kter\u00e9m je EU je\u0161t\u011b v\u00edce z\u00e1visl\u00e1.<\/span><\/p>\n<p><span>Dod\u00e1vky ropy ropovodem budou pozastaveny pouze do doby, ne\u017e francouzsko-n\u011bmeck\u00e9 iniciativy s Putinem pokro\u010d\u00ed.\u00a0Uvid\u00ed se, jak inflac\u00ed zasa\u017een\u00e9 ekonomiky EU p\u0159e\u010dkaj\u00ed reakce pr\u016fmyslu a ve\u0159ejnosti na sv\u00e9 ob\u011bti, jak v\u00e1lka pokra\u010duje.\u00a0Ropa je vz\u00e1cn\u00e1 a obnoviteln\u00e9 energie, na kter\u00e9 von der Leyen spol\u00e9h\u00e1 p\u0159i n\u00e1prav\u011b nedostatku, jsou je\u0161t\u011b vz\u00e1cn\u011bj\u0161\u00ed.<\/span><\/p>\n<p><span>V USA takzvan\u00ed realist\u00e9 zahrani\u010dn\u00ed politiky \u0159\u00edkaj\u00ed, \u017ee USA ji\u017e ud\u011blaly v\u0161e, co mohly, aby Ukrajinu br\u00e1nily, ani\u017e by riskovaly p\u0159\u00edmou krizi s Ruskem.<\/span><\/p>\n<p><span>C\u00edl ministra obrany Lloyda Austina oslabit Rusko, aby nemohlo na nikoho za\u00fato\u010dit, byl ji\u017e spln\u011bn a vstup Finska a \u0160v\u00e9dska do NATO s sebou p\u0159in\u00e1\u0161\u00ed nov\u00e9 z\u00e1vazky, kter\u00fdch m\u016f\u017ee Washington litovat.<\/span><\/p>\n<p><span>Dr Sumantra Maitra v anal\u00fdze pro konzervativn\u00ed Centrum pro americkou obnovu napsala: \u201eZjednodu\u0161en\u011b \u0159e\u010deno, Rusko nebude v brzk\u00e9 dob\u011b hegemonick\u00fdm p\u0159\u00edzrakem vis\u00edc\u00edm nad Evropou&#8230; Rusko je zvl\u00e1dnuteln\u00e1 hrozba, kterou jsou evropsk\u00e9 st\u00e1ty st\u00e1le v\u00edce schopny kompenzovat samy.<\/span><\/p>\n<p><span>Dodal: \u201eAni Finsko ani \u0160v\u00e9dsko nep\u0159isp\u00edvaj\u00ed k bezpe\u010dnosti aliance natolik, aby ospravedlnily dodate\u010dn\u00e9 n\u00e1klady.\u00a0P\u0159ijet\u00ed t\u011bchto dvou st\u00e1t\u016f by znamenalo dal\u0161\u00ed dva protektor\u00e1ty, pro kter\u00e9 by byly Spojen\u00e9 st\u00e1ty smluvn\u011b zav\u00e1z\u00e1ny k jadern\u00e9 v\u00e1lce.<\/span><\/p>\n<\/div>\n<\/div>\n<div class=\"elementor-element elementor-element-8c57238 quelle dc-has-condition dc-condition-empty elementor-widget elementor-widget-heading\" data-id=\"8c57238\" data-element_type=\"widget\" data-widget_type=\"heading.default\">\n<div class=\"elementor-widget-container\">\n<h3 class=\"elementor-heading-title elementor-size-default\"><span style=\"font-size: 8pt;\"><a href=\"https:\/\/www.conservativewoman.co.uk\/us-europe-conflict-grows-over-ukraine-war\/\" target=\"_blank\" rel=\"nofollow noopener\">ZDROJ<\/a><\/span><\/h3>\n<p>&nbsp;<\/p>\n<\/div>\n<\/div>\n","protected":false},"excerpt":{"rendered":"<p>Zat\u00edmco jednotn\u00e1 fronta NATO proti invazi Vladimira Putina na Ukrajinu z\u016fst\u00e1v\u00e1 ofici\u00e1ln\u011b nedot\u010dena, mezi Evropany&#8230;<\/p>\n","protected":false},"author":2,"featured_media":8704,"comment_status":"closed","ping_status":"closed","sticky":false,"template":"","format":"standard","meta":[],"categories":[7],"tags":[1042,41,22,37,814],"_links":{"self":[{"href":"https:\/\/www.infokuryr.cz\/n\/wp-json\/wp\/v2\/posts\/11188"}],"collection":[{"href":"https:\/\/www.infokuryr.cz\/n\/wp-json\/wp\/v2\/posts"}],"about":[{"href":"https:\/\/www.infokuryr.cz\/n\/wp-json\/wp\/v2\/types\/post"}],"author":[{"embeddable":true,"href":"https:\/\/www.infokuryr.cz\/n\/wp-json\/wp\/v2\/users\/2"}],"replies":[{"embeddable":true,"href":"https:\/\/www.infokuryr.cz\/n\/wp-json\/wp\/v2\/comments?post=11188"}],"version-history":[{"count":0,"href":"https:\/\/www.infokuryr.cz\/n\/wp-json\/wp\/v2\/posts\/11188\/revisions"}],"wp:featuredmedia":[{"embeddable":true,"href":"https:\/\/www.infokuryr.cz\/n\/wp-json\/wp\/v2\/media\/8704"}],"wp:attachment":[{"href":"https:\/\/www.infokuryr.cz\/n\/wp-json\/wp\/v2\/media?parent=11188"}],"wp:term":[{"taxonomy":"category","embeddable":true,"href":"https:\/\/www.infokuryr.cz\/n\/wp-json\/wp\/v2\/categories?post=11188"},{"taxonomy":"post_tag","embeddable":true,"href":"https:\/\/www.infokuryr.cz\/n\/wp-json\/wp\/v2\/tags?post=11188"}],"curies":[{"name":"wp","href":"https:\/\/api.w.org\/{rel}","templated":true}]}}