{"id":11183,"date":"2022-06-03T05:04:30","date_gmt":"2022-06-03T03:04:30","guid":{"rendered":"http:\/\/www.infokuryr.cz\/n\/?p=11183"},"modified":"2022-06-03T05:05:43","modified_gmt":"2022-06-03T03:05:43","slug":"dmitrij-medvedev-rusko-zautoci-na-rozhodovaci-centra-pokud-ukrajina-pouzije-zbrane-obdrzene-od-spojenych-statu-proti-uzemim-ruske-federace11183","status":"publish","type":"post","link":"https:\/\/www.infokuryr.cz\/n\/2022\/06\/03\/dmitrij-medvedev-rusko-zautoci-na-rozhodovaci-centra-pokud-ukrajina-pouzije-zbrane-obdrzene-od-spojenych-statu-proti-uzemim-ruske-federace11183\/","title":{"rendered":"Dmitrij Medved\u011bv: Rusko za\u00fato\u010d\u00ed na rozhodovac\u00ed centra, pokud Ukrajina pou\u017eije zbran\u011b obdr\u017een\u00e9 od Spojen\u00fdch st\u00e1t\u016f proti \u00fazem\u00edm Rusk\u00e9 federace"},"content":{"rendered":"<div id=\"fb-root\"><\/div>\n<p><span style=\"font-size: 14pt;\"><strong>Medved\u011bv varoval p\u0159ed odvetn\u00fdmi \u00fadery, pokud Ukrajina za\u00fato\u010d\u00ed na Rusko<\/strong>.<\/span><\/p>\n<p>M\u00edstop\u0159edseda Rady bezpe\u010dnosti Ruska Dmitrij Medved\u011bv\u00a0<a href=\"https:\/\/www.aljazeera.com\/\" target=\"_blank\" rel=\"noreferrer noopener\">\u0159ekl<\/a>, \u017ee pokud Ukrajina pou\u017eije MLRS ze Spojen\u00fdch st\u00e1t\u016f proti rusk\u00fdm c\u00edl\u016fm, ozbrojen\u00e9 s\u00edly Rusk\u00e9 federace nebudou m\u00edt jinou mo\u017enost, ne\u017e jednat, aby porazily rozhodovac\u00ed centra. Vysv\u011btlil, o jak\u00fdch centrech mluv\u00ed, zejm\u00e9na se to dotkne ministerstva obrany a gener\u00e1ln\u00edho \u0161t\u00e1bu\u00a0Ukrajiny.<\/p>\n<p>Slova Medved\u011bva z 2. \u010dervna cituje RIA Novosti s odkazem na televizn\u00ed kan\u00e1l\u00a0<a href=\"https:\/\/ria.ru\/20220602\/ataki-1792753703.html\" target=\"_blank\" rel=\"noreferrer noopener\">Al Jazeera<\/a>.<\/p>\n<h5><span style=\"font-size: 14pt;\">Medved\u011bv v rozhovoru pro Al Jazeera:<\/span><\/h5>\n<p><em><strong>\u2714\ufe0f<\/strong><\/em>V\u0161echno se ji\u017e zm\u011bnilo, sv\u011bt se ji\u017e zm\u011bnil a bezpe\u010dnostn\u00ed architektura se zm\u011bnila.\u00a0Ka\u017ed\u00fd to uzn\u00e1v\u00e1.\u00a0To v\u0161e by v kone\u010dn\u00e9m d\u016fsledku m\u011blo skute\u010dn\u011b v\u00e9st k vytvo\u0159en\u00ed nov\u00e9 architektury mezin\u00e1rodn\u00ed bezpe\u010dnosti.<\/p>\n<p><em><strong>\u2714\ufe0f<\/strong><\/em>Ne americko-centrick\u00e1, kde v \u010dele cel\u00e9ho mezin\u00e1rodn\u00edho bezpe\u010dnostn\u00edho syst\u00e9mu stoj\u00ed Washington, kter\u00fd se raduje z ur\u010dit\u00e9ho obdob\u00ed \u2013 z\u00e1niku Sov\u011btsk\u00e9ho svazu, rozpadu Var\u0161avsk\u00e9 smlouvy \u2013 a je zvykl\u00fd, \u017ee v\u0161echny \u0159\u00edd\u00edc\u00ed sm\u011brnice se schvaluj\u00ed za oce\u00e1nem, tedy ve Washingtonu. Proto nov\u00e1 architektura mezin\u00e1rodn\u00ed bezpe\u010dnosti mus\u00ed b\u00fdt vyv\u00e1\u017een\u00fd syst\u00e9m, syst\u00e9m, kter\u00fd je zalo\u017een na zohled\u0148ov\u00e1n\u00ed z\u00e1jm\u016f v\u0161ech zem\u00ed.<\/p>\n<p><em><strong>\u2714\ufe0f<\/strong><\/em>\u0160ance [na urovn\u00e1n\u00ed na Ukrajin\u011b diplomatickou cestou] se bohu\u017eel nezlep\u0161uj\u00ed, ale zhor\u0161uj\u00ed.\u00a0A nen\u00ed mo\u017en\u00e9 si toho nev\u0161imnout.\u00a0Co hroz\u00ed?\u00a0Je jasn\u00e9 co.\u00a0Bohu\u017eel je to spojeno jak s ob\u011b\u0165mi, tak s ni\u010den\u00edm a nakonec m\u016f\u017ee Ukrajina v d\u016fsledku toho, co se d\u011bje, ztratit dal\u0161\u00ed \u00fazem\u00ed.\u00a0V kone\u010dn\u00e9m d\u016fsledku hroz\u00ed Ukrajin\u011b \u2013 odm\u00edtnut\u00edm vyjedn\u00e1vat \u2013 v podstat\u011b jedna v\u011bc: ztr\u00e1ta n\u00e1rodn\u00ed suverenity.<\/p>\n<p><em><strong>\u2714\ufe0f<\/strong><\/em>To je naprosto z\u0159ejm\u00e9 a \u00fa\u0159ady v Kyjev\u011b by to m\u011bly pochopit.\u00a0A u\u010dinit rozhodnut\u00ed o tom, zda pokra\u010dovat v jedn\u00e1n\u00edch nebo je odm\u00edtnout, trochu pohnout mozkem.\u00a0Ne pod vlivem kokainu nebo jin\u00fdch stimulant\u016f, kter\u00e9 se tam u\u017e\u00edvaj\u00ed, ale se st\u0159\u00edzlivou hlavu.<\/p>\n<p><em><strong>\u2714\ufe0f<\/strong><\/em><strong>V p\u0159\u00edpad\u011b, \u017ee budou typy zbran\u00ed [dod\u00e1van\u00e9 Spojen\u00fdmi st\u00e1ty] pou\u017eity proti rusk\u00fdm \u00fazem\u00edm, nebudou m\u00edt ozbrojen\u00e9 s\u00edly na\u0161\u00ed zem\u011b jinou mo\u017enost, ne\u017e jednat tak, aby porazily rozhodovac\u00ed centra.\u00a0Ka\u017ed\u00fd ch\u00e1pe, o jak\u00e1 centra jde \u2013 ministerstvo obrany, gener\u00e1ln\u00ed \u0161t\u00e1b a cokoli jin\u00e9ho.\u00a0Ale je nutn\u00e9 pochopit, \u017ee kone\u010dn\u00e1 rozhodovac\u00ed centra se v tomto p\u0159\u00edpad\u011b, bohu\u017eel, nenach\u00e1zej\u00ed ani na \u00fazem\u00ed Kyjeva. Je to tedy ur\u010dit\u011b hrozba, kterou bude t\u0159eba vz\u00edt v \u00favahu.<\/strong><\/p>\n<p><em>\u201eTo nejsou progn\u00f3zy.\u00a0To je to, co se ji\u017e stalo.\u00a0D\u00e1 se k tomu p\u0159istupovat r\u016fzn\u011b, ale m\u016f\u017eeme p\u0159edpokl\u00e1dat, \u017ee \u201ejezdci z Apokalypsy\u201c jsou ji\u017e na cest\u011b a ve\u0161ker\u00e1 nad\u011bje je pouze v P\u00e1nu Bohu, ve V\u0161emohouc\u00edm\u201c.<\/em><\/p>\n<p><iframe loading=\"lazy\" id=\"telegram-post-SolovievLive-110207\" src=\"https:\/\/t.me\/SolovievLive\/110207?embed=1\" width=\"100%\" height=\"\" frameborder=\"0\" scrolling=\"no\" data-gtm-yt-inspected-10=\"true\" data-mce-fragment=\"1\"><\/iframe><\/p>\n<p><em>Pro\u00a0 <a href=\"https:\/\/www.pokec24.cz\/krize-ukrajina\/dmitrij-medvedev-rusko-zautoci-na-rozhodovaci-centra-pokud-ukrajina-pouzije-zbrane-obdrzene-od-spojenych-statu-proti-uzemim-ruske-federace\/\">Pokec<\/a> \u00a0 p\u0159elo\u017eila Janinna.<\/em><\/p>\n<p>&nbsp;<\/p>\n","protected":false},"excerpt":{"rendered":"<p>Medved\u011bv varoval p\u0159ed odvetn\u00fdmi \u00fadery, pokud Ukrajina za\u00fato\u010d\u00ed na Rusko. M\u00edstop\u0159edseda Rady bezpe\u010dnosti Ruska Dmitrij&#8230;<\/p>\n","protected":false},"author":2,"featured_media":10780,"comment_status":"closed","ping_status":"closed","sticky":false,"template":"","format":"standard","meta":[],"categories":[7],"tags":[214,22,26,37,73],"_links":{"self":[{"href":"https:\/\/www.infokuryr.cz\/n\/wp-json\/wp\/v2\/posts\/11183"}],"collection":[{"href":"https:\/\/www.infokuryr.cz\/n\/wp-json\/wp\/v2\/posts"}],"about":[{"href":"https:\/\/www.infokuryr.cz\/n\/wp-json\/wp\/v2\/types\/post"}],"author":[{"embeddable":true,"href":"https:\/\/www.infokuryr.cz\/n\/wp-json\/wp\/v2\/users\/2"}],"replies":[{"embeddable":true,"href":"https:\/\/www.infokuryr.cz\/n\/wp-json\/wp\/v2\/comments?post=11183"}],"version-history":[{"count":1,"href":"https:\/\/www.infokuryr.cz\/n\/wp-json\/wp\/v2\/posts\/11183\/revisions"}],"predecessor-version":[{"id":11184,"href":"https:\/\/www.infokuryr.cz\/n\/wp-json\/wp\/v2\/posts\/11183\/revisions\/11184"}],"wp:featuredmedia":[{"embeddable":true,"href":"https:\/\/www.infokuryr.cz\/n\/wp-json\/wp\/v2\/media\/10780"}],"wp:attachment":[{"href":"https:\/\/www.infokuryr.cz\/n\/wp-json\/wp\/v2\/media?parent=11183"}],"wp:term":[{"taxonomy":"category","embeddable":true,"href":"https:\/\/www.infokuryr.cz\/n\/wp-json\/wp\/v2\/categories?post=11183"},{"taxonomy":"post_tag","embeddable":true,"href":"https:\/\/www.infokuryr.cz\/n\/wp-json\/wp\/v2\/tags?post=11183"}],"curies":[{"name":"wp","href":"https:\/\/api.w.org\/{rel}","templated":true}]}}