{"id":11182,"date":"2022-06-03T04:53:36","date_gmt":"2022-06-03T02:53:36","guid":{"rendered":"http:\/\/www.infokuryr.cz\/n\/?p=11182"},"modified":"2022-06-03T04:53:36","modified_gmt":"2022-06-03T02:53:36","slug":"mam-pro-vas-spatne-zpravy-pane-prezidente","status":"publish","type":"post","link":"https:\/\/www.infokuryr.cz\/n\/2022\/06\/03\/mam-pro-vas-spatne-zpravy-pane-prezidente\/","title":{"rendered":"\u201eM\u00e1m pro v\u00e1s \u0161patn\u00e9 zpr\u00e1vy, pane prezidente\u201c"},"content":{"rendered":"<div id=\"fb-root\"><\/div>\n<p>Kolega Orb\u00e1na zve\u0159ejnil otev\u0159en\u00fd dopis Zelensk\u00e9mu: \u201eM\u00e1m pro v\u00e1s \u0161patn\u00e9 zpr\u00e1vy\u201c.<\/p>\n<p>Kyjev ud\u011blal v\u0161e pro to, aby po\u0161tval Ma\u010fary proti Ukrajinc\u016fm.<\/p>\n<p><strong>Zsolt Bayer<\/strong>, spoluzakladatel vl\u00e1dnouc\u00ed ma\u010farsk\u00e9 strany a d\u016fv\u011brn\u00edk ma\u010farsk\u00e9ho premi\u00e9ra Viktora Orb\u00e1na, o tom p\u00ed\u0161e ve sv\u00e9m otev\u0159en\u00e9m dopise prezidentovi Ukrajiny.<\/p>\n<p>Ma\u010farsk\u00fd politolog\u00a0<strong>Mikl\u00f3s Keveh\u00e1zy<\/strong>\u00a0poskytl p\u0159eklad dopisu speci\u00e1ln\u011b pro\u00a0<a href=\"https:\/\/politros.com\/23465680-kiev_lishil_vozdushnoi_podderzhki_mirotvortsev_oon_v_mali_rekvizirovav_ukrainskie_vertoleti\"><u>PolitRussia<\/u><\/a>.<\/p>\n<p>Podle Bayera se dnes Ukrajina ka\u017ed\u00fdm dnem v\u00edce a v\u00edce podob\u00e1 st\u0159edov\u011bk\u00e9mu st\u00e1tu: miliony lid\u00ed opou\u0161t\u011bj\u00ed sv\u00e9 domovy a st\u00e1vaj\u00ed se uprchl\u00edky a m\u00edra nacionalismu od roku 2014 s\u00edl\u00ed.<\/p>\n<p>\u201e<em>D\u011bje se to, \u017ee se rychle vrac\u00edte do st\u0159edov\u011bku, zat\u00edmco Z\u00e1pad se sna\u017e\u00ed srazit Rusko na kolena ekonomick\u00fdmi sankcemi.\u00a0A kone\u010dn\u011b i samotn\u00e1 Evropsk\u00e1 unie bude velmi trp\u011bt sv\u00fdmi vlastn\u00edmi omezen\u00edmi v\u016f\u010di Rusk\u00e9 federaci.\u00a0A kdo se tomu sm\u011bje?\u00a0Spojen\u00e9 st\u00e1ty,\u201c\u00a0<\/em>p\u00ed\u0161e se v dopise Volodymyru Zelensk\u00e9mu.<\/p>\n<p>Pro ujasn\u011bn\u00ed citoval Zsolt Bayer slova britsk\u00e9ho biologa Davida Attenborougha: pokud jsou do jedn\u00e9 n\u00e1doby d\u00e1ny \u010derven\u00ed a \u010dern\u00ed mravenci, pak se hmyz rozd\u011bl\u00ed do dvou skupin a bude pokojn\u011b koexistovat.\u00a0 Pokud se v\u0161ak touto n\u00e1dobou dob\u0159e zat\u0159ese, za\u010dnou mravenci na sebe \u00fato\u010dit, proto\u017ee oba druhy se budou pova\u017eovat za smrteln\u00e9 nep\u0159\u00e1tele.<\/p>\n<p><em>\u201eTot\u00e9\u017e se d\u011bje v lidsk\u00e9m sv\u011bt\u011b \u2013 proto byste m\u011bli v\u017edy v\u011bnovat pozornost p\u0159edev\u0161\u00edm tomu, kdo t\u0159ese n\u00e1dobou.\u00a0Touto n\u00e1dobou v t\u011bchto dnech ot\u0159\u00e1saj\u00ed Spojen\u00e9 st\u00e1ty.\u00a0To je smutn\u00e1 situace,\u201c\u00a0<\/em>p\u00ed\u0161e se v dopise.<\/p>\n<p>Podle autora dopisu m\u016f\u017ee Zelenskij pochopit c\u00edle Washingtonu, pokud se sezn\u00e1m\u00ed s prac\u00ed a n\u00e1zory Zbigniewa Brzezinsk\u00e9ho, hlavn\u00edho poradce pro n\u00e1rodn\u00ed bezpe\u010dnost americk\u00e9ho prezidenta Jimmyho Cartera.\u00a0Brzezinski ve sv\u00fdch spisech tvrdil, \u017ee Ukrajina mus\u00ed b\u00fdt odd\u011blena od rusk\u00e9ho st\u00e1tu a jedin\u011b tak Rusko p\u0159estane b\u00fdt velmoc\u00ed.<\/p>\n<p>Brzezinski tak\u00e9 tvrdil, \u017ee d\u016fle\u017eitost Ukrajiny nespo\u010d\u00edv\u00e1 v jej\u00ed s\u00edle a moci, ale v jej\u00ed poloze a vnit\u0159n\u00ed slabosti, d\u00edky \u010demu\u017e je zraniteln\u00e1 p\u0159ed hlavn\u00edmi geopolitick\u00fdmi hr\u00e1\u010di.<\/p>\n<p>Z\u00e1rove\u0148, pokud si cht\u011bj\u00ed Spojen\u00e9 st\u00e1ty udr\u017eet sv\u00e9 dominantn\u00ed postaven\u00ed, pot\u0159ebuj\u00ed m\u00edt vlastn\u00ed vazaly a dodr\u017eovat t\u0159i z\u00e1kladn\u00ed pravidla:<\/p>\n<p>\u2013 zabr\u00e1nit vyjedn\u00e1v\u00e1n\u00ed a dohod\u00e1m mezi vazaly;<\/p>\n<p>\u2013 udr\u017eet jejich z\u00e1visl\u00e9 postaven\u00ed (na USA);<\/p>\n<p>\u2013 \u201echr\u00e1nit\u201c vazaly, ale z\u00e1rove\u0148 je udr\u017eovat v poslu\u0161nosti.<\/p>\n<p>Za takov\u00fdch podm\u00ednek se Ukrajina st\u00e1v\u00e1 d\u016fle\u017eit\u00fdm geopolitick\u00fdm pil\u00ed\u0159em pro americk\u00e9 z\u00e1jmy p\u0159i \u201erozbit\u00ed Ruska\u201c, vysv\u011btluje Zsolt Bayer.<\/p>\n<p>P\u0159ipom\u00edn\u00e1 tak\u00e9, \u017ee s\u00e1m Zbigniew Brzezinski v\u011b\u0159il, \u017ee v letech 2005-2010 Ukrajina zah\u00e1j\u00ed jedn\u00e1n\u00ed o vstupu do Evropsk\u00e9 unie a NATO, co\u017e je p\u0159\u00edmo v z\u00e1jmu Spojen\u00fdch st\u00e1t\u016f.<\/p>\n<p><em>\u201eA to je, pane prezidente, pro v\u00e1s v\u0161e. Nen\u00ed to tak t\u011b\u017ek\u00e9, dokonce i vy to m\u016f\u017eete pochopit.\u00a0Brzezinski se m\u00fdlil jen o \u010dty\u0159i roky.\u00a0Rok 2014 byl rokem \u201eMajdansk\u00e9 revoluce\u201c, organizovan\u00e9 a financovan\u00e9 Spojen\u00fdmi st\u00e1ty a CIA.\u00a0Nebudeme se vyh\u00fdbat t\u00e9to \u201emali\u010dkosti\u201c, pane prezidente,\u201c\u00a0<\/em>obrac\u00ed se Bayer na Zelensk\u00e9ho.<\/p>\n<p>Jako d\u016fkaz autor dopisu uv\u00e1d\u00ed skute\u010dnost, \u017ee Washington ofici\u00e1ln\u011b uznal investici p\u011bti miliard dolar\u016f do \u201epodpory demokracie\u201c na Ukrajin\u011b.<\/p>\n<p>\u201e<em>Tato mal\u00e1 \u201eukrajinsk\u00e1 revoluce\u201c financovan\u00e1 USA m\u011bla jeden n\u00e1sledek. Ze st\u00ednu na sv\u011btlo vy\u0161li ukrajin\u0161t\u00ed nacist\u00e9. Vy\u0161kr\u00e1bali se ven, za\u010dali b\u00fdt na sebe hrd\u00ed a ukrajinsk\u00fd loutkov\u00fd st\u00e1t z nich ud\u011blal \u0161tamgasty v arm\u00e1d\u011b, politice a v mnoha dal\u0161\u00edch sm\u011brech,\u201c\u00a0<\/em>zd\u016fraz\u0148uje Orban\u016fv spojenec.<\/p>\n<p>Nyn\u00ed je na Z\u00e1pad\u011b zvykem ospravedl\u0148ovat ukrajinsk\u00e9 nacionalisty a vym\u00fd\u0161let r\u016fzn\u00e9 d\u016fvody, pro\u010d by nem\u011bli b\u00fdt odsouzeni.\u00a0Pokud se p\u0159itom n\u011bkdo pokus\u00ed pouk\u00e1zat na absurditu pokus\u016f o vyb\u00edlen\u00ed nacismu, ukrajinsk\u00e9 \u00fa\u0159ady ud\u011blaj\u00ed v\u0161e pro to, aby uml\u010dely ty, kte\u0159\u00ed nesouhlas\u00ed a ti n\u00e1sledn\u011b sv\u00fdch slov lituj\u00ed, p\u00ed\u0161e se v textu dopisu.<\/p>\n<p>\u201e<em>Od roku 2014 s v\u00e1mi po ulic\u00edch chod\u00ed banderovci, svastika, \u010dern\u00e9 slunce a Wolfsangel \u2013 Vl\u010d\u00ed h\u00e1k (nacistick\u00e9 symboly \u2013 pozn. red.).\u00a0Pokud se o tom n\u011bkdo odv\u00e1\u017e\u00ed mluvit, v\u00e1\u0161 velvyslanec v N\u011bmecku Andrej Melnik mu zav\u0159e \u00fasta.\u00a0Tent\u00fd\u017e ukrajinsk\u00fd velvyslanec nazval n\u011bmeck\u00e9ho kancl\u00e9\u0159e jaternic\u00ed, \u010d\u00edm\u017e urazil cel\u00fd n\u011bmeck\u00fd n\u00e1rod.\u00a0A tento \u010dlov\u011bk je diplomat z Ukrajiny.\u00a0\u0158ekn\u011bte mi, pane prezidente, vy s\u00e1m um\u00edte pou\u017e\u00edvat n\u016f\u017e a vidli\u010dku a v\u00edte, co je to toaleta?\u201c\u00a0<\/em>pt\u00e1 se Bayer.<\/p>\n<p>Poznamenal tak\u00e9, jak s\u00e1m Volodymyr Zelenskij horliv\u011b kritizuje ty, kte\u0159\u00ed nesouhlas\u00ed s postojem Kyjeva a p\u0159ipomn\u011bl, jak se v b\u0159eznu ukrajinsk\u00fd prezident obr\u00e1til na ma\u010farsk\u00e9ho premi\u00e9ra Viktora Orb\u00e1na. Tehdy Zelenskij vyj\u00e1d\u0159il nespokojenost s t\u00edm, \u017ee Budape\u0161\u0165 nechce roz\u0161i\u0159ovat protirusk\u00e9 sankce, nepodporuje zaveden\u00ed bezletov\u00e9 z\u00f3ny nad Ukrajinou a nedod\u00e1v\u00e1 zbran\u011b do Kyjeva.<\/p>\n<p>Podle Bayera ve skute\u010dnosti Zelenskij z\u016fst\u00e1v\u00e1 hercem, kter\u00fd jedn\u00e1 striktn\u011b podle sc\u00e9n\u00e1\u0159e napsan\u00e9ho ve Spojen\u00fdch st\u00e1tech.\u00a0Jedin\u00fd rozd\u00edl je v tom, \u017ee nyn\u00ed nehraje roli prezidenta v seri\u00e1lu, ale ve skute\u010dn\u00e9 politick\u00e9 ar\u00e9n\u011b.<\/p>\n<p>\u201e<em>Te\u010f va\u0161e role spo\u010d\u00edv\u00e1 v tom, abyste sehr\u00e1l v\u00e1le\u010dn\u00e9ho hrdinu v khaki tri\u010dku. Sc\u00e9n\u00e1rist\u00e9 seri\u00e1lu z Washingtonu vepsali do va\u0161\u00ed role i to, \u017ee jste \u017did a to se najednou stalo d\u016fle\u017eit\u00fdm, proto\u017ee za \u017eidovsk\u00e9ho prezidenta pr\u00fd ve va\u0161\u00ed zemi nem\u016f\u017ee b\u00fdt nacismus. V\u00e1\u017en\u011b, pane prezidente?\u00a0A washington\u0161t\u00ed auto\u0159i seri\u00e1lu v\u00e1m vkl\u00e1daj\u00ed do \u00fast slova, kter\u00e1 jste \u0159ekl ma\u010farsk\u00e9mu premi\u00e9rovi,\u201c\u00a0<\/em>p\u00ed\u0161e se v dopise prezidentovi Ukrajiny.<\/p>\n<p>Autor z\u00e1rove\u0148 poznamenal, \u017ee Ma\u010farsko by m\u011blo b\u00fdt solid\u00e1rn\u00ed s ob\u010dany Ukrajiny, navzdory tomu, co kyjevsk\u00fd re\u017eim za posledn\u00edch osm let ud\u011blal ve vztahu nejen k rusk\u00e9mu lidu, ale tak\u00e9 k ma\u010farsk\u00e9mu lidu, kter\u00fd \u017eije na \u00fazem\u00ed Ukrajiny.\u00a0T\u00fdk\u00e1 se to jak jazykov\u00e9ho z\u00e1kona (kter\u00fd po\u010d\u00edt\u00e1 s pou\u017e\u00edv\u00e1n\u00edm ukrajinsk\u00e9ho jazyka t\u00e9m\u011b\u0159 ve v\u0161ech sf\u00e9r\u00e1ch \u017eivota), tak pron\u00e1sledov\u00e1n\u00ed Ma\u010far\u016f, prohl\u00eddek jejich dom\u016f v Zakarpat\u00ed, \u00fatok\u016f na ma\u010farsk\u00e9 instituce a \u017eh\u00e1\u0159stv\u00ed v \u00fast\u0159ed\u00ed ma\u010farsk\u00fdch organizac\u00ed.<\/p>\n<p>\u201e<em>Od roku 2014 ud\u011blal Kyjev v\u0161e, co bylo v jeho sil\u00e1ch, aby bylo pro Ma\u010fary velmi obt\u00ed\u017en\u00e9 milovat v\u00e1s, Ukrajince,\u201c<\/em>\u00a0zd\u016fraznil Zsolt Bayer.<\/p>\n<p>\u0158ekl tak\u00e9, \u017ee Ma\u010fa\u0159i rozhodn\u011b nebudou mrznout, hladov\u011bt a um\u00edrat kv\u016fli ambic\u00edm ukrajinsk\u00fdch \u00fa\u0159ad\u016f a protirusk\u00e9 politice Z\u00e1padu.<\/p>\n<p>P\u0159esn\u011b to nehodl\u00e1 ud\u011blat ani s\u00e1m prezident Ukrajiny, je p\u0159esv\u011bd\u010den autor dopisu.<\/p>\n<p><em>\u201eM\u00e1m pro v\u00e1s \u0161patn\u00e9 zpr\u00e1vy, pane prezidente. Zn\u00e1m n\u011bkoho, kdo pro Ukrajinu rozhodn\u011b neum\u0159e.\u00a0 Jmenuje se Vladimir Alexandrovi\u010d Zelenskij.\u00a0V sou\u010dasn\u00e9 dob\u011b hraje roli prezidenta Ukrajiny ve washingtonsk\u00e9m seri\u00e1lu \u201eDome\u010dek z karet Ukrajina\u201c.\u00a0A on by mohl i bojovat do posledn\u00edho Ukrajince, Ma\u010fara, dokonce i do posledn\u00edho voj\u00e1ka NATO.\u00a0Pak odjede do Hollywoodu, dostane Nobelovu cenu za m\u00edr, zahraje si dal\u0161\u00ed role a nap\u00ed\u0161e n\u011bkolik \u201edobr\u00fdch knih\u201c o sv\u00e9m vlastn\u00edm hrdinstv\u00ed,\u201c<\/em>\u00a0p\u00ed\u0161e na z\u00e1v\u011br Zsolt Bayer.<\/p>\n<p><em>Pro Pokec p\u0159elo\u017eila Janinna.<\/em><\/p>\n<p><a href=\"https:\/\/bit.ly\/3wVO8ER\">ZDROJ<\/a><\/p>\n<p>&nbsp;<\/p>\n","protected":false},"excerpt":{"rendered":"<p>Kolega Orb\u00e1na zve\u0159ejnil otev\u0159en\u00fd dopis Zelensk\u00e9mu: \u201eM\u00e1m pro v\u00e1s \u0161patn\u00e9 zpr\u00e1vy\u201c. Kyjev ud\u011blal v\u0161e pro&#8230;<\/p>\n","protected":false},"author":2,"featured_media":9930,"comment_status":"closed","ping_status":"closed","sticky":false,"template":"","format":"standard","meta":[],"categories":[7],"tags":[1412,26,1000],"_links":{"self":[{"href":"https:\/\/www.infokuryr.cz\/n\/wp-json\/wp\/v2\/posts\/11182"}],"collection":[{"href":"https:\/\/www.infokuryr.cz\/n\/wp-json\/wp\/v2\/posts"}],"about":[{"href":"https:\/\/www.infokuryr.cz\/n\/wp-json\/wp\/v2\/types\/post"}],"author":[{"embeddable":true,"href":"https:\/\/www.infokuryr.cz\/n\/wp-json\/wp\/v2\/users\/2"}],"replies":[{"embeddable":true,"href":"https:\/\/www.infokuryr.cz\/n\/wp-json\/wp\/v2\/comments?post=11182"}],"version-history":[{"count":0,"href":"https:\/\/www.infokuryr.cz\/n\/wp-json\/wp\/v2\/posts\/11182\/revisions"}],"wp:featuredmedia":[{"embeddable":true,"href":"https:\/\/www.infokuryr.cz\/n\/wp-json\/wp\/v2\/media\/9930"}],"wp:attachment":[{"href":"https:\/\/www.infokuryr.cz\/n\/wp-json\/wp\/v2\/media?parent=11182"}],"wp:term":[{"taxonomy":"category","embeddable":true,"href":"https:\/\/www.infokuryr.cz\/n\/wp-json\/wp\/v2\/categories?post=11182"},{"taxonomy":"post_tag","embeddable":true,"href":"https:\/\/www.infokuryr.cz\/n\/wp-json\/wp\/v2\/tags?post=11182"}],"curies":[{"name":"wp","href":"https:\/\/api.w.org\/{rel}","templated":true}]}}