{"id":11181,"date":"2022-06-03T04:50:58","date_gmt":"2022-06-03T02:50:58","guid":{"rendered":"http:\/\/www.infokuryr.cz\/n\/?p=11181"},"modified":"2022-06-03T04:50:58","modified_gmt":"2022-06-03T02:50:58","slug":"kreml-po-prohlaseni-bidena-vyloucil-prodej-ropy-se-ztratou","status":"publish","type":"post","link":"https:\/\/www.infokuryr.cz\/n\/2022\/06\/03\/kreml-po-prohlaseni-bidena-vyloucil-prodej-ropy-se-ztratou\/","title":{"rendered":"Kreml po prohl\u00e1\u0161en\u00ed Bidena vylou\u010dil prodej ropy se ztr\u00e1tou"},"content":{"rendered":"<div id=\"fb-root\"><\/div>\n<p>Peskov po Bidenov\u00fdch slovech vylou\u010dil prodeje rusk\u00e9 ropy se ztr\u00e1tou.<\/p>\n<p>Tiskov\u00fd tajemn\u00edk rusk\u00e9ho prezidenta Dmitrij Peskov komentoval prohl\u00e1\u0161en\u00ed americk\u00e9ho prezidenta Joea Bidena, kter\u00fd ne\u010dekan\u011b prohl\u00e1sil, \u017ee n\u00e1kup rusk\u00e9 ropy se nem\u00e1 odm\u00edtat, ale prost\u011b ji kupovat za sn\u00ed\u017eenou cenu.<\/p>\n<p>Podle Peskova je tato zm\u011bna pozice zp\u016fsobena t\u00edm, \u017ee v USA a EU jsou probl\u00e9my s logistikou.<\/p>\n<p><em>\u201eTo jsou ot\u00e1zky ekonomiky. Pokra\u010duj\u00ed tam probl\u00e9my s logistikou, co\u017e vede k destabilizaci sv\u011btov\u00e9ho trhu. V\u0161e reguluje trh,\u201c<\/em>\u00a0\u0159ekl Peskov.<\/p>\n<p>Z\u00e1rove\u0148 dodal, \u017ee Moskva nebude obchodovat se ztr\u00e1tou a prod\u00e1vat ropu za cenu, kter\u00e1 nebude ku prosp\u011bchu zem\u011b.<\/p>\n<p><em>\u201eAle Rusko samoz\u0159ejm\u011b nic nebude prod\u00e1vat se ztr\u00e1tou. Pokud se n\u011bkde popt\u00e1vka sn\u00ed\u017e\u00ed, n\u011bkde jinde se zv\u00fd\u0161\u00ed. Doch\u00e1z\u00ed k p\u0159eorientov\u00e1n\u00ed tok\u016f,\u201c<\/em>\u00a0\u0159ekl.<\/p>\n<p>D\u0159\u00edve bylo ozn\u00e1meno, \u017ee kv\u016fli bal\u00ed\u010dk\u016fm sankc\u00ed proti Rusku\u00a0<a href=\"https:\/\/ren.tv\/news\/v-mire\/982132-glava-minfina-ssha-zaiavila-chto-nedootsenila-problemu-infliatsii-v-strane\" target=\"_blank\" rel=\"noreferrer noopener\">byly tvrd\u011b zasa\u017eeny samotn\u00e9 Spojen\u00e9 st\u00e1ty<\/a>.\u00a0 Krom\u011b rostouc\u00edch cen pohonn\u00fdch hmot dos\u00e1hla inflace ve Spojen\u00fdch st\u00e1tech rekordn\u00ed \u00farovn\u011b za posledn\u00edch 40 let a v obchodech je nedostatek zbo\u017e\u00ed.<\/p>\n<p>Americk\u00e1 ministryn\u011b financ\u00ed Janet Yellenov\u00e1\u00a0<a href=\"https:\/\/ren.tv\/news\/v-mire\/982352-glava-minfina-ssha-priznalas-chto-ne-ozhidala-posledstvii-sanktsii\" target=\"_blank\" rel=\"noreferrer noopener\">uvedla, \u017ee podcenila<\/a>\u00a0probl\u00e9m a d\u016fsledky protirusk\u00fdch sankc\u00ed.<\/p>\n<p><a href=\"https:\/\/bit.ly\/3Mb9lQM\">ZDROJ<\/a><\/p>\n<p>&nbsp;<\/p>\n","protected":false},"excerpt":{"rendered":"<p>Peskov po Bidenov\u00fdch slovech vylou\u010dil prodeje rusk\u00e9 ropy se ztr\u00e1tou. Tiskov\u00fd tajemn\u00edk rusk\u00e9ho prezidenta Dmitrij&#8230;<\/p>\n","protected":false},"author":2,"featured_media":2779,"comment_status":"closed","ping_status":"closed","sticky":false,"template":"","format":"standard","meta":[],"categories":[7],"tags":[72,1151,310,22,37],"_links":{"self":[{"href":"https:\/\/www.infokuryr.cz\/n\/wp-json\/wp\/v2\/posts\/11181"}],"collection":[{"href":"https:\/\/www.infokuryr.cz\/n\/wp-json\/wp\/v2\/posts"}],"about":[{"href":"https:\/\/www.infokuryr.cz\/n\/wp-json\/wp\/v2\/types\/post"}],"author":[{"embeddable":true,"href":"https:\/\/www.infokuryr.cz\/n\/wp-json\/wp\/v2\/users\/2"}],"replies":[{"embeddable":true,"href":"https:\/\/www.infokuryr.cz\/n\/wp-json\/wp\/v2\/comments?post=11181"}],"version-history":[{"count":0,"href":"https:\/\/www.infokuryr.cz\/n\/wp-json\/wp\/v2\/posts\/11181\/revisions"}],"wp:featuredmedia":[{"embeddable":true,"href":"https:\/\/www.infokuryr.cz\/n\/wp-json\/wp\/v2\/media\/2779"}],"wp:attachment":[{"href":"https:\/\/www.infokuryr.cz\/n\/wp-json\/wp\/v2\/media?parent=11181"}],"wp:term":[{"taxonomy":"category","embeddable":true,"href":"https:\/\/www.infokuryr.cz\/n\/wp-json\/wp\/v2\/categories?post=11181"},{"taxonomy":"post_tag","embeddable":true,"href":"https:\/\/www.infokuryr.cz\/n\/wp-json\/wp\/v2\/tags?post=11181"}],"curies":[{"name":"wp","href":"https:\/\/api.w.org\/{rel}","templated":true}]}}