{"id":11179,"date":"2022-06-03T04:48:54","date_gmt":"2022-06-03T02:48:54","guid":{"rendered":"http:\/\/www.infokuryr.cz\/n\/?p=11179"},"modified":"2022-06-03T04:48:54","modified_gmt":"2022-06-03T02:48:54","slug":"v-ramci-planu-na-vyhlazeni-lidstva-se-globaliste-presouvaji-do-faze-zabijeni","status":"publish","type":"post","link":"https:\/\/www.infokuryr.cz\/n\/2022\/06\/03\/v-ramci-planu-na-vyhlazeni-lidstva-se-globaliste-presouvaji-do-faze-zabijeni\/","title":{"rendered":"V r\u00e1mci pl\u00e1nu na vyhlazen\u00ed lidstva se globalist\u00e9 p\u0159esouvaj\u00ed do f\u00e1ze zab\u00edjen\u00ed"},"content":{"rendered":"<div id=\"fb-root\"><\/div>\n<p><span>Globalist\u00e9 se moment\u00e1ln\u011b p\u0159esouvaj\u00ed do \u201ezabijec\u00ed f\u00e1ze\u201c dlouhodob\u00e9ho pl\u00e1nu vyhlazov\u00e1n\u00ed lid\u00ed, p\u0159i\u010dem\u017e opou\u0161t\u011bj\u00ed v\u0161echny sv\u00e9 p\u0159edchoz\u00ed strategie sna\u017e\u00edc\u00ed se skr\u00fdt sv\u00e9 skute\u010dn\u00e9 z\u00e1m\u011bry.<\/span><\/p>\n<p><span>Dnes u\u017e otev\u0159en\u011b hovo\u0159\u00ed o od\u0159\u00edznut\u00ed lidstva od energi\u00ed (plyn, ropa, elekt\u0159ina), vyhladov\u011bn\u00ed lid\u00ed k smrti p\u0159eru\u0161en\u00edm dod\u00e1vek potravin, resetov\u00e1n\u00ed glob\u00e1ln\u00edch m\u011bn s c\u00edlem uvrhnout lidstvo do chudoby a dosa\u017een\u00ed vylidn\u011bn\u00ed pomoc\u00ed vakc\u00edn a smrt\u00edc\u00edch l\u00e9k\u016f.<\/span><\/p>\n<h2><span>Vyhlazovac\u00ed vektory<\/span><\/h2>\n<p><span>Existuje dev\u011bt \u00fato\u010dn\u00fdch vektor\u016f, kter\u00e9 se v sou\u010dasnosti pou\u017e\u00edvaj\u00ed proti lidsk\u00e9 rase na planet\u011b Zemi:<\/span><\/p>\n<ol>\n<li><span>Vykonstruovan\u00fd hladomor a masov\u00e9 hladov\u011bn\u00ed<\/span><\/li>\n<li><span>Z\u00e1m\u011brn\u00e1 demont\u00e1\u017e energetick\u00e9 infrastruktury, kter\u00e1 poskytuje elekt\u0159inu, topen\u00ed a palivo<\/span><\/li>\n<li><span>V\u00edcen\u00e1sobn\u00e9 vlny biologick\u00fdch zbran\u00ed ur\u010den\u00fdch k zab\u00edjen\u00ed<\/span><\/li>\n<li><span>Glob\u00e1ln\u00ed povinn\u00e9 o\u010dkov\u00e1n\u00ed, kter\u00e9 m\u00e1 donutit poslu\u0161n\u00e9 masy nechat si p\u00edchnout pomalu p\u016fsob\u00edc\u00ed eutan\u00e1zick\u00e9 vakc\u00edny<\/span><\/li>\n<li><span>Geoin\u017een\u00fdrstv\u00ed a kontrola po\u010das\u00ed v planet\u00e1rn\u00edm m\u011b\u0159\u00edtku s c\u00edlem kolapsu biosf\u00e9ry a vyvol\u00e1n\u00ed glob\u00e1ln\u00ed ne\u00farody<\/span><\/li>\n<li><span>Z\u00e1m\u011brn\u00fd kolaps sv\u011btov\u00fdch nekryt\u00fdch m\u011bn zalo\u017een\u00fdch na dluhu, aby se zp\u016fsobila glob\u00e1ln\u00ed chudoba<\/span><\/li>\n<li><span>Eskalace glob\u00e1ln\u00edch konflikt\u016f do sv\u011btov\u00e9 v\u00e1lky zahrnuj\u00edc\u00ed Rusko i \u010c\u00ednu<\/span><\/li>\n<li><span>\u0158\u00edzen\u00e1 demolice glob\u00e1ln\u00edch dodavatelsk\u00fdch \u0159et\u011bzc\u016f vedouc\u00ed k ekonomick\u00e9mu kolapsu<\/span><\/li>\n<li><span>Zni\u010den\u00ed plodnosti prost\u0159ednictv\u00edm chemik\u00e1li\u00ed v plastech, pesticid\u016f, hormon\u00e1ln\u00edch disruptor\u016f, LGBT agendy a transgenderismu<\/span><\/li>\n<\/ol>\n<p><span>Ka\u017ed\u00fd z t\u011bchto dev\u00edti vektor\u016f se v letech 2022 a\u017e 2025 agresivn\u011b zrychl\u00ed.<\/span><\/p>\n<h2><span>Globalist\u00e9 aktivovali f\u00e1zi zab\u00edjen\u00ed<\/span><\/h2>\n<p><span>F\u00e1ze zab\u00edjen\u00ed byla aktivov\u00e1na (re\u00e1ln\u011b to za\u010dalo s pandemi\u00ed Covid-19 p\u0159ed dv\u011bma lety).<\/span><\/p>\n<p><span>Ka\u017ed\u00e9 rozhodnut\u00ed n\u00e1rodn\u00edch l\u00eddr\u016f \u2013 zejm\u00e9na t\u011bch, kte\u0159\u00ed jsou zav\u00e1z\u00e1ni Sv\u011btov\u00e9mu ekonomick\u00e9mu f\u00f3ru (WEF), jako jsou Trudeau, Biden \u010di evrop\u0161t\u00ed l\u00edd\u0159i \u2013 je navr\u017eeno tak, aby vygenerovalo maxim\u00e1ln\u00ed po\u010det lidsk\u00fdch ob\u011bt\u00ed od nyn\u011bj\u0161ka do konce roku 2025.<\/span><\/p>\n<p><span>Globalist\u00e9 jsou ji\u017e na dobr\u00e9 cest\u011b, aby jen d\u00edky vakc\u00edn\u00e1m proti covidu dos\u00e1hli p\u0159ed rokem 2030 zhruba 1 a\u017e 2 miliardy mrtv\u00fdch lid\u00ed.\u00a0P\u0159idejte k tomu hladomor, ekonomick\u00fd kolaps, ob\u010dansk\u00e9 v\u00e1lky,\u00a0<\/span><a href=\"https:\/\/www.badatel.net\/dr-zelenko-byvaly-trumpov-lekar-covid-19-je-eugenicka-a-biologicka-zbran\/\"><span>biologick\u00fd terorismus<\/span><\/a><span>\u00a0, jadern\u00e9 \u00fatoky a v\u00fdpadky energetick\u00fdch s\u00edt\u00ed a jsme na p\u0159ibli\u017en\u011b 2 a\u017e 4 miliard\u00e1ch mrtv\u00fdch!<\/span><\/p>\n<p><span>Vypad\u00e1 to tak, \u017ee osud 25% a\u017e 50% sou\u010dasn\u00e9 lidsk\u00e9 populace, kter\u00e1 bude v nadch\u00e1zej\u00edc\u00edch letech vyhubena, je ji\u017e \u201ezpe\u010det\u011bn\u201c a nelze se zvr\u00e1tit.<\/span><\/p>\n<p><span>Nap\u0159\u00edklad smrt\u00edc\u00ed covidov\u00e9 vakc\u00edny ji\u017e byly aplikov\u00e1ny v\u00edce ne\u017e p\u011bti miliard\u00e1m lid\u00ed.<\/span><\/p>\n<p><span>Vykonstruovan\u00e9 hladov\u011bn\u00ed a nedostatek potravin ji\u017e v podstat\u011b bylo dosa\u017eeno prost\u0159ednictv\u00edm nedostatku hnojiv, ne\u00farody, potravinov\u00e9ho protekcionismu\/nacionalismu a protirusk\u00fdch sankc\u00ed).<\/span><\/p>\n<p><span>Indie je na pokraji z\u00e1kazu v\u00fdvozu r\u00fd\u017ee \u2013 co\u017e je politika, kter\u00e1 by zp\u016fsobila katastrofickou celosv\u011btovou nouzovou situaci v souvislosti s nedostatkem potravin a hladomorem.\u00a0(Zdroj:\u00a0<\/span><a href=\"https:\/\/www.bloomberg.com\/news\/articles\/2022-05-26\/india-s-protectionist-moves-spark-concern-that-rice-may-be-next\" target=\"_blank\" rel=\"noopener\"><span>Bloomberg.com<\/span><\/a><span>\u00a0)<\/span><\/p>\n<p><span>Imploze dluhu v nekryt\u00fdch m\u011bn\u00e1ch je tak\u00e9 nezbytnou realitou.\u00a0S neust\u00e1l\u00fdm, t\u00e9m\u011b\u0159 nepochopiteln\u00fdm ti\u0161t\u011bn\u00edm pen\u011bz, k n\u011bmu\u017e doch\u00e1z\u00ed v z\u00e1padn\u00edch zem\u00edch za posledn\u00ed t\u0159i roky, jsme daleko za bodem, ze kter\u00e9ho nen\u00ed n\u00e1vratu, pokud jde o finan\u010dn\u00ed solventnost t\u011bchto zem\u00ed.<\/span><\/p>\n<p><span>M\u011bny USA, EU a Japonska se v bl\u00edzk\u00e9 budoucnosti sesypou a zanechaj\u00ed tyto n\u00e1rody a cel\u00e9 regiony v ekonomick\u00e9m chaosu.<\/span><\/p>\n<h2><span>Z\u00e1v\u011br<\/span><\/h2>\n<p><span>Jde o to, \u017ee pokud by m\u011bli n\u00e1rodn\u00ed l\u00edd\u0159i skute\u010dnou touhu zachovat ekonomickou udr\u017eitelnost a zdrav\u00fd rozum, nejhor\u0161\u00edm mo\u017en\u00fdm v\u00fdsledkem by se dalo p\u0159edej\u00edt nebo alespo\u0148 je omezit.\u00a0Ale oni se necht\u011bj\u00ed vyhnout katastrof\u011b\u2026 cht\u011bj\u00ed ji dokonce \u00famysln\u011b zhor\u0161it!<\/span><\/p>\n<p><span>L\u00edd\u0159i USA, Kanady, Velk\u00e9 Brit\u00e1nie, N\u011bmecka, Francie, It\u00e1lie, Japonska, Austr\u00e1lie, Nov\u00e9ho Z\u00e9landu a dal\u0161\u00edch n\u00e1rod\u016f (v\u010detn\u011b n\u00e1s) jsou globalistick\u00e9 loutky p\u0159ij\u00edmaj\u00edc\u00ed rozkazy od protilidsk\u00fdch, anticiviliza\u010dn\u00edch globalist\u016f, kte\u0159\u00ed se zav\u00e1zali k \u00fapln\u00e9mu zni\u010den\u00ed lidsk\u00e9 civilizace na planet\u011b Zemi.<\/span><\/p>\n<p><span>V\u00edce podrobnost\u00ed si m\u016f\u017eete poslechnout v podcastu str\u00e1nky Natural News na platform\u011b\u00a0\u00a0<\/span><a href=\"http:\/\/brighteon.com\/51c96280-63ff-4068-96bc-0bf6658bbe50\" target=\"_blank\" rel=\"noopener\"><span>Brighteon.com<\/span><\/a><span> .<\/span><\/p>\n<p><span>Autor: Mike Adams, Zdroj:\u00a0<\/span><a href=\"https:\/\/www.naturalnews.com\/2022-06-01-globalists-move-into-the-kill-phase-of-human-extermination.html\" target=\"_blank\" rel=\"noopener\"><span>naturalnews.com<\/span><\/a><span>\u00a0<\/span><\/p>\n<p>&nbsp;<\/p>\n","protected":false},"excerpt":{"rendered":"<p>Globalist\u00e9 se moment\u00e1ln\u011b p\u0159esouvaj\u00ed do \u201ezabijec\u00ed f\u00e1ze\u201c dlouhodob\u00e9ho pl\u00e1nu vyhlazov\u00e1n\u00ed lid\u00ed, p\u0159i\u010dem\u017e opou\u0161t\u011bj\u00ed v\u0161echny sv\u00e9&#8230;<\/p>\n","protected":false},"author":2,"featured_media":11180,"comment_status":"closed","ping_status":"closed","sticky":false,"template":"","format":"standard","meta":[],"categories":[7],"tags":[1499,794,934],"_links":{"self":[{"href":"https:\/\/www.infokuryr.cz\/n\/wp-json\/wp\/v2\/posts\/11179"}],"collection":[{"href":"https:\/\/www.infokuryr.cz\/n\/wp-json\/wp\/v2\/posts"}],"about":[{"href":"https:\/\/www.infokuryr.cz\/n\/wp-json\/wp\/v2\/types\/post"}],"author":[{"embeddable":true,"href":"https:\/\/www.infokuryr.cz\/n\/wp-json\/wp\/v2\/users\/2"}],"replies":[{"embeddable":true,"href":"https:\/\/www.infokuryr.cz\/n\/wp-json\/wp\/v2\/comments?post=11179"}],"version-history":[{"count":0,"href":"https:\/\/www.infokuryr.cz\/n\/wp-json\/wp\/v2\/posts\/11179\/revisions"}],"wp:featuredmedia":[{"embeddable":true,"href":"https:\/\/www.infokuryr.cz\/n\/wp-json\/wp\/v2\/media\/11180"}],"wp:attachment":[{"href":"https:\/\/www.infokuryr.cz\/n\/wp-json\/wp\/v2\/media?parent=11179"}],"wp:term":[{"taxonomy":"category","embeddable":true,"href":"https:\/\/www.infokuryr.cz\/n\/wp-json\/wp\/v2\/categories?post=11179"},{"taxonomy":"post_tag","embeddable":true,"href":"https:\/\/www.infokuryr.cz\/n\/wp-json\/wp\/v2\/tags?post=11179"}],"curies":[{"name":"wp","href":"https:\/\/api.w.org\/{rel}","templated":true}]}}