{"id":11088,"date":"2022-05-31T07:05:07","date_gmt":"2022-05-31T05:05:07","guid":{"rendered":"http:\/\/www.infokuryr.cz\/n\/?p=11088"},"modified":"2022-05-31T07:05:07","modified_gmt":"2022-05-31T05:05:07","slug":"jindrich-kulhavy-kampan-pred-volbami-zacala","status":"publish","type":"post","link":"https:\/\/www.infokuryr.cz\/n\/2022\/05\/31\/jindrich-kulhavy-kampan-pred-volbami-zacala\/","title":{"rendered":"Jind\u0159ich Kulhav\u00fd: Kampa\u0148 p\u0159ed volbami za\u010dala"},"content":{"rendered":"<div id=\"fb-root\"><\/div>\n<p><span class=\"anotation\">\u00a0Reklamou na vlastn\u00ed dokonalost odstartovali Pir\u00e1ti svou kampa\u0148 sm\u011b\u0159uj\u00edc\u00ed ke komun\u00e1ln\u00edm a sen\u00e1tn\u00edm volb\u00e1m. Babi\u0161 u\u017e krou\u017e\u00ed po republice ve sv\u00e9m karavanu a mezit\u00edm jsme se tak\u00e9 dozv\u011bd\u011bli, \u017ee koalice Spolu jde do voleb ve stejn\u00e9m slo\u017een\u00ed. V\u00a0Praze \u0161kod\u00ed je\u0161t\u011b STAN, Zelen\u00ed, Praha sob\u011b, co\u017e jsou strany a uskupen\u00ed, kter\u00e9 se p\u0159i p\u0159ekon\u00e1v\u00e1n\u00ed p\u0159ek\u00e1\u017eek v\u00a0uskute\u010d\u0148ov\u00e1n\u00ed vlastn\u00edch zcestn\u00fdch pl\u00e1n\u016f ne\u0161t\u00edt\u00ed ni\u010deho. V\u00a0ostatn\u00edch m\u011bstech a obc\u00edch tomu m\u016f\u017ee b\u00fdt jinak, nicm\u00e9n\u011b v\u00a0pra\u017esk\u00e9 aglomeraci tomu tak je. Koryto je pln\u00e9 a bohat\u00e9, z\u00e1jemc\u016f mnoho, mo\u017enost nav\u00fd\u0161en\u00ed vlastn\u00edho ega nesmysln\u00fdmi opat\u0159en\u00edmi zam\u00ed\u0159en\u00fdmi proti Pra\u017ean\u016fm velik\u00e1.<\/span><\/p>\n<div id=\"pagetext\">\n<p>\u00a0 Sou\u010dasn\u00fd prim\u00e1tor H\u0159ib prohl\u00e1sil, \u017ee za jeho veden\u00ed m\u011bsto neb\u00fdvale vzkv\u00e9t\u00e1 a r\u00e1d by pokra\u010doval dal\u0161\u00ed volebn\u00ed obdob\u00ed. Realita je takov\u00e1, \u017ee v\u00a0tak p\u0159\u00ed\u0161ern\u00e9m stavu Praha dlouho nebyla a jej\u00ed znepr\u016fjezdn\u011bn\u00ed je uk\u00e1zkou nepochopen\u00ed pot\u0159eb obyvatel velkom\u011bsta. Mno\u017estv\u00ed naprosto \u00fachyln\u00fdch a neopodstatn\u011bn\u00fdch \u00faprav komunikac\u00ed, p\u0159i nich\u017e jsou nav\u00edc ignorov\u00e1ny jejich nedostatky (propadl\u00e9 kan\u00e1ly, nekvalitn\u00ed povrch \u010di dal\u0161\u00ed z\u00e1vady) z\u00e1m\u011brn\u011b zp\u016fsobuje dopravn\u00ed z\u00e1cpy a prodlou\u017een\u00ed \u010dasu tr\u00e1ven\u00e9ho v\u00a0dopravn\u00edch prost\u0159edc\u00edch. S\u00e1zka na cyklistiku v\u00a0pra\u017esk\u00e9m prost\u0159ed\u00ed vych\u00e1z\u00ed ze zku\u0161enost\u00ed z\u00a0metropol\u00ed, ve kter\u00fdch nen\u00ed po\u010das\u00ed tak vrtkav\u00e9 a jejich\u017e um\u00edst\u011bn\u00ed umo\u017e\u0148uje profil silnic bez v\u00fd\u0161kov\u00fdch v\u00fdkyv\u016f. V\u00a0Praze si p\u0159ipad\u00e1te m\u00edsty jako v\u00a0Krkono\u0161\u00edch a jezdit na kole znamen\u00e1 m\u00edt vynikaj\u00edc\u00ed fyzi\u010dku.<\/p>\n<p>Je tu v\u0161ak dal\u0161\u00ed aspekt. Rodi\u010d mus\u00ed sv\u00e9 d\u011bti p\u0159epravovat ze \u0161koly na tr\u00e9ninky, krou\u017eky, kter\u00e9 se \u010dasto nach\u00e1z\u00ed diametr\u00e1ln\u011b jinde, ne\u017e je domov \u010di \u0161kola. Tak\u00e9 star\u0161\u00ed lid\u00e9 s\u00a0ni\u017e\u0161\u00ed hybnost\u00ed maj\u00ed pot\u0159ebu neomezovat sv\u016fj \u017eivot na trasu byt, trafika, potraviny. Nen\u00ed to nic jednoduch\u00e9ho a pro ob\u011b tyto skupiny je metro \u010di jin\u00e1 mhd jaksi sp\u00ed\u0161e brzdou. Podnikatel se \u0161tosem pap\u00edr\u016f tak\u00e9 tramvaj\u00ed nepojede, o \u0159emesln\u00edc\u00edch a dal\u0161\u00edch povol\u00e1n\u00edch nemluv\u011b. D\u00e1le v\u00a0metropoli funguje plno rozv\u00e1\u017ekov\u00fdch slu\u017eeb, pr\u016fjezdnost mus\u00ed b\u00fdt zaji\u0161t\u011bna sanitk\u00e1m a hasi\u010d\u016fm, co\u017e se neda\u0159\u00ed. Pra\u017esk\u00fd okruh se neposunul ani o metr, tak\u017ee a\u017e se H\u0159ib bude zase chv\u00e1lit, p\u0159ipome\u0148me mu, \u017ee l\u017ee, a\u017e se mu od \u00fast pr\u00e1\u0161\u00ed. Doprava je jen jeden, i kdy\u017e podstatn\u00fd, d\u00edlek skl\u00e1danky. Jeho pl\u00e1ny se sol\u00e1rn\u00edmi panely na ka\u017ed\u00e9 st\u0159e\u0161e a \u0159e\u010di o energetick\u00e9 sob\u011bsta\u010dnosti jsou z\u00a0oblasti poh\u00e1dek, k\u00a0n\u011b\u010demu podobn\u00e9mu se d\u00e1 dostat tak za 50 let. Nejde jen o ekonomick\u00fd aspekt, ale tak\u00e9 o materi\u00e1ln\u00ed a person\u00e1ln\u00ed. Tolik sol\u00e1rn\u00edch elektr\u00e1ren prost\u011b nelze technicky v\u00a0kr\u00e1tk\u00e9 dob\u011b instalovat. Plynov\u00e1 biokotelna zpracov\u00e1vaj\u00edc\u00ed odpad by byla jist\u011b fajn, ale jej\u00ed stavba nebude levn\u00e1 a pt\u00e1me se, pro\u010d u\u017e neza\u010dala? Sice n\u00e1m po m\u011bst\u011b v\u0161ude vis\u00ed ukrajinsk\u00e9 vlajky, strh\u00e1vaj\u00ed se sochy a p\u0159ejmenov\u00e1vaj\u00ed ulice, ale to v\u0161e je stejn\u011b populistick\u00e1 reklama na vlastn\u00ed ideologii, jako ta\u017een\u00ed proti aut\u016fm a ob\u010dan\u016fm m\u011bsta. P\u0159edstavy H\u0159iba o fungov\u00e1n\u00ed velkom\u011bsta se rozch\u00e1z\u00ed s\u00a0realitou. A nejen jeho, plat\u00ed to pro v\u011bt\u0161inu koalic na jednotliv\u00fdch radnic\u00edch.<\/p>\n<p>Komun\u00e1ln\u00ed a sen\u00e1tn\u00ed volby jsou d\u016fle\u017eit\u00e9. Do Sen\u00e1tu se dost\u00e1v\u00e1 \u0159ada exot\u016f typu Hil\u0161era \u010di Draho\u0161e, kari\u00e9rist\u016f a lehko\u017eivk\u016f. M\u00e1me tam \u0159adu ,,Ukrajinc\u016f\u201c, tak\u00e9 ,,Taiwance\u201c Vystr\u010dila, politickou fosilii N\u011bmcovou a p\u00e1r dal\u0161\u00edch, o jejich\u017e schopnosti vn\u00edmat probl\u00e9my b\u011b\u017en\u00fdch ob\u010dan\u016f m\u016f\u017eeme jen pochybovat. Sen\u00e1t je relativn\u011b zbyte\u010dnou instituc\u00ed, nav\u00edc drahou, ale kdy\u017e u\u017e tu mus\u00ed b\u00fdt, m\u011bl by fungovat v\u00a0z\u00e1jmu lid\u00ed. Komun\u00e1ln\u00ed \u010d\u00e1st je podstatn\u00e1 pro skute\u010dn\u00fd \u017eivot v\u00a0okol\u00ed bydli\u0161t\u011b, a to p\u0159edev\u0161\u00edm v\u00a0men\u0161\u00edch m\u011bstech a obc\u00edch. Zde nelze hromadn\u011b v\u0161e kritizovat, ka\u017ed\u00fd tu\u0161\u00ed, kdo je p\u0159\u00ednosem a kdo nen\u00ed. Tady nejde o politickou p\u0159\u00edslu\u0161nost, \u010dasto to stoj\u00ed na osobnosti dan\u00e9ho \u010dlov\u011bka. Sta\u010d\u00ed si p\u0159ipomenout dvorn\u00edho \u0161a\u0161ka Pavla Novotn\u00e9ho z\u00a0ODS, kter\u00e9ho si v\u0161ak m\u00edstn\u00ed v\u00a0\u0158eporyj\u00edch jako\u017eto starosty chv\u00e1l\u00ed. Sv\u011bt je pln\u00fd paradox\u016f.<\/p>\n<p>Ve velk\u00fdch m\u011bstech je v\u0161ak politick\u00e1 p\u0159\u00edslu\u0161nost velmi zav\u00e1d\u011bj\u00edc\u00ed, tak\u017ee je t\u0159eba vn\u00edmat p\u0159\u00ednos stran k\u00a0celospole\u010densk\u00e9 situaci. A tady se sta\u010d\u00ed pod\u00edvat na sou\u010dasn\u00fd stav. Vl\u00e1dn\u00ed koalice jede antirusko, antibabi\u0161e a antilogiku. Nen\u00ed tam nic tv\u016fr\u010d\u00edho, jen sam\u00e1 ideologie a ekonomick\u00fd propad a\u017e na \u00fapln\u00e9 dno. ANO se bude sna\u017eit vr\u00e1tit do hry, SPD v\u00a0t\u00e9to oblasti moc neexceluje, m\u00edstn\u00ed l\u00edd\u0159i mus\u00ed bojovat za sebe. A\u0165 u\u017e V\u00e1m p\u0159ed volbami slibuj\u00ed cokoliv, p\u0159i rozhodov\u00e1n\u00ed se mus\u00ed \u010dlov\u011bk ohl\u00e9dnout zp\u011bt. Pokud to ud\u011bl\u00e1te, zjist\u00edte, v\u00a0jak\u00e9m pr\u016f\u0161vihu jsme a nevolitelnost v\u011bt\u0161iny stran je vcelku jasn\u00e1. Bude velmi t\u011b\u017ek\u00e9 se rozhodnout spr\u00e1vn\u011b. Je li to v\u016fbec mo\u017en\u00e9.<\/p>\n<\/div>\n<p><a href=\"https:\/\/www.inadhled.live\/uvaha-dne\/kampan-pred-volbami-zacala\/\">Jind\u0159ich Kulhav\u00fd<\/a><\/p>\n<p>&nbsp;<\/p>\n","protected":false},"excerpt":{"rendered":"<p>\u00a0Reklamou na vlastn\u00ed dokonalost odstartovali Pir\u00e1ti svou kampa\u0148 sm\u011b\u0159uj\u00edc\u00ed ke komun\u00e1ln\u00edm a sen\u00e1tn\u00edm volb\u00e1m. Babi\u0161&#8230;<\/p>\n","protected":false},"author":2,"featured_media":11089,"comment_status":"closed","ping_status":"closed","sticky":false,"template":"","format":"standard","meta":[],"categories":[6],"tags":[1001,1440,234,27],"_links":{"self":[{"href":"https:\/\/www.infokuryr.cz\/n\/wp-json\/wp\/v2\/posts\/11088"}],"collection":[{"href":"https:\/\/www.infokuryr.cz\/n\/wp-json\/wp\/v2\/posts"}],"about":[{"href":"https:\/\/www.infokuryr.cz\/n\/wp-json\/wp\/v2\/types\/post"}],"author":[{"embeddable":true,"href":"https:\/\/www.infokuryr.cz\/n\/wp-json\/wp\/v2\/users\/2"}],"replies":[{"embeddable":true,"href":"https:\/\/www.infokuryr.cz\/n\/wp-json\/wp\/v2\/comments?post=11088"}],"version-history":[{"count":0,"href":"https:\/\/www.infokuryr.cz\/n\/wp-json\/wp\/v2\/posts\/11088\/revisions"}],"wp:featuredmedia":[{"embeddable":true,"href":"https:\/\/www.infokuryr.cz\/n\/wp-json\/wp\/v2\/media\/11089"}],"wp:attachment":[{"href":"https:\/\/www.infokuryr.cz\/n\/wp-json\/wp\/v2\/media?parent=11088"}],"wp:term":[{"taxonomy":"category","embeddable":true,"href":"https:\/\/www.infokuryr.cz\/n\/wp-json\/wp\/v2\/categories?post=11088"},{"taxonomy":"post_tag","embeddable":true,"href":"https:\/\/www.infokuryr.cz\/n\/wp-json\/wp\/v2\/tags?post=11088"}],"curies":[{"name":"wp","href":"https:\/\/api.w.org\/{rel}","templated":true}]}}