{"id":11084,"date":"2022-05-31T06:56:20","date_gmt":"2022-05-31T04:56:20","guid":{"rendered":"http:\/\/www.infokuryr.cz\/n\/?p=11084"},"modified":"2022-05-31T06:56:20","modified_gmt":"2022-05-31T04:56:20","slug":"vykrik-utocnika-allahu-akbar-automaticky-neznamena-islamsky-motiv-tolik-vrchni-bavorska-prokuratorka","status":"publish","type":"post","link":"https:\/\/www.infokuryr.cz\/n\/2022\/05\/31\/vykrik-utocnika-allahu-akbar-automaticky-neznamena-islamsky-motiv-tolik-vrchni-bavorska-prokuratorka\/","title":{"rendered":"\u201eV\u00fdk\u0159ik \u00fato\u010dn\u00edka Allahu akbar automaticky neznamen\u00e1 isl\u00e1msk\u00fd motiv\u201c, tolik vrchn\u00ed bavorsk\u00e1 prokur\u00e1torka"},"content":{"rendered":"<div id=\"fb-root\"><\/div>\n<p><strong>Vrchn\u00ed bavorsk\u00e1 prokur\u00e1torka Gabriele\u00a0<a href=\"https:\/\/rmx.news\/article\/allahu-akbar-does-not-automatically-mean-islamism-states-bavarian-prosecutor\/\">Tilmannov\u00e1 varovala ve\u0159ejnost p\u0159ed automatick\u00fdm spojov\u00e1n\u00edm muslimsk\u00fdch \u00fato\u010dn\u00edk\u016f proti b\u00edl\u00fdm N\u011bmc\u016fm za pok\u0159iku allahu akbar.<\/a>\u00a0Pr\u00fd to nemus\u00ed znamenat isl\u00e1msk\u00fd motiv \u00fatoku!<\/strong>\u00a0Podle prokur\u00e1torky se nav\u00edc ukazuje,\u00a0<strong>\u017ee v\u011bt\u0161ina muslimsk\u00fdch \u00fato\u010dn\u00edk\u016f byla ment\u00e1ln\u011b naru\u0161en\u00e1 a jejich \u00fatok nem\u011bl nic spole\u010dn\u00e9ho s isl\u00e1mem.<\/strong><\/p>\n<p>To v\u0161e v dob\u011b,<strong>\u00a0kdy se \u00fatoky agresivn\u00edch muslimsk\u00fdch uprchl\u00edk\u016f proti bezbrann\u00e9mu obyvatelstvu mno\u017e\u00ed. Nejsmutn\u011bj\u0161\u00ed na tom je, \u017ee i n\u011bmeck\u00e9 elity m\u00edsto ochrany vlastn\u00edch lid\u00ed, se jim naopak posm\u00edvaj\u00ed a stoj\u00ed otev\u0159en\u011b na stran\u011b muslimsk\u00fdch agresor\u016f.<\/strong><\/p>\n<p>Asi to odkoukaly od nejstar\u0161\u00ed mafie sv\u011bta, jej\u00ed p\u0159\u00edslu\u0161n\u00edci bud na\u0159\u00edkaj\u00ed, jak jim v\u0161ichni ubli\u017euj\u00ed, nebo se sv\u00fdm ob\u011btem posm\u00edvaj\u00ed. N\u011bmci s t\u00edm maj\u00ed historicky bohat\u00e9 zku\u0161enosti. Islamizace N\u011bmecka tak b\u011b\u017e\u00ed klidn\u011b d\u00e1l.\u00a0<strong>Dopadnou \u010ce\u0161i a Slov\u00e1ci stejn\u011b? I jim chyst\u00e1 nejstar\u0161\u00ed mafie sv\u011bta podobn\u00fd osud. Vyjde j\u00ed to?<\/strong><\/p>\n<p><a href=\"https:\/\/ceskavec.com\/2022\/05\/vykrik-utocnika-allahu-akbar-automaticky-neznamena-islamsky-motiv-tolik-vrchni-bavorska-prokuratorka\">\u010cesk\u00e1 v\u011bc<\/a><\/p>\n<p>&nbsp;<\/p>\n","protected":false},"excerpt":{"rendered":"<p>Vrchn\u00ed bavorsk\u00e1 prokur\u00e1torka Gabriele\u00a0Tilmannov\u00e1 varovala ve\u0159ejnost p\u0159ed automatick\u00fdm spojov\u00e1n\u00edm muslimsk\u00fdch \u00fato\u010dn\u00edk\u016f proti b\u00edl\u00fdm N\u011bmc\u016fm za&#8230;<\/p>\n","protected":false},"author":2,"featured_media":8526,"comment_status":"closed","ping_status":"closed","sticky":false,"template":"","format":"standard","meta":[],"categories":[7],"tags":[91,44,84,2491],"_links":{"self":[{"href":"https:\/\/www.infokuryr.cz\/n\/wp-json\/wp\/v2\/posts\/11084"}],"collection":[{"href":"https:\/\/www.infokuryr.cz\/n\/wp-json\/wp\/v2\/posts"}],"about":[{"href":"https:\/\/www.infokuryr.cz\/n\/wp-json\/wp\/v2\/types\/post"}],"author":[{"embeddable":true,"href":"https:\/\/www.infokuryr.cz\/n\/wp-json\/wp\/v2\/users\/2"}],"replies":[{"embeddable":true,"href":"https:\/\/www.infokuryr.cz\/n\/wp-json\/wp\/v2\/comments?post=11084"}],"version-history":[{"count":0,"href":"https:\/\/www.infokuryr.cz\/n\/wp-json\/wp\/v2\/posts\/11084\/revisions"}],"wp:featuredmedia":[{"embeddable":true,"href":"https:\/\/www.infokuryr.cz\/n\/wp-json\/wp\/v2\/media\/8526"}],"wp:attachment":[{"href":"https:\/\/www.infokuryr.cz\/n\/wp-json\/wp\/v2\/media?parent=11084"}],"wp:term":[{"taxonomy":"category","embeddable":true,"href":"https:\/\/www.infokuryr.cz\/n\/wp-json\/wp\/v2\/categories?post=11084"},{"taxonomy":"post_tag","embeddable":true,"href":"https:\/\/www.infokuryr.cz\/n\/wp-json\/wp\/v2\/tags?post=11084"}],"curies":[{"name":"wp","href":"https:\/\/api.w.org\/{rel}","templated":true}]}}