{"id":11079,"date":"2022-05-31T06:41:42","date_gmt":"2022-05-31T04:41:42","guid":{"rendered":"http:\/\/www.infokuryr.cz\/n\/?p=11079"},"modified":"2022-05-31T06:42:11","modified_gmt":"2022-05-31T04:42:11","slug":"ukrajinsti-vojaci-natocili-v-ruskem-zajeti-vzkaz-pro-zelenskeho-a-polozili-mu-dotaz11079","status":"publish","type":"post","link":"https:\/\/www.infokuryr.cz\/n\/2022\/05\/31\/ukrajinsti-vojaci-natocili-v-ruskem-zajeti-vzkaz-pro-zelenskeho-a-polozili-mu-dotaz11079\/","title":{"rendered":"Ukrajin\u0161t\u00ed voj\u00e1ci nato\u010dili v rusk\u00e9m zajet\u00ed vzkaz pro Zelensk\u00e9ho a polo\u017eili mu dotaz&#8230;"},"content":{"rendered":"<div id=\"fb-root\"><\/div>\n<h4>Ukrajin\u0161t\u00ed voj\u00e1ci nato\u010dili v rusk\u00e9m zajet\u00ed vzkaz pro Zelensk\u00e9ho a polo\u017eili mu dotaz, pro\u010d se Kyjev p\u0159i v\u00fdm\u011bn\u00e1ch zajatc\u016f zaj\u00edm\u00e1 jen o \u010dleny neonacistick\u00e9ho praporu Azov? \u010cesk\u00e1 p\u0159edsedkyn\u011b parlamentu a ministr vnitra zneuctili pam\u00e1tku 80. v\u00fdro\u010d\u00ed hrdinsk\u00e9ho atent\u00e1tu \u010deskoslovensk\u00fdch para\u0161utist\u016f na Reinharda Heydricha k veleben\u00ed neonacistick\u00e9 propagandy o Ukrajin\u011b! Pro\u010d z \u00fast ministra zazn\u011bla dokonce banderovsk\u00e1 zdravice Slava Ukraini? Tu\u0161\u00ed v\u016fbec ministr, \u017ee odd\u00edly UPA \u0159valy tuto zdravici do tv\u00e1\u0159\u00ed \u010desk\u00fdm \u017een\u00e1m a d\u011btem p\u0159i jejich vra\u017ed\u011bn\u00ed na Volyni v roce 1943?<\/h4>\n<p>Minul\u00fd p\u00e1tek si \u010ceskoslovensko p\u0159ipomn\u011blo 80. v\u00fdro\u010d\u00ed operace \u010deskoslovensk\u00fdch para\u0161utist\u016f pod k\u00f3dov\u00fdm ozna\u010den\u00edm Anthropoid, kter\u00e1 skon\u010dila atent\u00e1tem na zastupuj\u00edc\u00edho \u0158\u00ed\u0161sk\u00e9ho protektora a gener\u00e1la policie Reinharda Heydricha. V p\u00e1tek 27. kv\u011btna se v Praze konalo velice podivn\u00e9 a ned\u016fstojn\u00e9 pietn\u00ed setk\u00e1n\u00ed, a to proto, \u017ee bylo pot\u0159\u00edsn\u011bno doslova zvratky a neuv\u011b\u0159iteln\u00fdm propagandistick\u00fdm odpadem z \u00fast p\u0159edstavitel\u016f sou\u010dasn\u00e9 vl\u00e1dn\u00ed koalice, kte\u0159\u00ed pietu zneu\u017eili k \u0161\u00ed\u0159en\u00ed ukrajinsk\u00e9 neonacistick\u00e9 propagandy.<\/p>\n<p>Konkr\u00e9tn\u011b se tak stalo p\u0159i projevech p\u0159edsedkyn\u011b poslaneck\u00e9 sn\u011bmovny Mark\u00e9ty Adamov\u00e9 Pekarov\u00e9 (TOP 09) a ministra vnitra V\u00edta Raku\u0161ana (STAN).\u00a0<strong>Oba dva zneu\u017eili pietn\u00ed akt protifa\u0161istick\u00e9ho odboje \u010deskoslovensk\u00fdch para\u0161utist\u016f ke skand\u00e1ln\u00edmu veleben\u00ed ukrajinsk\u00e9 neonacistick\u00e9 junty<\/strong>, kter\u00e1 za pomoci \u010dlen\u016f praporu Azov za 8 let trvaj\u00edc\u00ed ob\u010dansk\u00e9 v\u00e1lky na Ukrajin\u011b od roku 2014 pozab\u00edjela na Donbasu na 14 000 civilist\u016f, z toho t\u00e9m\u011b\u0159 1 000 d\u011bt\u00ed. To prost\u011b je neuv\u011b\u0159iteln\u00e9.<\/p>\n<p><a href=\"https:\/\/aeronet.news\/wp-content\/uploads\/slava_ukraini_stepan_bandera.jpg\"><img decoding=\"async\" loading=\"lazy\" class=\"wp-image-51908 aligncenter\" src=\"https:\/\/aeronet.news\/wp-content\/uploads\/slava_ukraini_stepan_bandera.jpg\" sizes=\"(max-width: 1280px) 100vw, 1280px\" srcset=\"https:\/\/aeronet.news\/wp-content\/uploads\/slava_ukraini_stepan_bandera.jpg 1280w, https:\/\/aeronet.news\/wp-content\/uploads\/slava_ukraini_stepan_bandera-300x169.jpg 300w, https:\/\/aeronet.news\/wp-content\/uploads\/slava_ukraini_stepan_bandera-768x432.jpg 768w, https:\/\/aeronet.news\/wp-content\/uploads\/slava_ukraini_stepan_bandera-1024x576.jpg 1024w, https:\/\/aeronet.news\/wp-content\/uploads\/slava_ukraini_stepan_bandera-700x394.jpg 700w, https:\/\/aeronet.news\/wp-content\/uploads\/slava_ukraini_stepan_bandera-635x357.jpg 635w, https:\/\/aeronet.news\/wp-content\/uploads\/slava_ukraini_stepan_bandera-859x483.jpg 859w\" alt=\"\" width=\"670\" height=\"377\" \/><\/a><\/p>\n<p>Nikdy bych si nemyslel, \u017ee se budu styd\u011bt za \u010ceskou republiku a jej\u00ed vl\u00e1du, kter\u00e1 znesv\u011btila pam\u00e1tku hrdin\u016f protifa\u0161istick\u00e9ho odboje k vym\u00fdv\u00e1n\u00ed mozk\u016f dne\u0161n\u00edch ob\u010dan\u016f o Ukrajin\u011b, co\u017e je nesv\u00e9pr\u00e1vn\u00fd st\u00e1t, kter\u00fd se 8 let dopou\u0161t\u011bl zlo\u010din\u016f genocidy na Donbasu a evropsk\u00e9 vl\u00e1dy tyto zlo\u010diny dodnes kryj\u00ed, zaml\u010duj\u00ed, zleh\u010duj\u00ed, bagatelizuj\u00ed, nebo dokonce pop\u00edraj\u00ed.<\/p>\n<p><strong>A vedle toho veleb\u00ed ty, kte\u0159\u00ed se na t\u011bchto zlo\u010dinech pod\u00edleli nejv\u00edce, tedy \u010dleny prapor\u016f Azov, se kter\u00fdmi pr\u00e1v\u011b v t\u011bchto dnech v Rusk\u00e9 federaci za\u010d\u00ednaj\u00ed soudn\u00ed v\u00e1le\u010dn\u00e9 tribun\u00e1ly.<\/strong>\u00a0Zlo\u010diny proti lidskosti byly p\u00e1ch\u00e1ny proti obyvatel\u016fm Donbasu po dobu 8 let s tich\u00fdm souhlasem zem\u00ed a vl\u00e1d EU a USA jen proto, \u017ee tyto zlo\u010diny a genocidy byly p\u00e1ch\u00e1ny na t\u011bch ukrajinsk\u00fdch ob\u010danech, kte\u0159\u00ed se provinili t\u00edm, \u017ee maj\u00ed rusk\u00fd etnick\u00fd p\u016fvod a v roce 2014 odm\u00edtli nez\u00e1konn\u00fd pu\u010d a st\u00e1tn\u00ed p\u0159evrat na Majdanu v Kyjev\u011b.<\/p>\n<h6><span style=\"font-size: 18pt;\">VIDEO: Ukrajin\u0161t\u00ed voj\u00e1ci se v zajet\u00ed v Rusku ptaj\u00ed Zelensk\u00e9ho, pro\u010d se zaj\u00edm\u00e1 jen o Azov\u00e1ky?<\/span><\/h6>\n<p>To byl jejich nejv\u011bt\u0161\u00ed zlo\u010din. A druh\u00fdm zlo\u010dinem bylo, kdy\u017e kyjevsk\u00e1 junta, kter\u00e1 se po pu\u010di ujala v Kyjev\u011b moci, zah\u00e1jila trestnou v\u00fdpravu na Donbas, ale obyvatel\u00e9 Donbasu se t\u00e9to trestn\u00e9 v\u00fdprav\u011b br\u00e1nili, proto\u017ee c\u00edlem vojensk\u00e9 operace v roce 2015 bylo vytla\u010den\u00ed rusk\u00e9ho etnika z Donbasu do Ruska. A kdo by odm\u00edtl odej\u00edt, byl by zast\u0159elen. Etnick\u00e1 \u010distka se Kyjevu nezda\u0159ila, proto\u017ee lid\u00e9 na Donbasu se proti genocid\u011b postavili na odpor se zbran\u011bmi v ruk\u00e1ch. Nacismus se ale od roku 2014 roz\u0161\u00ed\u0159il z Ukrajiny do cel\u00e9 Evropy a hlavn\u011b do politik jednotliv\u00fdch vl\u00e1d.<\/p>\n<p>To se nyn\u00ed ukazuje pr\u00e1v\u011b i ve v\u00e1lce na Ukrajin\u011b, kde vid\u00edme, kdo m\u00e1 pro Kyjev v\u011bt\u0161\u00ed hodnotu a cenu.\u00a0<strong>Ukrajin\u0161t\u00ed voj\u00e1ci v rusk\u00e9m zajet\u00ed toti\u017e pr\u00e1v\u011b nato\u010dili kr\u00e1tk\u00e9 video, kter\u00e9 adresovali Zelensk\u00e9mu a ptaj\u00ed se ho, pro\u010d se v\u00fdm\u011bny zajatc\u016f ze strany Kyjeva t\u00fdkaj\u00ed jen bojovn\u00edk\u016f pluku Azov<\/strong>\u00a0(<em>ji\u017e ne praporu, Zelensk\u00fd ned\u00e1vno Azov pov\u00fd\u0161il na pluk<\/em>) a na ostatn\u00ed ukrajinsk\u00e9 voj\u00e1ky se prost\u011b p\u0159i v\u00fdm\u011bn\u00e1ch zajatc\u016f ka\u0161le? Tohle pouze ukazuje, \u017ee neonacistick\u00fd pluk Azov m\u00e1 obrovskou hodnotu pro Kyjev a paradoxn\u011b \u017eidovsk\u00fd prezident si nacisty z Azovu h\u00fd\u010dk\u00e1 jako nejv\u011bt\u0161\u00ed obl\u00edbence.<\/p>\n<p>&nbsp;<\/p>\n<div id=\"rumble_v144nfl\">\n<div id=\"vid_v144nfl\" class=\"rumble_v144nfl-Rumble-cls\" tabindex=\"-1\">\n<div class=\"bigPlayUI ctp\">\n<div class=\"bigPlayUIInner ctp\"><div class='videoWrapper'>\r\n\t            <iframe src='https:\/\/rumble.com\/embed\/pj.v144nfl\/' frameborder='0' allowfullscreen><\/iframe>\r\n\t        <\/div><\/div>\n<\/div>\n<\/div>\n<\/div>\n<p>&nbsp;<\/p>\n<p>Pokud v\u00e1m to nejde do hlavy, tak v\u00e1m prozrad\u00edm, v \u010dem to spo\u010d\u00edv\u00e1.\u00a0<strong>Pluk Azov je toti\u017e ryze soukrom\u00fdm financovan\u00fdm \u017eold\u00e1ck\u00fdm projektem izraelsko-ukrajinsk\u00e9ho oligarchy Igora Kolomojsk\u00e9ho<\/strong>, kter\u00fd tento \u017eold\u00e1cky neonacistick\u00fd odd\u00edl za\u010dal financovat, profesionalizovat a vyzbrojovat na podzim v roce 2013 t\u011bsn\u011b p\u0159ed vypuknut\u00edm protest\u016f na Majdanu. Azov byl a dosud je nejmodern\u011bji vybaven\u00fdm vojskov\u00fdm odd\u00edlem na Ukrajin\u011b, jeho\u017e v\u00fdbava, v\u00fdzbroj a v\u00fdstroj dalece a dalece p\u0159esahuje v\u0161echno, \u010d\u00edm kdy disponovala ukrajinsk\u00e1 arm\u00e1da. V\u0161echno platil a financoval Kolomojsk\u00fd, ale podle informac\u00ed na\u0161\u00ed redakce slou\u017eil pouze jako b\u00edl\u00fd k\u016f\u0148, podobn\u011b jako funguje George Soros, kter\u00fd takt\u00e9\u017e nepou\u017e\u00edv\u00e1 na sv\u00e9 operace vlastn\u00ed pen\u00edze, ale poskytuje sv\u00e9 neziskov\u00e9 fondy jako pr\u016ftokov\u00e9 pra\u010dky na pen\u00edze od nezn\u00e1m\u00fdch investor\u016f. Tu samou roli m\u011bl a m\u00e1 podle nov\u00fdch informac\u00ed Kolomojsk\u00fd.<\/p>\n<h6><span style=\"font-size: 18pt;\">Kolomojsk\u00fd podle rusk\u00e9 rozv\u011bdky funguje v Izraeli jako pr\u016ftokov\u00e1 pra\u010dka na pen\u00edze z USA proud\u00edc\u00ed je\u0161t\u011b p\u0159es jinou pra\u010dku, Sa\u00fadskou Ar\u00e1bii<\/span><\/h6>\n<p>Podle informac\u00ed rusk\u00fdch novin\u00e1\u0159\u016f, se kter\u00fdmi jsme v \u00fazk\u00e9m kontaktu, poch\u00e1zej\u00ed na z\u00e1klad\u011b informac\u00ed rusk\u00e9 rozv\u011bdky Kolomojsk\u00e9ho pen\u00edze pro Azov od roku 2013 z USA a ze Sa\u00fadsk\u00e9 Ar\u00e1bie, co\u017e je pro zm\u011bnu pr\u016ftokov\u00e1 pra\u010dka pro americkou CIA. Poka\u017ed\u00e9, kdy\u017e chce CIA posunout n\u011bkomu pen\u00edze v Evrop\u011b, pou\u017eije k tomu trasu USA -&gt; Sa\u00fadsk\u00e1 Ar\u00e1bie -&gt; Izrael a odtamtud to potom jde p\u0159es r\u016fzn\u00e9 b\u00edl\u00e9 kon\u011b do Evropy, na Ukrajinu apod.<\/p>\n<p><strong>Bojovn\u00edci Azovu jsou tak v podstat\u011b americk\u00e9 zbrojn\u00ed assety, americk\u00e9 akvizice a investice, tak\u017ee Zelensk\u00fd je povinen s Rusy prioritn\u011b \u0159e\u0161it hlavn\u011b Azov\u00e1ky, na ostatn\u00ed zajat\u00e9 Ukrajince sere pes, i Zelensk\u00fd.<\/strong>\u00a0A t\u00edm je to dan\u00e9. Te\u010f u\u017e tedy v\u00edte, pro\u010d Kyjev ka\u0161le na ukrajinsk\u00e9 voj\u00e1ky, proto\u017ee Zelensk\u00fd je \u010dlenem Ukrajinsk\u00e9ho \u017eidovsk\u00e9ho kongresu a mus\u00ed poslouchat sv\u00e9ho p\u00e1na, kter\u00fd mu zaplatil prezidentskou volebn\u00ed kampa\u0148.<\/p>\n<figure id=\"attachment_4298\" class=\"wp-caption aligncenter\" style=\"width: 689px;\"><a href=\"https:\/\/aeronet.news\/wp-content\/uploads\/Igor-Kolomoisky-Israel-Mafia-MH17-GreatGameIndia-Putin-Assassination-Gazprom-BRICS-2.jpg\"><img decoding=\"async\" loading=\"lazy\" class=\"wp-image-4298\" src=\"https:\/\/aeronet.news\/wp-content\/uploads\/Igor-Kolomoisky-Israel-Mafia-MH17-GreatGameIndia-Putin-Assassination-Gazprom-BRICS-2.jpg\" sizes=\"(max-width: 700px) 100vw, 700px\" srcset=\"https:\/\/aeronet.news\/wp-content\/uploads\/Igor-Kolomoisky-Israel-Mafia-MH17-GreatGameIndia-Putin-Assassination-Gazprom-BRICS-2.jpg 398w, https:\/\/aeronet.news\/wp-content\/uploads\/Igor-Kolomoisky-Israel-Mafia-MH17-GreatGameIndia-Putin-Assassination-Gazprom-BRICS-2-300x188.jpg 300w\" alt=\"\" width=\"689\" height=\"431\" \/><\/a><figcaption class=\"wp-caption-text\">Igor Kolomojsk\u00fd<\/figcaption><\/figure>\n<p>Ano, tu mu zaplatil rovn\u011b\u017e Kolomojsk\u00fd a podle v\u0161eho i v tomto p\u0159\u00edpad\u011b slou\u017eil jen jako pr\u016ftokov\u00e1 pra\u010dka, proto\u017ee pen\u00edze pro Zelensk\u00e9ho kampa\u0148 \u0161ly do Izraele op\u011bt ze Sa\u00fadsk\u00e9 Ar\u00e1bie, to znamen\u00e1 od CIA, to znamen\u00e1 od americk\u00fdch neocon\u016f.\u00a0<strong>Tyto informace od na\u0161ich rusk\u00fdch koleg\u016f novin\u00e1\u0159\u016f jsou doslova k nezaplacen\u00ed, proto\u017ee odhaluj\u00ed, jak\u00fdm zp\u016fsobem byla Ukrajina doslova Ukrajinc\u016fm v roce 2014 ukradena<\/strong>, odcizena a jejich prezident vlastn\u011b nen\u00ed jejich a je na v\u00fdplatn\u00ed p\u00e1sce Ameri\u010dan\u016f skrze Kolomojsk\u00e9ho, kter\u00fd z t\u00e9 pr\u016ftokov\u00e9 pra\u010dky m\u00e1 sv\u016fj\u00a0<em>cut<\/em>, tedy pod\u00edl. Ukrajinci p\u0159i\u0161li o svoji vlast v roce 2014 a ani to mo\u017en\u00e1 dosud netu\u0161\u00ed. \u010ce\u0161i a Slov\u00e1ci p\u0159i\u0161li o vlast v roce 1989, kdy\u017e jim vlast byla odcizena nadn\u00e1rodn\u00edmi korporacemi, ciz\u00edm kapit\u00e1lem a ciz\u00edmi bankami, kter\u00e9 jsou v\u0161echny v ruk\u00e1ch Domu Rothschild.<\/p>\n<h6><span style=\"font-size: 18pt;\">VIDEO: Pron\u00e9st p\u0159i pietn\u00edm aktu hrdin\u016f protifa\u0161istick\u00e9ho odboje zdravici ukrajinsk\u00fdch nacist\u016f, kte\u0159\u00ed vra\u017edili s touto zdravic\u00ed \u010cechy na Volyni, je to nejv\u011bt\u0161\u00ed chucpe<\/span><\/h6>\n<p>Proto nen\u00ed dovoleno od roku 1989, aby se \u010desk\u00fdm ob\u010dan\u016fm srovnaly mzdy se Z\u00e1padem a hlavn\u011b s N\u011bmeckem. V\u0161echno ostatn\u00ed se srovnalo, ceny zbo\u017e\u00ed, slu\u017eeb, nemovitost\u00ed, n\u00e1jm\u016f, energi\u00ed, prost\u011b \u00fapln\u011b v\u0161eho. Jenom jedna v\u011bc se nesrovnala\u2026 mzdy! Nen\u00ed toti\u017e dovoleno, Lond\u00fdn to nikdy nedovol\u00ed!\u00a0<strong>Proto se nesm\u011bjte Ukrajinc\u016fm, \u017ee v roce 2014 jim americk\u00fd nep\u0159\u00edtel ukradl vlast. N\u00e1m ukradli \u010ceskoslovensko ji\u017e v roce 1989 a od t\u00e9 doby zesiluj\u00ed procesy renacifikace<\/strong>, pov\u00e1le\u010dn\u00e9ho revizionismu a p\u0159episov\u00e1n\u00ed d\u011bjin, a to tak intenzivn\u011b, \u017ee na 80. v\u00fdro\u010d\u00ed atent\u00e1tu na Heydricha ministr vnitra v z\u00e1v\u011bru projevu pronese nacistickou banderovskou zdravici \u201c<em>Slava Ukraini!<\/em>\u201d a pam\u011btn\u00edk\u016fm by se krve v t\u011ble jeden nedo\u0159ezal.<\/p>\n<p>&nbsp;<\/p>\n<div id=\"rumble_v144nbf\">\n<div id=\"vid_v144nbf\" class=\"rumble_v144nbf-Rumble-cls\" tabindex=\"-1\">\n<div class=\"bigPlayUI ctp\">\n<div class=\"bigPlayUIInner ctp\"><div class='videoWrapper'>\r\n\t            <iframe src='https:\/\/rumble.com\/embed\/pj.v144nbf\/' frameborder='0' allowfullscreen><\/iframe>\r\n\t        <\/div><\/div>\n<\/div>\n<\/div>\n<\/div>\n<p>&nbsp;<\/p>\n<p>Toto banderovsk\u00e9 heslo, kter\u00e9 je historickou variantou nacistick\u00e9ho pozdravu \u201c<em>Sieg Heil<\/em>\u201d vzniklo v roce 1941 v politick\u00e9 frakci OUN St\u011bpana Bandery jako pozdrav, kter\u00fd m\u011bl znamenat osamostatn\u011bn\u00ed Ukrajiny od Sov\u011btsk\u00e9ho svazu, ale velmi z\u00e1hy se tento pozdrav etabloval do stra\u0161liv\u00e9 podoby pot\u00e9, co v roce 1943 prob\u011bhl masakr na Volyni. Banderovsk\u00e9 odd\u00edly UPA, kter\u00e9 se transformovaly z p\u0159edchoz\u00edho hnut\u00ed OUN, vyvra\u017e\u010fovaly cel\u00e9 vesnice, ve kter\u00fdch \u017eili Pol\u00e1ci, \u010ce\u0161i, Rus\u00edni a p\u0159edev\u0161\u00edm pol\u0161t\u00ed \u017did\u00e9, kte\u0159\u00ed na Voly\u0148 uprchli po vp\u00e1du Wehrmachtu do Polska v z\u00e1\u0159\u00ed 1939.<\/p>\n<p>Masakr na Volyni byl lok\u00e1ln\u00ed genocidou, proto\u017ee\u00a0<strong>jednotky UPA vyb\u00edjely cel\u00e9 vesnice, v\u010detn\u011b \u017een a mal\u00fdch d\u011bt\u00ed. Na vrata stodol a na dve\u0159e p\u0159itom psali pr\u00e1v\u011b tuto zdravici \u201c<em>Slava Ukraini<\/em>\u201d a kdy\u017e mordovali Pol\u00e1ky a \u010cechy, tak jim do tv\u00e1\u0159\u00ed \u0159vali pr\u00e1v\u011b tento pozdrav.<\/strong>\u00a0Banderovsk\u00fd pozdrav tak v roce 1943 z\u00edskal \u00fapln\u011b jin\u00fd v\u00fdznam a rozm\u011br, p\u0159i\u010dem\u017e po v\u00e1lce tento pozdrav d\u011bsil i obyvatele vesnic a horsk\u00fdch osad v \u010ceskoslovensku, kdy\u017e zbytky Banderovc\u016f po rozpadu UPA se sna\u017eily dostat do Rakouska, v podstat\u011b v d\u016fsledku omylu a nedostatku informac\u00ed.<\/p>\n<h6><span style=\"font-size: 18pt;\">Americk\u00e1 televize s \u010deskou licenc\u00ed zablokovala dv\u011b \u010desk\u00e9 opozi\u010dn\u00ed strany ze Superdebaty a nechala je vyv\u00e9st ze studia. Za\u010dalo to blokac\u00ed Aeronetu 25. \u00fanora, pokra\u010duje to blokac\u00ed politik\u016f z televizn\u00ed obrazovky<\/span><\/h6>\n<p>Banderovci nev\u011bd\u011bli, \u017ee Rakousko bylo v t\u00e9 dob\u011b pod okupa\u010dn\u00ed spr\u00e1vou Rud\u00e9 arm\u00e1dy a dostat se na Z\u00e1pad znamenalo proj\u00edt v Rakousku rusk\u00fdmi liniemi. V\u011bt\u0161ina Banderovc\u016f byla nakonec pozab\u00edjena Rudou arm\u00e1dou, jen hrstce se poda\u0159ilo dostat do okupa\u010dn\u00edch z\u00f3n z\u00e1padn\u00edch spojenc\u016f. Je naprosto ot\u0159esn\u00e9, \u017ee 77 let po v\u00e1lce \u010desk\u00fd ministr vnitra m\u00e1 tu drzost vypustit na pietn\u00edm aktu a uct\u011bn\u00ed pam\u00e1tky hrdin\u016f z roku 1942 tuto odpornou a d\u011bsivou zdravici. Toto hroziv\u00e9 memento pouze ukazuje, \u017ee ta vlna emigrac\u00ed z \u010cR, kter\u00e1 za\u010dala p\u0159ed n\u011bkolika t\u00fddny, nen\u00ed n\u00e1hodn\u00e1.<\/p>\n<p>Naprosto mi p\u0159ech\u00e1z\u00ed zrak, kdy\u017e jsme dostali do redakce upozorn\u011bni, \u017ee ministr vnitra pr\u00fd volal\u00a0<em>Slava Ukraini<\/em>\u00a0na pietn\u00edm aktu na pam\u00e1tku Anthropoidu. Tohle pouze ukazuje, jak\u00e9 d\u016fsledky m\u00e1 nacifikace \u010cesk\u00e9 republiky, jak\u00e9 d\u016fsledky nese\u00a0<strong>33 let destrukce n\u00e1rodn\u00ed identity na\u0161eho st\u00e1tu, kter\u00fd se propad\u00e1 nejen do vazalstv\u00ed, ale postupn\u011b se transformuje z demokratick\u00e9 a svobodn\u00e9 zem\u011b do neonacistick\u00e9ho st\u00e1tu<\/strong>, kde nejen blokuj\u00ed weby a svobodu projevu, ale u\u017e ani nedovoluj\u00ed, aby opozi\u010dn\u00ed politici kladli \u010dlen\u016fm vl\u00e1dy ot\u00e1zky v televizi. Ano, je to tak!<\/p>\n<p><iframe loading=\"lazy\" src=\"https:\/\/www.youtube.com\/embed\/IpMTov_vWPE?feature=oembed\" width=\"100%\" height=\"394\" frameborder=\"0\" allowfullscreen=\"allowfullscreen\" data-mce-fragment=\"1\"><\/iframe><\/p>\n<p>Americk\u00e1 televize s \u010deskou licenc\u00ed CNN Prima News toti\u017e minul\u00fd t\u00fdden p\u0159edvedla n\u011bco, co od roku 1989 na\u0161e zem\u011b nepamatuje. Televize p\u00e1r minut p\u0159ed za\u010d\u00e1tkem politick\u00e9 Superdebaty vyvedla ze s\u00e1lu z\u00e1stupce dvou politick\u00fdch opozi\u010dn\u00edch stran, z\u00e1stupce Trikolory a P\u0159\u00edsahy, proto\u017ee\u00a0<strong>dva politici vl\u00e1dn\u00ed koalice, Marian Jure\u010dka (KDU-\u010cSL) a Martin Kupka (ODS), toti\u017e prohl\u00e1sili, \u017ee pokud budou v publiku z\u00e1stupci Trikolory a P\u0159\u00edsahy, tak odejdou ze studia.<\/strong>\u00a0A serviln\u00ed americk\u00e1 televize s \u010deskou licenc\u00ed jim vy\u0161la vst\u0159\u00edc. Zuzana Majerov\u00e1 z Trikolory\u00a0<strong>[<a href=\"https:\/\/href.li\/?https:\/\/www.facebook.com\/volimtrikoloru\/videos\/vyj%C3%A1d%C5%99en%C3%AD-p%C5%99edsedkyn%C4%9B-trikolory-zuzany-majerov%C3%A9\/737458260631491\/\" target=\"_blank\" rel=\"nofollow noopener\">1<\/a>]<\/strong>\u00a0a Robert \u0160lachta z P\u0159\u00edsahy\u00a0<strong>[<a href=\"https:\/\/href.li\/?https:\/\/www.facebook.com\/robertslachtaofficial\/videos\/pro%C4%8D-se-n%C3%A1s-vl%C3%A1da-boj%C3%AD\/961680251169002\" target=\"_blank\" rel=\"nofollow noopener\">2<\/a>]<\/strong>\u00a0na to hned reagovali. Pane\u010dku, u\u017e to ch\u00e1pete?<\/p>\n<p>Co jsem \u0159\u00edkal 25. \u00fanora na r\u00e1diu? Pamatujete? Za\u010dne to blokov\u00e1n\u00edm web\u016f jako je Aeronet a brzy dojde na blokov\u00e1n\u00ed politik\u016f. No, vid\u00edte, trvalo to 3 m\u011bs\u00edce a do\u0161lo na moje slova. To je rychlost. Nacifikace proces\u016f a um\u00edr\u00e1n\u00ed dialogu a demokracie v \u010cR. A to je pouze za\u010d\u00e1tek. Ukrajinci ztratili svoji zemi a\u017e v roce 2014, ale my jsme o ni p\u0159i\u0161li u\u017e p\u0159ed 33 lety a jsme na tom \u00fapln\u011b stejn\u011b, vlastn\u011b mo\u017en\u00e1 je\u0161t\u011b h\u016f\u0159. Americk\u00e1 televize s \u010deskou licenc\u00ed cenzuruje v politick\u00e9m dialogu v r\u00e1mci debaty z\u00e1stupce \u010desk\u00e9 opozice. Takov\u00e1 je realita v roce 2022, v roce 3 zmij\u00ed.<\/p>\n<p>-VK- \u0160\u00e9fredaktor AE News<\/p>\n<p><a href=\"https:\/\/aeronet.news\/video-ukrajinsti-vojaci-natocili-v-ruskem-zajeti-vzkaz-pro-zelenskeho-a-polozili-mu-dotaz-proc-se-kyjev-pri-vymenach-zajatcu-zajima-jen-o-cleny-neonacistickeho-praporu-azov\/\">ZDROJ<\/a><\/p>\n<p>&nbsp;<\/p>\n","protected":false},"excerpt":{"rendered":"<p>Ukrajin\u0161t\u00ed voj\u00e1ci nato\u010dili v rusk\u00e9m zajet\u00ed vzkaz pro Zelensk\u00e9ho a polo\u017eili mu dotaz, pro\u010d se&#8230;<\/p>\n","protected":false},"author":2,"featured_media":11080,"comment_status":"closed","ping_status":"closed","sticky":false,"template":"","format":"standard","meta":[],"categories":[7],"tags":[26,321,2101,2415,1000],"_links":{"self":[{"href":"https:\/\/www.infokuryr.cz\/n\/wp-json\/wp\/v2\/posts\/11079"}],"collection":[{"href":"https:\/\/www.infokuryr.cz\/n\/wp-json\/wp\/v2\/posts"}],"about":[{"href":"https:\/\/www.infokuryr.cz\/n\/wp-json\/wp\/v2\/types\/post"}],"author":[{"embeddable":true,"href":"https:\/\/www.infokuryr.cz\/n\/wp-json\/wp\/v2\/users\/2"}],"replies":[{"embeddable":true,"href":"https:\/\/www.infokuryr.cz\/n\/wp-json\/wp\/v2\/comments?post=11079"}],"version-history":[{"count":0,"href":"https:\/\/www.infokuryr.cz\/n\/wp-json\/wp\/v2\/posts\/11079\/revisions"}],"wp:featuredmedia":[{"embeddable":true,"href":"https:\/\/www.infokuryr.cz\/n\/wp-json\/wp\/v2\/media\/11080"}],"wp:attachment":[{"href":"https:\/\/www.infokuryr.cz\/n\/wp-json\/wp\/v2\/media?parent=11079"}],"wp:term":[{"taxonomy":"category","embeddable":true,"href":"https:\/\/www.infokuryr.cz\/n\/wp-json\/wp\/v2\/categories?post=11079"},{"taxonomy":"post_tag","embeddable":true,"href":"https:\/\/www.infokuryr.cz\/n\/wp-json\/wp\/v2\/tags?post=11079"}],"curies":[{"name":"wp","href":"https:\/\/api.w.org\/{rel}","templated":true}]}}