{"id":11061,"date":"2022-05-30T05:35:51","date_gmt":"2022-05-30T03:35:51","guid":{"rendered":"http:\/\/www.infokuryr.cz\/n\/?p=11061"},"modified":"2022-05-30T06:16:21","modified_gmt":"2022-05-30T04:16:21","slug":"nemecky-reformni-homosexualni-rabin-walter-homolka-rezignoval-kvuli-sexualnimu-obtezovani-studentu-rabinskeho-seminare-jeho-manzelem","status":"publish","type":"post","link":"https:\/\/www.infokuryr.cz\/n\/2022\/05\/30\/nemecky-reformni-homosexualni-rabin-walter-homolka-rezignoval-kvuli-sexualnimu-obtezovani-studentu-rabinskeho-seminare-jeho-manzelem\/","title":{"rendered":"N\u011bmeck\u00fd reformn\u00ed homosexu\u00e1ln\u00ed rab\u00edn Walter Homolka rezignoval kv\u016fli sexu\u00e1ln\u00edmu obt\u011b\u017eov\u00e1n\u00ed student\u016f rab\u00ednsk\u00e9ho semin\u00e1\u0159e jeho \u201eman\u017eelem\u201c"},"content":{"rendered":"<div id=\"fb-root\"><\/div>\n<p>Sexu\u00e1ln\u00ed skand\u00e1ly se nevyh\u00fdbaj\u00ed ani mu\u017e\u016fm v\u00edry, kte\u0159\u00ed by m\u011bli j\u00edt sv\u00fdm chov\u00e1n\u00edm p\u0159\u00edkladem. Nejsou to jen katoli\u010dt\u00ed kn\u011b\u017e\u00ed, muslim\u0161t\u00ed im\u00e1mi, ale i \u017eidov\u0161t\u00ed rab\u00edni.<\/p>\n<p>V N\u011bmecku maj\u00ed \u010derstv\u011b tragikomick\u00fd skand\u00e1l.\u00a0<a href=\"https:\/\/www.jpost.com\/diaspora\/article-706207\">Tam\u011bj\u0161\u00ed reformn\u00ed rab\u00edn v Postupimi Walter Homolka,<\/a>\u00a0kter\u00fd \u017e<strong>ije v homosexu\u00e1ln\u00edm man\u017eelstv\u00ed s jedn\u00edm pedagogem z Postupimsk\u00e9 univerzity, odstoupil ze v\u0161ech n\u00e1bo\u017eensk\u00fdch a pedagogick\u00fdch funkc\u00ed kv\u016fli sexu\u00e1ln\u00edmu skand\u00e1lu. Jeho \u201eman\u017eel\u201c toti\u017e pos\u00edlal rab\u00ednovo student\u016fm videa ztopo\u0159en\u00e9ho penisu a \u00fadajn\u011b se s rab\u00ednem dopou\u0161t\u011bl i jin\u00e9ho sexu\u00e1ln\u00edho n\u00e1tlaku na studenty a \u010dleny kongregace.<\/strong>\u00a0Homolka p\u016fsobil jako vedouc\u00ed rab\u00ednsk\u00e9ho semin\u00e1\u0159e v Postupimi a vedl tam\u011bj\u0161\u00ed liber\u00e1ln\u00ed n\u00e1bo\u017eenskou obec. Rab\u00edn Homolka byl rovn\u011b\u017e nositelem \u0159ady vyznamen\u00e1n\u00ed a \u010destn\u00fdch titul\u016f.<\/p>\n<p>Skand\u00e1l vyvolal znepokojen\u00ed \u017eidovsk\u00e9 komunity v N\u011bmecku a ta nyn\u00ed o\u010dek\u00e1v\u00e1, \u017ee vedouc\u00ed p\u0159edstavitel\u00e9 obce v\u0161e rychle vy\u0159e\u0161\u00ed.<\/p>\n<p>Je trochu zvl\u00e1\u0161t\u011b,\u00a0<strong>\u017ee u rab\u00edna Homolky l\u00e9ta nevadila jeho otev\u0159en\u011b homosexu\u00e1ln\u00ed orientace, kdy\u017e \u017eidovsk\u00e1 Tora j\u00ed p\u0159\u00edmo zakazuje. Podobn\u00e9 pokrytectv\u00ed ale provozuje i katolick\u00e1 c\u00edrkev<\/strong>, tak\u017ee je to asi v podobn\u00fdch organizac\u00edch b\u011b\u017en\u00fd jev.<\/p>\n<p><a href=\"https:\/\/ceskavec.com\/2022\/05\/nemecky-reformni-homosexualni-rabin-walter-homolka-rezignoval-kvuli-sexualnimu-obtezovani\">ZDROJ<\/a><\/p>\n<p>&nbsp;<\/p>\n","protected":false},"excerpt":{"rendered":"<p>Sexu\u00e1ln\u00ed skand\u00e1ly se nevyh\u00fdbaj\u00ed ani mu\u017e\u016fm v\u00edry, kte\u0159\u00ed by m\u011bli j\u00edt sv\u00fdm chov\u00e1n\u00edm p\u0159\u00edkladem. Nejsou&#8230;<\/p>\n","protected":false},"author":2,"featured_media":11069,"comment_status":"closed","ping_status":"closed","sticky":false,"template":"","format":"standard","meta":[],"categories":[7],"tags":[2485,241,793,1199],"_links":{"self":[{"href":"https:\/\/www.infokuryr.cz\/n\/wp-json\/wp\/v2\/posts\/11061"}],"collection":[{"href":"https:\/\/www.infokuryr.cz\/n\/wp-json\/wp\/v2\/posts"}],"about":[{"href":"https:\/\/www.infokuryr.cz\/n\/wp-json\/wp\/v2\/types\/post"}],"author":[{"embeddable":true,"href":"https:\/\/www.infokuryr.cz\/n\/wp-json\/wp\/v2\/users\/2"}],"replies":[{"embeddable":true,"href":"https:\/\/www.infokuryr.cz\/n\/wp-json\/wp\/v2\/comments?post=11061"}],"version-history":[{"count":0,"href":"https:\/\/www.infokuryr.cz\/n\/wp-json\/wp\/v2\/posts\/11061\/revisions"}],"wp:featuredmedia":[{"embeddable":true,"href":"https:\/\/www.infokuryr.cz\/n\/wp-json\/wp\/v2\/media\/11069"}],"wp:attachment":[{"href":"https:\/\/www.infokuryr.cz\/n\/wp-json\/wp\/v2\/media?parent=11061"}],"wp:term":[{"taxonomy":"category","embeddable":true,"href":"https:\/\/www.infokuryr.cz\/n\/wp-json\/wp\/v2\/categories?post=11061"},{"taxonomy":"post_tag","embeddable":true,"href":"https:\/\/www.infokuryr.cz\/n\/wp-json\/wp\/v2\/tags?post=11061"}],"curies":[{"name":"wp","href":"https:\/\/api.w.org\/{rel}","templated":true}]}}