{"id":11059,"date":"2022-05-30T05:23:00","date_gmt":"2022-05-30T03:23:00","guid":{"rendered":"http:\/\/www.infokuryr.cz\/n\/?p=11059"},"modified":"2022-05-30T05:23:00","modified_gmt":"2022-05-30T03:23:00","slug":"expert-zhodnotil-moznost-utoku-polska-na-ruskou-armadu","status":"publish","type":"post","link":"https:\/\/www.infokuryr.cz\/n\/2022\/05\/30\/expert-zhodnotil-moznost-utoku-polska-na-ruskou-armadu\/","title":{"rendered":"Expert zhodnotil mo\u017enost \u00fatoku Polska na ruskou arm\u00e1du"},"content":{"rendered":"<div id=\"fb-root\"><\/div>\n<div class=\"article__header\">\n<div class=\"article__announce-text\">Var\u0161ava neriskne \u00fatok na ruskou arm\u00e1du kv\u016fli strachu z odvetn\u00e9ho \u00fatoku, \u0159ekl v rozhovoru pro port\u00e1l Ukrajina.ru plukovn\u00edk ve v\u00fdslu\u017eb\u011b Gennadij Alechin. Vojensk\u00fd expert nep\u0159ipou\u0161t\u00ed, \u017ee se Polsko p\u0159\u00edmo nebo sv\u00fdmi proxy s\u00edlami pokus\u00ed za\u00fato\u010dit na rusk\u00e9 ozbrojen\u00e9 s\u00edly.<\/p>\n<\/div>\n<\/div>\n<div class=\"article__body\">\n<div class=\"article__block\" data-type=\"text\">\n<div class=\"article__text\">\u201eJsou to absolutn\u011b<strong>\u00a0propaga\u010dn\u00ed prohl\u00e1\u0161en\u00ed<\/strong>\u00a0neadekv\u00e1tn\u00edch polsk\u00fdch a ukrajinsk\u00fdch l\u00eddr\u016f. Polsko nikam nevpadne, neodv\u00e1\u017e\u00ed se,\u201c \u0159ekl plukovn\u00edk ve v\u00fdslu\u017eb\u011b Gennadij Alechin.<\/div>\n<\/div>\n<div class=\"article__block\" data-type=\"text\">\n<div class=\"article__text\">Zkritizoval rovn\u011b\u017e v\u00fdroky ukrajinsk\u00e9ho velvyslance v Polsku Andrije De\u0161icy o \u00fadajn\u011b p\u0159ipravovan\u00e9m \u00fatoku Ruska na tuto zemi.<\/p>\n<\/div>\n<\/div>\n<div class=\"article__block\" data-type=\"text\">\n<div class=\"article__text\">Mluv\u010d\u00ed rusk\u00e9ho ministerstva zahrani\u010d\u00ed Maria Zacharovov\u00e1 p\u0159edt\u00edm prohl\u00e1sila, \u017ee fakta sv\u011bd\u010d\u00ed o tom, \u017ee Polsko m\u00e1 pl\u00e1ny ohledn\u011b expanze na Ukrajinu, a \u017ee nav\u00e1z\u00e1n\u00ed toho na akce Moskvy je pouhou z\u00e1minkou.<\/p>\n<\/div>\n<\/div>\n<div class=\"article__block\" data-type=\"text\">\n<div class=\"article__text\">Od poloviny \u00fanora se na Donbasu zhor\u0161ila situace kv\u016fli ost\u0159elov\u00e1n\u00ed ze strany ukrajinsk\u00fdch voj\u00e1k\u016f. \u00da\u0159ady Don\u011bck\u00e9 a Luhansk\u00e9 lidov\u00e9 republiky se obr\u00e1tily na Moskvu o pomoc a zorganizovaly evakuaci civilist\u016f do RF. Rusk\u00fd prezident Vladimir Putin podepsal 21. \u00fanora v\u00fdnos o uzn\u00e1n\u00ed nez\u00e1vislosti republik a 24. \u00fanora ozn\u00e1mil zah\u00e1jen\u00ed speci\u00e1ln\u00ed operaci na ochranu Donbasu.<\/p>\n<p><a href=\"https:\/\/cz.sputniknews.com\/20220529\/expert-zhodnotil-moznost-utoku-polska-na-ruskou-armadu-18329749.html\">ZDROJ<\/a><\/p>\n<\/div>\n<\/div>\n<\/div>\n","protected":false},"excerpt":{"rendered":"<p>Var\u0161ava neriskne \u00fatok na ruskou arm\u00e1du kv\u016fli strachu z odvetn\u00e9ho \u00fatoku, \u0159ekl v rozhovoru pro&#8230;<\/p>\n","protected":false},"author":2,"featured_media":8196,"comment_status":"closed","ping_status":"closed","sticky":false,"template":"","format":"standard","meta":[],"categories":[7],"tags":[31,22,26],"_links":{"self":[{"href":"https:\/\/www.infokuryr.cz\/n\/wp-json\/wp\/v2\/posts\/11059"}],"collection":[{"href":"https:\/\/www.infokuryr.cz\/n\/wp-json\/wp\/v2\/posts"}],"about":[{"href":"https:\/\/www.infokuryr.cz\/n\/wp-json\/wp\/v2\/types\/post"}],"author":[{"embeddable":true,"href":"https:\/\/www.infokuryr.cz\/n\/wp-json\/wp\/v2\/users\/2"}],"replies":[{"embeddable":true,"href":"https:\/\/www.infokuryr.cz\/n\/wp-json\/wp\/v2\/comments?post=11059"}],"version-history":[{"count":0,"href":"https:\/\/www.infokuryr.cz\/n\/wp-json\/wp\/v2\/posts\/11059\/revisions"}],"wp:featuredmedia":[{"embeddable":true,"href":"https:\/\/www.infokuryr.cz\/n\/wp-json\/wp\/v2\/media\/8196"}],"wp:attachment":[{"href":"https:\/\/www.infokuryr.cz\/n\/wp-json\/wp\/v2\/media?parent=11059"}],"wp:term":[{"taxonomy":"category","embeddable":true,"href":"https:\/\/www.infokuryr.cz\/n\/wp-json\/wp\/v2\/categories?post=11059"},{"taxonomy":"post_tag","embeddable":true,"href":"https:\/\/www.infokuryr.cz\/n\/wp-json\/wp\/v2\/tags?post=11059"}],"curies":[{"name":"wp","href":"https:\/\/api.w.org\/{rel}","templated":true}]}}